{"id":400981,"date":"2025-09-18T22:38:30","date_gmt":"2025-09-18T22:38:30","guid":{"rendered":"https:\/\/www.europesays.com\/fr\/400981\/"},"modified":"2025-09-18T22:38:30","modified_gmt":"2025-09-18T22:38:30","slug":"journees-du-patrimoine-2025-que-faire-a-lille-sans-reservation","status":"publish","type":"post","link":"https:\/\/www.europesays.com\/fr\/400981\/","title":{"rendered":"Journ\u00e9es du Patrimoine 2025 : Que Faire \u00e0 Lille sans r\u00e9servation ?"},"content":{"rendered":"<p style=\"text-align: justify;\"><strong>Journ\u00e9es Europ\u00e9ennes du Patrimoine \u00e0 Lille, <\/strong><strong>vendredi 19, samedi 20 et dimanche 21 septembre 2025.<\/strong> Cette ann\u00e9e, de nombreuses <strong>visites guid\u00e9es, balades et animations<\/strong> seront plac\u00e9es sous le th\u00e8me <strong>\u00ab\u00a0Patrimoine Architecturale\u00a0\u00bb. <\/strong>Vous n\u2019avez pas vos billets pour visiter les monuments des Journ\u00e9es du Patrimoine \u00e0 Lille ? Pas de panique ! <strong>De nombreux lieux sont accessibles sans r\u00e9servation. <\/strong><strong>Zoom Sur Lille vous dresse une s\u00e9lection.<\/strong><\/p>\n<p><strong>Au programme<\/strong><br \/>Bois-Blanc<br \/><strong>Espace \u00c9douard Pignon<\/strong><br \/>11, rue Guillaume Tell<br \/><strong>Exposition r\u00e9trospective \u00ab\u00a0L\u2019Espace Pignon f\u00eate ses 30 ans !\u00a0\u00bb : <\/strong>vendredi 19h (vernissage), samedi de 10h \u00e0 12h et de 14h \u00e0 18h &amp; dimanche de 14h \u00e0 18h <br \/><strong>Lancement de l\u2019artoth\u00e8que :<\/strong> samedi de 10h \u00e0 12h<br \/><strong>Atelier participatif d\u2019art mural : am\u00e8ne ta brique \u00e0 l\u2019\u00e9difice :<\/strong> samedi de 15h \u00e0 18h<\/p>\n<p><strong>Euratechnologies<\/strong><br \/>165, avenue de Bretagne<br \/><strong>Visites libre de l\u2019atrium :<\/strong> samedi de 10h \u00e0 12h &amp; de 14h \u00e0 18h<\/p>\n<p><strong>M\u00e9diath\u00e8que des Bois-Blancs<\/strong><br \/>36, avenue Marx Dormoy<br \/><strong>Malles de jeux autour de la ville pour les enfants, \u00e0 exp\u00e9rimenter librement ! :<\/strong> samedi de 10h \u00e0 13h &amp; de 14h \u00e0 18h<\/p>\n<p><strong>Th\u00e9\u00e2tre des Bois-Blancs<\/strong><br \/>36, avenue Marx Dormoy<br \/><strong>Atelier d\u2019arts graphiques :<\/strong> samedi de 14h30 \u00e0 18h<br \/><strong>Fresque participative :<\/strong> samedi de 14h30 \u00e0 18h<\/p>\n<p><a href=\"https:\/\/www.zoomsurlille.fr\/wp-content\/uploads\/2022\/09\/jep_2022_euratechnologies.jpg\" target=\"_blank\" rel=\"noopener nofollow\"><img loading=\"lazy\" decoding=\"async\" width=\"1024\" height=\"683\" src=\"https:\/\/www.europesays.com\/fr\/wp-content\/uploads\/2025\/09\/jep_2022_euratechnologies-1024x683.jpg\" alt=\"\" class=\"wp-image-65857\" style=\"width:512px;height:342px\"  \/><\/a><\/p>\n<p>Centre<br \/><strong>\u00c9glise Anglicane \u2013 Christ Church<\/strong>  <br \/>14, rue Lyd\u00e9ric<br \/><strong>Visites libres :<\/strong> samedi de 14h \u00e0 17h<\/p>\n<p><strong>\u00c9glise Saint \u00c9tienne<\/strong> <br \/>47, rue de l\u2019H\u00f4pital Militaire<br \/><strong>Visites libres de l\u2019\u00e9glise :<\/strong> samedi &amp; dimanche de 11h \u00e0 18h<br \/><strong>Visites flash de l\u2019\u00e9glise :<\/strong> samedi &amp; dimanche \u00e0 14h et \u00e0 15h<br \/><strong>Visites en anglais de l\u2019\u00e9glise :<\/strong> dimanche \u00e0 16h<\/p>\n<p><strong>\u00c9glise Saint-Maurice<\/strong> <br \/>Parvis Saint-Maurice<br \/><strong>Visite libre de l\u2019\u00e9glise :<\/strong> samedi &amp; dimanche de 11h \u00e0 18h<br \/><strong>Visite flash de l\u2019\u00e9glise :<\/strong> samedi &amp; dimanche \u00e0 14h et 15h<\/p>\n<p><strong>H\u00f4tel d\u2019Hailly D\u2019Aigremont<\/strong> <br \/>45, rue de Roubaix<br \/><strong>Visites libres :<\/strong> samedi &amp; dimanche de 13h30 \u00e0 17h30<\/p>\n<p><strong>Mairie de Lille<\/strong> <br \/>Place Augustin Laurent<br \/><strong>Concert Couleur du temps :<\/strong> vendredi de 19h30 \u00e0 20h30<br \/><strong>Spectacle \u00ab\u00a0Le Grand combat des g\u00e9ants\u00a0\u00bb :<\/strong> samedi \u00e0 17h<br \/><strong>Atelier \u00e0 la d\u00e9couverte du vid\u00e9o mapping :<\/strong> samedi de 14h \u00e0 17h<br \/><strong>Pr\u00e9sentation de documents originaux autour des f\u00eates et des g\u00e9ants de la Ville de Lille :<\/strong> samedi de 14h \u00e0 18h<br \/><strong>Exposition \u00ab\u00a0Les mini-g\u00e9ants des quartiers\u00a0\u00bb :<\/strong> samedi de 14h \u00e0 18h<\/p>\n<p><strong>Mairie de quartier Lille-Centre<\/strong><br \/>31, rue des Foss\u00e9s<br \/><strong>Exposition \u00ab\u00a0Le Palais des Beaux-Arts : un mus\u00e9e ouvert sur la ville et les lillois\u00a0\u00bb :<\/strong> samedi &amp; dimanche de 10h \u00e0 17h<br \/><strong>Cycle de conf\u00e9rence sur l\u2019architecture lilloise :<\/strong> dimanche de 14h \u00e0 17h<\/p>\n<p><strong>Gare Saint Sauveur <\/strong><br \/>17, boulevard Jean-Baptiste Lebas<br \/><strong>Exposition \u00ab\u00a0Institut Grand Festif \u2013 La Briche Foraine\u00a0\u00bb :<\/strong> samedi &amp; dimanche de 12h \u00e0 19h<\/p>\n<p><strong>H\u00f4tel Scrive<\/strong> <br \/>3, rue Lombard<br \/><strong>Visite libre de l\u2019H\u00f4tel Scrive et pr\u00e9sentation des m\u00e9tiers du patrimoine et de la DRAC Hauts-de-France :<\/strong> dimanche de 10h \u00e0 12h et de 14h \u00e0 17h<\/p>\n<p><strong>Mus\u00e9e de l\u2019Institut Pasteur de Lille<\/strong> <br \/>18, boulevard Louis XIV<br \/><strong>Visites libres :<\/strong> dimanche de 9h \u00e0 13h et de 14h \u00e0 17h30<\/p>\n<p><strong>Mus\u00e9e des \u00e9coles <\/strong><br \/>2, rue Fr\u00e9d\u00e9ric Mottez<br \/><strong>Exposition \u00ab\u00a0100\u00e8me anniversaire de la 1\u00e8re \u00e9lection de Roger Salengro, Maire de Lille\u00a0\u00bb :<\/strong> samedi &amp; dimanche de 10h \u00e0 18h<br \/><strong>Exposition \u00ab\u00a0Beffroi de Lille : 20\u00e8me anniversaire de l\u2019inscription au patrimoine mondial de l\u2019Unesco\u00a0\u00bb :<\/strong> samedi &amp; dimanche de 10h \u00e0 18h<br \/><strong>Exposition \u00ab\u00a0La r\u00e9clame par les buvards\u00a0\u00bb et atelier de cr\u00e9ation de buvards :<\/strong> samedi &amp; dimanche de 10h \u00e0 18h<br \/><strong>Animations : dict\u00e9e \u00e0 l\u2019encre, quiz, livret de jeux et visite libre du mus\u00e9e :<\/strong> samedi &amp; dimanche de 10h \u00e0 18h<br \/><strong>Animations : jeux flamands au jardin :<\/strong> samedi &amp; dimanche de 10h \u00e0 18h<\/p>\n<p><strong>Le TriPostal<\/strong> <br \/>22, avenue Willy Brandt<br \/><strong>Exposition \u00ab\u00a0Pom Pom Pidou : un r\u00e9cit renversant de l\u2019art moderne\u00a0\u00bb :<\/strong> samedi &amp; dimanche de 11h \u00e0 18h  <\/p>\n<p><img loading=\"lazy\" decoding=\"async\" width=\"1024\" height=\"683\" src=\"https:\/\/www.europesays.com\/fr\/wp-content\/uploads\/2025\/09\/art_lille3000_fiesta_pompompidou_01-1024x683.jpg\" alt=\"\" class=\"wp-image-85052\" style=\"aspect-ratio:1.499267935578331;width:512px\"  \/><\/p>\n<p><strong>Op\u00e9ra de Lille<\/strong> <br \/>Place du Th\u00e9\u00e2tre<br \/><strong>Parade dans la ville :<\/strong> samedi \u00e0 13h<br \/><strong>Parade en grande salle : \u00c9rik<\/strong> <strong>Satie sur un livret de Jean Cocteau :<\/strong> samedi \u00e0 14h30, 15h30 et 16h30, dimanche 14h, 15h et 16h<br \/><strong>Parade \u00e0 tous les \u00e9tages : <\/strong>samedi de 14h \u00e0 17h30, dimanche de 13h30 \u00e0 17h 16h<br \/><strong>Concert Streamboat Switzerland : <\/strong>samedi \u00e0 21h<\/p>\n<p><strong>Palais Rameau\u00a0<\/strong><br \/>39, boulevard Vauban<br \/><strong>Visites libres :<\/strong> samedi de 10h \u00e0 17h30<\/p>\n<p><strong>Sciences Po Lille<\/strong> <br \/>9, rue Auguste Angellier<br \/><strong>Visites libres de Sciences Po Lille et de sa biblioth\u00e8que <\/strong>: samedi de 10h \u00e0 18h<\/p>\n<p><strong>Th\u00e9\u00e2tre du Nord<\/strong> <br \/>4, place du G\u00e9n\u00e9ral de Gaulle<br \/><strong>Visites libres \u00ab\u00a0Grand Hall et exposition de l\u2019Institut pour la Photographie\u00a0\u00bb :<\/strong> samedi de 13h30 \u00e0 18h &amp; dimanche de 13h30 \u00e0 18h<\/p>\n<p><strong>Palais des Beaux-Arts de Lille<\/strong><br \/>Place de la R\u00e9publique<br \/><strong>Exposition \u00ab\u00a0Une Petite histoire de g\u00e9ants \u2013 La l\u00e9gende de Lyd\u00e9ric et Phinaert :<\/strong> samedi &amp; dimanche de 10h \u00e0 18h<br \/><strong>Ar(t)-chitecture : livret-d\u00e9couverte du b\u00e2timent \u2013 En autonomie :<\/strong> samedi &amp; dimanche de 10h \u00e0 18h <br \/><strong>Atelier d\u2019arts plastiques : explorer l\u2019architecture et les chefs-d\u2019\u0153uvre du mus\u00e9e :<\/strong> samedi &amp; dimanche de 14h \u00e0 18h<br \/><strong>Chasse aux tr\u00e9sors : les secrets cach\u00e9s de la collection du Palais des Beaux-Arts \u2013 En autonomie :<\/strong> samedi &amp; dimanche de 10h \u00e0 18h<br \/><strong>Secrets d\u2019ateliers : les secrets de fabrication des g\u00e9ants :<\/strong> samedi &amp; dimanche \u00e0 14h30 et 16h30<\/p>\n<p><img decoding=\"async\" loading=\"lazy\" width=\"819\" height=\"1024\" src=\"https:\/\/www.europesays.com\/fr\/wp-content\/uploads\/2025\/08\/pba_petite_histoire_geants_02-819x1024.jpg\" alt=\"\" class=\"wp-image-86526\" style=\"aspect-ratio:0.7998046875;width:512px\"  \/><\/p>\n<p><strong>Place de la R\u00e9publique<\/strong><br \/>Place de la R\u00e9publique<br \/><strong>Spectacle de marionnettes :<\/strong> dimanche \u00e0 14h<br \/><strong>Conte musical Les Petites souris : <\/strong>dimanche \u00e0 15h <br \/><strong>Concert de Jef Kino :<\/strong> dimanche \u00e0 16h\u00a0<br \/><strong>Escape game : le matrimoine :<\/strong> dimanche de 14h \u00e0 17h<\/p>\n<p><strong>Maison des Mobilit\u00e9s Durables<\/strong><br \/>Place Fran\u00e7ois Mitterrand<br \/><strong>Visite libre :<\/strong> samedi &amp; dimanche de 10h \u00e0 18h<strong><br \/><\/strong><\/p>\n<p>Faubourg de B\u00e9thune<br \/><strong>Archives D\u00e9partementales du Nord<\/strong><br \/>22, rue Saint Bernard<br \/><strong>Exposition \u00ab\u00a0Architectures en Nord\u00ab\u00a0\u00a0:<\/strong> samedi de 14h \u00e0 19h &amp; dimanche de 10h \u00e0 18h<br \/><strong>Exposition \u00ab\u00a0Urbs, \u00e9l\u00e9ments d\u2019une ville romaine\u00a0\u00bb :<\/strong> samedi de 14h \u00e0 19h &amp; dimanche de 10h \u00e0 18h<\/p>\n<p>Fives<br \/><strong>\u00c9glise Notre-Dame de Fives\u00a0<\/strong><br \/>6, place du Prieur\u00e9<br \/><strong>Visites guid\u00e9e de l\u2019\u00e9glise :<\/strong> samedi \u00e0 10h et 15h &amp; dimanche \u00e0 15h<\/p>\n<p><strong>Salle des F\u00eates de Fives<\/strong><br \/>91, rue de Lannoy<br \/><strong>Exposition photo \u00ab\u00a0Les estaminets \u00e0 Fives\u00a0\u00bb :<\/strong> vendredi \u00e0 19h (vernissage), samedi de 9h30 \u00e0 18h &amp; dimanche de 9h30 \u00e0 18h<\/p>\n<p><strong>Las\u00e9cu<\/strong><br \/>26, rue Bourjembois<br \/><strong>Exposition \u00ab\u00a0Tout nu\u00a0\u00bb :<\/strong> vendredi &amp; samedi 14h \u00e0 19h <\/p>\n<p><strong>M\u00e9diath\u00e8que de Fives<\/strong><br \/>18, rue Bourjembois<br \/><strong>Mise en valeur d\u2019albums jeunesse, de documentaires et de livres d\u2019art sur l\u2019architecture : <\/strong>samedi de 10h \u00e0 13h de 14h \u00e0 18h<\/p>\n<p>Lille-Sud<br \/><strong>La Grande Mosqu\u00e9e<\/strong><br \/>59, rue de Marquillies<br \/><strong>D\u00e9couverte de la mosqu\u00e9e de Lille :<\/strong> samedi de 14h30 \u00e0 16h30<\/p>\n<p><strong>M\u00e9diath\u00e8que de Lille-Sud<\/strong><br \/>11, rue de l\u2019Asie<br \/><strong>Exposition photo \u00ab\u00a0La m\u00e9diath\u00e8que de Lille-Sud et son quartier, une architecture \u00e0 d\u00e9couvrir :<\/strong> samedi de 10h \u00e0 13h et de 14h \u00e0 18h<br \/><strong>F\u00eate du livre : ateliers, jeux, lectures et braderie jeunesse :<\/strong> samedi de 10h \u00e0 13h et de 14h \u00e0 18h<\/p>\n<p>Moulins<br \/><strong>Cin\u00e9ma L\u2019Univers<\/strong> <br \/>16, rue Georges Danton<br \/><strong>Visite guid\u00e9e \u00ab\u00a0du cin\u00e9ma et du laboratoire argentique\u00a0\u00bb :<\/strong> samedi de 10h \u00e0 19h<\/p>\n<p><strong>Lyc\u00e9e Baggio<\/strong> <br \/>332, boulevard d\u2019Alsace<br \/><strong>Visites guid\u00e9e \u00ab\u00a0Histoire du lyc\u00e9e et ses formations\u00a0\u00bb :<\/strong> samedi de 9h \u00e0 12h et de 13h \u00e0 16h<\/p>\n<p><strong>Maison Folie Moulins<\/strong> <br \/>47, rue d\u2019Arras<br \/><strong>Fresque participative au mus\u00e9e num\u00e9rique :<\/strong> samedi &amp; dimanche de 15h \u00e0 18h<br \/><strong>Exposition \u00ab\u00a0Fuego Y Veneno\u00a0\u00bb :<\/strong> samedi &amp; dimanche de 15h \u00e0 19h<\/p>\n<p><img decoding=\"async\" loading=\"lazy\" width=\"1024\" height=\"678\" src=\"https:\/\/www.europesays.com\/fr\/wp-content\/uploads\/2025\/09\/maison_folie_moulins-1024x678.jpg\" alt=\"\" class=\"wp-image-44051\" style=\"aspect-ratio:1.5103244837758112;width:512px\"  \/><\/p>\n<p><strong>M\u00e9diath\u00e8que Lille-Moulins<\/strong> <br \/>8, all\u00e9e de la Filature<br \/><strong>Mise en valeur d\u2019albums jeunesse, de documentaires et de livres d\u2019art sur l\u2019architecture :<\/strong> vendredi de 14h \u00e0 18h, samedi de 10h \u00e0 13h et de 14h \u00e0 18h<br \/><strong>Exposition \u00ab\u00a0L\u2019habitat \u00e0 Moulins de la cour\u00e9e \u00e0 l\u2019h\u00f4tel particulier\u00a0\u00bb :<\/strong> samedi de 10h \u00e0 13h et de 14h \u00e0 18h<\/p>\n<p><strong>Place Jacques Febvrier\u00a0<\/strong><br \/><strong>Atelier participatif : d\u00e9couverte du torchis comme mat\u00e9riau de construction :<\/strong> samedi de 13h30 \u00e0 17h30<\/p>\n<p>Saint-Maurice Pellevoisin<br \/><strong>Couvent des Dominicains Saint Thomas d\u2019Aquin<\/strong><br \/>7, avenue Salomon<br \/><strong>Visite guid\u00e9e du b\u00e2timent et d\u00e9couverte des archives de l\u2019architecte Pierre Pinsard :<\/strong> samedi de 9h \u00e0 12h et de 14h \u00e0 18h &amp; dimanche de 14h \u00e0 18h <\/p>\n<p><strong>Le Calvaire du Dieu-de-Marcq<\/strong><br \/>85, rue de la Louvi\u00e8re<br \/><strong>Visite libre \u00ab\u00a0(Re)d\u00e9couverte du calvaire du Dieu-de-Marcq apr\u00e8s sa restauration\u00a0\u00bb :<\/strong> samedi &amp; dimanche de 9h \u00e0 20h<\/p>\n<p><strong>Conseil de quartier de Saint-Maurice Pellevoisin<\/strong><br \/>Parc Barberousse<br \/><strong>Pique-nique (\u00e0 amener) :<\/strong> dimanche de 12h \u00e0 14h<\/p>\n<p><strong>M\u00e9diath\u00e8que Saint-Maurice Pellevoisin<\/strong><br \/>205bis, rue du Faubourg de Roubaix<br \/><strong>Mise en valeur d\u2019albums jeunesse, de documentaires et de livres d\u2019art sur l\u2019architecture :<\/strong> samedi de 10h \u00e0 13h et de 14h \u00e0 18h<\/p>\n<p>Vauban-Esquermes<br \/><strong>Zoo de Lille<\/strong> <br \/>All\u00e9e Arlette Gruss<br \/><strong>Les Journ\u00e9es de la Conservation :<\/strong> samedi &amp; dimanche de 10h \u00e0 18h <\/p>\n<p><strong>Chapelle Notre-Dame de R\u00e9conciliation<\/strong><br \/>28, rue de Canteleu<br \/><strong>Pr\u00e9sentation du projet de restauration en cours :<\/strong> samedi de 11h \u00e0 12h <br \/><strong>Visite guid\u00e9e :<\/strong> samedi &amp; dimanche de 15h \u00e0 17h<br \/><strong>Concert \u00ab\u00a0Choeur des femmes d\u2019Asie\u00a0\u00bb :<\/strong> dimanche de 17h \u00e0 18h30<\/p>\n<p>Vieux-Lille<br \/><strong>Cath\u00e9drale Notre-Dame de la Treille<\/strong> <br \/>Place Gilleson<br \/><strong>Visite libre de la Cath\u00e9drale<\/strong> <strong>:<\/strong> samedi &amp; dimanche de 14h \u00e0 19h<strong> <\/strong><br \/><strong>Parcours d\u00e9couverte de la Cath\u00e9drale pour le jeune public<\/strong> <strong>:<\/strong> samedi &amp; dimanche de 14h \u00e0 19h <\/p>\n<p><img decoding=\"async\" loading=\"lazy\" width=\"1024\" height=\"683\" src=\"https:\/\/www.europesays.com\/fr\/wp-content\/uploads\/2025\/09\/monument_2020_cathedrale_01-1024x683.jpg\" alt=\"\" class=\"wp-image-49181\" style=\"aspect-ratio:1.499267935578331;width:512px\"  \/><\/p>\n<p><strong>Square Arnaud Chillon \u2013 Tous \u00e0 la Treille !\u00a0<\/strong><br \/>Dimanche de 14h \u00e0 18h<\/p>\n<p><strong>Centre d\u2019Art Sacr\u00e9 de Lille \u2013 Cath\u00e9drale Notre-Dame de la Treille<\/strong> <br \/>Place Gilleson<br \/><strong>Visites libres de l\u2019exposition estivale \u00ab\u00a0Autour de la Passion\u00a0\u00bb par Sergio Ferro :<\/strong> samedi &amp; dimanche de 14h \u00e0 19h<br \/><strong>Maquette outils du patrimoine b\u00e2ti r\u00e9gional :<\/strong> samedi &amp; dimanche de 15h30 \u00e0 17h30 19h<br \/><strong>Conf\u00e9rence ludique :<\/strong> samedi &amp; dimanche de 17h30 \u00e0 18h30<\/p>\n<p><strong>\u00c9glise Saint-Andr\u00e9<\/strong> <br \/>121, rue Royale<br \/><strong>Visites libres de l\u2019\u00e9glise : <\/strong>samedi &amp; dimanche de 13h30 \u00e0 17h30<\/p>\n<p><strong>\u00c9glise Sainte-Catherine<\/strong> <br \/>14, terrasse Sainte-Catherine<br \/><strong>Visites libres : <\/strong>samedi &amp; dimanche de 13h30 \u00e0 17h30<br \/><strong>Concert \u00ab\u00a0Bach Brandebourgeois, Motets et Cantate\u00a0\u00bb <\/strong>: dimanche de 15h \u00e0 16h15<\/p>\n<p><strong>\u00c9glise Sainte-Marie-Madeleine<\/strong> <br \/>27, rue du Pont Neuf<br \/><strong>Visites libres :<\/strong> samedi &amp; dimanche de 14h \u00e0 18h<br \/><strong>Visite flash :<\/strong> samedi &amp; dimanche de 14h \u00e0 17h<br \/><strong>Atelier \u00e0 la d\u00e9couverte du vid\u00e9o mapping :<\/strong> dimanche de 14h \u00e0 18h<br \/><strong>Visite virtuelle comment\u00e9e du Mus\u00e9e d\u2019Histoire Naturelle ! :<\/strong> samedi &amp; dimanche de 14h \u00e0 18h<br \/><strong>Mus\u00e9um en bo\u00eete : d\u00e9couverte d\u2019objets du Mus\u00e9e et son projet de r\u00e9novation :<\/strong> samedi &amp; dimanche de 14h \u00e0 18h<br \/><strong>Atelier dessin et collage : amuse-toi avec la fa\u00e7ade du mus\u00e9e :<\/strong> samedi &amp; dimanche de 14h \u00e0 18h <\/p>\n<p><strong>\u00celot Comtesse <\/strong><br \/><strong>Spectacle d\u2019escrime :<\/strong> dimanche \u00e0 11h, 14h et 16h30<br \/><strong>Exposition int\u00e9rieure \u00ab\u00a0Restauration d\u2019une niche votive\u00a0\u00bb :<\/strong> samedi &amp; dimanche de 10h \u00e0 17h<br \/><strong>Exposition ext\u00e9rieure \u00ab\u00a0Lille et l\u2019eau\u00a0\u00bb :<\/strong> samedi &amp; dimanche \u00e0 10h \u00e0 17h<\/p>\n<p><strong>Maison Natale Charles De Gaulle<\/strong><br \/>9, rue Princesse<br \/><strong>Visites guid\u00e9es :<\/strong> samedi &amp; dimanche de 9h30 \u00e0 18h30<\/p>\n<p><a href=\"https:\/\/www.zoomsurlille.fr\/wp-content\/uploads\/2022\/09\/jep_2022_maison_natale_de_gaulle.jpg\" target=\"_blank\" rel=\"noopener nofollow\"><img decoding=\"async\" loading=\"lazy\" width=\"1024\" height=\"683\" src=\"https:\/\/www.europesays.com\/fr\/wp-content\/uploads\/2025\/04\/jep_2022_maison_natale_de_gaulle-1024x683.jpg\" alt=\"\" class=\"wp-image-65859\" style=\"width:512px;height:342px\"  \/><\/a><\/p>\n<p><strong>M\u00e9diath\u00e8que Vieux-Lille<\/strong><br \/>25\/27, place Louise de Bettignies<br \/><strong>Architecture en puzzle collaboratif :<\/strong> samedi de 14h \u00e0 17h30<br \/><strong>Exposition \u00ab\u00a0Patrimoine en pi\u00e8ces d\u00e9tach\u00e9es\u00a0\u00bb :<\/strong> samedi de 10h \u00e0 13h &amp; de 14h \u00e0 18h<\/p>\n<p><strong>Mus\u00e9e des Canonniers de Lille<\/strong> <br \/>44, rue de Canonniers<br \/><strong>Visites guid\u00e9es :<\/strong> samedi &amp; dimanche de 10h et 18h<br \/><strong>Partage de la \u00ab\u00a0Ration des canonniers\u00a0\u00bb :<\/strong> samedi &amp; dimanche \u00e0 16h<\/p>\n<p><strong>H\u00f4tel Particulier du Pont Neuf<\/strong> <br \/>15, rue du Pont-Neuf<br \/><strong>Visites de l\u2019h\u00f4tel particulier :<\/strong> samedi &amp; dimanche de 10h \u00e0 12h et de 14h \u00e0 18h<\/p>\n<p>Wazemmes<br \/><strong>Maison Folie Wazemmes<\/strong><br \/>70, rue des Sarrazins<br \/><strong>Exposition \u00ab\u00a0Baile Funk : un cri de libert\u00e9\u00a0\u00bb :<\/strong> samedi &amp; dimanche de 14h \u00e0 18h <\/p>\n<p><img decoding=\"async\" loading=\"lazy\" width=\"654\" height=\"980\" src=\"https:\/\/www.europesays.com\/fr\/wp-content\/uploads\/2025\/09\/maison_folie_wazemmes.jpg\" alt=\"\" class=\"wp-image-71711\" style=\"aspect-ratio:0.6673469387755102;object-fit:cover;width:350px\"  \/><\/p>\n<p><strong>M\u00e9diath\u00e8que de Wazemmes\u00a0<\/strong><br \/>134, rue de l\u2019Abb\u00e9 Aerts<br \/><strong>Mise en valeur d\u2019albums jeunesse, de documentaires et de livres d\u2019arts sur l\u2019architecture : <\/strong>samedi de 10h \u00e0 13h &amp; de 14h \u00e0 18h<\/p>\n<p><strong>Th\u00e9\u00e2tre de la Verri\u00e8re<\/strong><br \/>28, rue Alphonse Mercier<br \/><strong>Projection : restitution du projet \u00ab\u00a0Enqu\u00eate \u00e0 Lille\u00a0\u00bb dans le cadre du dispositif \u00ab\u00a0C\u2019est mon patrimoine\u00a0\u00bb : <\/strong>samedi de 14h \u00e0 18h<\/p>\n<p><strong><img decoding=\"async\" loading=\"lazy\" data-lazy-src=\"https:\/\/www.europesays.com\/fr\/wp-content\/uploads\/2025\/04\/1744100656_185_arrow.png\" width=\"9\" height=\"9\" class=\" size-full wp-image-45 lazyloaded\" src=\"https:\/\/www.europesays.com\/fr\/wp-content\/uploads\/2025\/04\/1744100656_185_arrow.png\" alt=\"\"\/><\/strong> <a href=\"https:\/\/www.lille.fr\/Journees-europeennes-du-Patrimoine\/Actualites\/Journees-du-patrimoine-2025\" target=\"_blank\" rel=\"noreferrer noopener nofollow\">Programme complet sur le site de la Ville de Lille<\/a><\/p>\n<p class=\"has-text-align-right\">Source : Ville de Lille \u2013 Photos et images : DR \u2013 \u00a9 Ville de Lille \/ \u00a9 Zoom Sur Lille<\/p>\n","protected":false},"excerpt":{"rendered":"Journ\u00e9es Europ\u00e9ennes du Patrimoine \u00e0 Lille, vendredi 19, samedi 20 et dimanche 21 septembre 2025. Cette ann\u00e9e, de&hellip;\n","protected":false},"author":2,"featured_media":354547,"comment_status":"","ping_status":"","sticky":false,"template":"","format":"standard","meta":{"footnotes":""},"categories":[2815],"tags":[1111,11,1063,1777,674,1011,27,811,49065,49066,1307,7107,12,25,510],"class_list":{"0":"post-400981","1":"post","2":"type-post","3":"status-publish","4":"format-standard","5":"has-post-thumbnail","7":"category-lille","8":"tag-actu","9":"tag-actualites","10":"tag-animations","11":"tag-eu","12":"tag-europe","13":"tag-fr","14":"tag-france","15":"tag-hauts-de-france","16":"tag-jep2025","17":"tag-journees-europeennes-du-patrimoine-a-lille","18":"tag-lille","19":"tag-musees","20":"tag-news","21":"tag-republique-francaise","22":"tag-visite"},"share_on_mastodon":{"url":"https:\/\/pubeurope.com\/@fr\/115227702950345029","error":""},"_links":{"self":[{"href":"https:\/\/www.europesays.com\/fr\/wp-json\/wp\/v2\/posts\/400981","targetHints":{"allow":["GET"]}}],"collection":[{"href":"https:\/\/www.europesays.com\/fr\/wp-json\/wp\/v2\/posts"}],"about":[{"href":"https:\/\/www.europesays.com\/fr\/wp-json\/wp\/v2\/types\/post"}],"author":[{"embeddable":true,"href":"https:\/\/www.europesays.com\/fr\/wp-json\/wp\/v2\/users\/2"}],"replies":[{"embeddable":true,"href":"https:\/\/www.europesays.com\/fr\/wp-json\/wp\/v2\/comments?post=400981"}],"version-history":[{"count":0,"href":"https:\/\/www.europesays.com\/fr\/wp-json\/wp\/v2\/posts\/400981\/revisions"}],"wp:featuredmedia":[{"embeddable":true,"href":"https:\/\/www.europesays.com\/fr\/wp-json\/wp\/v2\/media\/354547"}],"wp:attachment":[{"href":"https:\/\/www.europesays.com\/fr\/wp-json\/wp\/v2\/media?parent=400981"}],"wp:term":[{"taxonomy":"category","embeddable":true,"href":"https:\/\/www.europesays.com\/fr\/wp-json\/wp\/v2\/categories?post=400981"},{"taxonomy":"post_tag","embeddable":true,"href":"https:\/\/www.europesays.com\/fr\/wp-json\/wp\/v2\/tags?post=400981"}],"curies":[{"name":"wp","href":"https:\/\/api.w.org\/{rel}","templated":true}]}}