{"id":400983,"date":"2025-09-18T22:40:13","date_gmt":"2025-09-18T22:40:13","guid":{"rendered":"https:\/\/www.europesays.com\/fr\/400983\/"},"modified":"2025-09-18T22:40:13","modified_gmt":"2025-09-18T22:40:13","slug":"une-video-montre-une-femme-frappee-aux-fesses-par-la-police","status":"publish","type":"post","link":"https:\/\/www.europesays.com\/fr\/400983\/","title":{"rendered":"une vid\u00e9o montre une femme frapp\u00e9e aux fesses par la police"},"content":{"rendered":"<p class=\"app_entry_lead\">\n<p>                    <a title=\"\u00a0\u00a9\u00a0Capture d'\u00e9cran X\" href=\"https:\/\/www.europesays.com\/fr\/wp-content\/uploads\/2025\/09\/80416103.jpg\" class=\"fancy\"><\/p>\n<p>                            <img loading=\"lazy\" decoding=\"async\" src=\"https:\/\/www.europesays.com\/fr\/wp-content\/uploads\/2025\/09\/80416103.jpg\" alt=\"Manifestation \u00e0 Marseille\u00a0: une vid\u00e9o montre une femme frapp\u00e9e aux fesses par la police\" width=\"1500\" height=\"992\"\/><\/p>\n<p>                    <\/a><\/p>\n<p>                Alors que plusieurs personnes ont tent\u00e9 de bloquer le centre commercial du quartier de la Joliette \u00e0 Marseille t\u00f4t ce jeudi 18\u00a0septembre, l&rsquo;une des manifestantes a \u00e9t\u00e9 prise \u00e0 partie par un policier. Ce dernier lui a notamment donn\u00e9 un coup de pied sur les fesses, le tout accompagn\u00e9 d&rsquo;un \u00ab\u00a0casse-toi\u00a0\u00bb.<\/p>\n<p>La journ\u00e9e se voulait particuli\u00e8rement suivie. \u00c0 l&rsquo;appel de l&rsquo;ensemble des syndicats, des milliers de personnes sont descendues dans les rues partout en France pour manifester leur hostilit\u00e9 aux pistes envisag\u00e9es par le gouvernement pour le prochain budget. Alors que plus d&rsquo;un million de personnes ont manifest\u00e9 ce jeudi 18\u00a0septembre selon la CGT &#8211; pr\u00e8s de 500\u00a0000\u00a0personnes selon le minist\u00e8re de l&rsquo;Int\u00e9rieur -, les manifestants s&rsquo;\u00e9taient rassembl\u00e9s t\u00f4t dans la journ\u00e9e dans plusieurs grandes villes. C&rsquo;est le cas notamment \u00e0 Marseille o\u00f9\u00a0le cort\u00e8ge s&rsquo;est \u00e9lanc\u00e9 en milieu de matin\u00e9e depuis le Vieux-Port.<\/p>\n<p>Alors que le ministre d\u00e9missionnaire de l&rsquo;Int\u00e9rieur, Bruno Retailleau, avait appel\u00e9 \u00e0 un maintien de l&rsquo;ordre, d\u00e8s 6h30, environ 200\u00a0personnes ont tent\u00e9 de bloquer le centre commercial situ\u00e9 dans le quartier de la Joliette, pr\u00e8s des Terrasses du Port \u00e0 Marseille. Rapidement, les forces de l&rsquo;ordre sont intervenues pour d\u00e9bloquer les lieux. C&rsquo;est alors que la situation a tr\u00e8s vite d\u00e9g\u00e9n\u00e9r\u00e9. Dans une vid\u00e9o de l&rsquo;Agence France-Presse relay\u00e9e par <a href=\"https:\/\/www.francebleu.fr\/infos\/societe\/video-casse-toi-les-images-d-une-femme-poussee-a-terre-par-des-crs-a-marseille-lors-d-une-tentative-de-blocage-2232645\" target=\"_blank\" rel=\"noopener\">Ici<\/a> et qui fait le tour des r\u00e9seaux sociaux, on\u00a0peut ainsi voir une manifestante au milieu des vapeurs de gaz lacrymog\u00e8nes, \u00e0 terre, seule et isol\u00e9e du reste des autres manifestants. Cette derni\u00e8re\u00a0est ensuite victime d&rsquo;un coup de plat du pied sur les fesses de la part d&rsquo;un CRS, le tout accompagn\u00e9 d&rsquo;un \u00ab\u00a0casse-toi\u00a0\u00bb de l&rsquo;agent, et ce, alors m\u00eame qu&rsquo;elle tentait de se relever.<\/p>\n<p><b>Les internautes indign\u00e9s<\/b><\/p>\n<p>Visiblement apeur\u00e9e, la manifestante dont le visage est \u00e0 d\u00e9couvert, parvient finalement \u00e0 se relever avant de l\u00e2cher au policier\u00a0: \u00ab\u00a0Oui, je me casse, pardon, pardon\u00a0\u00bb. Tr\u00e8s vite devenue virale, la vid\u00e9o n&rsquo;a pas manqu\u00e9 de faire r\u00e9agir les internautes qui se sont indign\u00e9s de la situation. \u00ab\u00a0Elle n&rsquo;a rien d&rsquo;une casseuse alors pourquoi la violenter comme \u00e7a\u00a0\u00bb, s&rsquo;est interrog\u00e9\u00a0l&rsquo;un d&rsquo;eux, quand un autre a fustig\u00e9\u00a0la honte des forces de l&rsquo;ordre, rapporte Actu Marseille.<\/p>\n<p>Alors que le contexte de la vid\u00e9o n&rsquo;a pas encore \u00e9t\u00e9 \u00e9tabli, d&rsquo;apr\u00e8s les informations recueillies par Ici Provence aupr\u00e8s d&rsquo;une source polici\u00e8re, la doctrine du maintien de l&rsquo;ordre souhait\u00e9e par le minist\u00e8re a \u00e9t\u00e9 respect\u00e9e. Tout d&rsquo;abord, une demande d&rsquo;\u00e9vacuation a \u00e9t\u00e9 formul\u00e9e par les CRS aux manifestants, suivie de plusieurs sommations avant la dispersion de ces derniers. Contact\u00e9e par la suite par nos confr\u00e8res d&rsquo;Actu Marseille, la pr\u00e9fecture de police des Bouches-du-Rh\u00f4ne n&rsquo;a toutefois pas tenu \u00e0 apporter une r\u00e9ponse dans l&rsquo;imm\u00e9diat.<\/p>\n","protected":false},"excerpt":{"rendered":"Alors que plusieurs personnes ont tent\u00e9 de bloquer le centre commercial du quartier de la Joliette \u00e0 Marseille&hellip;\n","protected":false},"author":2,"featured_media":400984,"comment_status":"","ping_status":"","sticky":false,"template":"","format":"standard","meta":{"footnotes":""},"categories":[2814],"tags":[1111,11,53242,51761,1777,674,51763,1011,27,884,12,51767,882,25,104],"class_list":{"0":"post-400983","1":"post","2":"type-post","3":"status-publish","4":"format-standard","5":"has-post-thumbnail","7":"category-marseille","8":"tag-actu","9":"tag-actualites","10":"tag-cms-linternaute-8833470","11":"tag-controller-content","12":"tag-eu","13":"tag-europe","14":"tag-format-papier","15":"tag-fr","16":"tag-france","17":"tag-marseille","18":"tag-news","19":"tag-parallaxeinfeed","20":"tag-provence-alpes-cote-dazur","21":"tag-republique-francaise","22":"tag-societe"},"share_on_mastodon":{"url":"https:\/\/pubeurope.com\/@fr\/115227710227728394","error":""},"_links":{"self":[{"href":"https:\/\/www.europesays.com\/fr\/wp-json\/wp\/v2\/posts\/400983","targetHints":{"allow":["GET"]}}],"collection":[{"href":"https:\/\/www.europesays.com\/fr\/wp-json\/wp\/v2\/posts"}],"about":[{"href":"https:\/\/www.europesays.com\/fr\/wp-json\/wp\/v2\/types\/post"}],"author":[{"embeddable":true,"href":"https:\/\/www.europesays.com\/fr\/wp-json\/wp\/v2\/users\/2"}],"replies":[{"embeddable":true,"href":"https:\/\/www.europesays.com\/fr\/wp-json\/wp\/v2\/comments?post=400983"}],"version-history":[{"count":0,"href":"https:\/\/www.europesays.com\/fr\/wp-json\/wp\/v2\/posts\/400983\/revisions"}],"wp:featuredmedia":[{"embeddable":true,"href":"https:\/\/www.europesays.com\/fr\/wp-json\/wp\/v2\/media\/400984"}],"wp:attachment":[{"href":"https:\/\/www.europesays.com\/fr\/wp-json\/wp\/v2\/media?parent=400983"}],"wp:term":[{"taxonomy":"category","embeddable":true,"href":"https:\/\/www.europesays.com\/fr\/wp-json\/wp\/v2\/categories?post=400983"},{"taxonomy":"post_tag","embeddable":true,"href":"https:\/\/www.europesays.com\/fr\/wp-json\/wp\/v2\/tags?post=400983"}],"curies":[{"name":"wp","href":"https:\/\/api.w.org\/{rel}","templated":true}]}}