{"id":400987,"date":"2025-09-18T22:42:14","date_gmt":"2025-09-18T22:42:14","guid":{"rendered":"https:\/\/www.europesays.com\/fr\/400987\/"},"modified":"2025-09-18T22:42:14","modified_gmt":"2025-09-18T22:42:14","slug":"lyon-une-manifestation-sauvage-secoue-ce-quartier-la-police-intervient-ce-quil-sest-passe","status":"publish","type":"post","link":"https:\/\/www.europesays.com\/fr\/400987\/","title":{"rendered":"Lyon. Une manifestation sauvage secoue ce quartier, la police intervient : ce qu&rsquo;il s&rsquo;est pass\u00e9"},"content":{"rendered":"<p>            Par<br \/>\n        <strong><br \/>\n            <a href=\"https:\/\/actu.fr\/auteur\/anthony-soudani\" title=\"Consulter tous les articles de Anthony Soudani\" target=\"_blank\" rel=\"noopener\">Anthony Soudani<\/a><br \/>\n        <\/strong><\/p>\n<p>        Publi\u00e9 le<\/p>\n<p>            18 sept. 2025 \u00e0 22h12        <\/p>\n<p>La <a href=\"https:\/\/actu.fr\/auvergne-rhone-alpes\/lyon_69123\/lyon-manifestation-massive-affrontements-blesses-ce-qu-il-faut-retenir-du-18-septembre_63182442.html\" target=\"_blank\" rel=\"noopener\">mobilisation de ce jeudi 18 septembre<\/a>, qui a r\u00e9uni entre 14 000 et 20 000 personnes entre la manufacture des Tabacs et Bellecour \u00e0 Lyon, n\u2019a pas \u00e9t\u00e9 le point final de cette journ\u00e9e de gr\u00e8ve. Une manifestation sauvage a eu lieu dans le 8e arrondissement au cours de la soir\u00e9e.\u00a0<\/p>\n<p class=\" wall-content\"><strong>Le quartier des \u00c9tats-Unis<\/strong> a \u00e9t\u00e9 secou\u00e9 par des heurts. Des feux de poubelles ont \u00e9t\u00e9 d\u00e9clench\u00e9s. Ces derni\u00e8res ont \u00e9galement \u00e9t\u00e9 renvers\u00e9es sur la route.\u00a0<\/p>\n<p>Sept personnes interpell\u00e9es<\/p>\n<p class=\" wall-content\">Le mouvement, non d\u00e9clar\u00e9 en pr\u00e9fecture, a rassembl\u00e9 environ <strong>250 individus.<\/strong> \u00ab\u00a0Apr\u00e8s sommations, ils ont \u00e9t\u00e9 dispers\u00e9s\u00a0\u00bb, indique la pr\u00e9f\u00e8te du Rh\u00f4ne. Du gaz lacrymog\u00e8ne a \u00e9t\u00e9 utilis\u00e9 par les policiers.<\/p>\n<p class=\" wall-content\">\n<p class=\" wall-content\">Des jets de projectiles contre les forces de l\u2019ordre ont \u00e9t\u00e9 constat\u00e9s. <strong>La compagnie de CRS 83 est intervenue<\/strong> et a proc\u00e9d\u00e9 \u00e0 sept interpellations.<\/p>\n<p class=\" wall-content\">\n<p class=\" wall-content\">Notre correspondant local, Medave Prod, a film\u00e9 les CRS courir sur les voies de tram en direction des manifestants. La circulation des <a href=\"https:\/\/actu.fr\/auvergne-rhone-alpes\/lyon_69123\/direct-greve-du-18-septembre-a-lyon-la-manifestation-va-debuter-des-lignes-tcl-perturbees_63175144.html\" target=\"_blank\" rel=\"noopener\">TCL<\/a> a d\u2019ailleurs \u00e9t\u00e9 momentan\u00e9ment perturb\u00e9e dans le secteur.<\/p>\n<p>Deux policiers bless\u00e9s<\/p>\n<p class=\" wall-content\">Deux policiers ont \u00e9t\u00e9 bless\u00e9s ce soir. Ils s\u2019ajoutent aux quatre policiers bless\u00e9s dans la r\u00e9gion pendant la journ\u00e9e, dont trois dans le Rh\u00f4ne.<\/p>\n<p>Votre r\u00e9gion, votre actu !<\/p>\n<p>Recevez chaque jour les infos qui comptent pour vous.<\/p>\n<p>\t<a href=\"https:\/\/actu.fr\/newsletter\" class=\"ac-btn ac-btn--corner ac-btn--medium ac-btn--blue800\" target=\"_blank\" rel=\"noopener\">S&rsquo;incrire<\/a><\/p>\n<p class=\" wall-content\">\n<p class=\" wall-content\">\u00c0 l\u2019\u00e9chelle r\u00e9gionale, les manifestations du 18 septembre ont mobilis\u00e9 un peu plus de 59 000 participants, d\u2019apr\u00e8s la pr\u00e9fecture du Rh\u00f4ne, mais bien plus selon les syndicats.<\/p>\n<p class=\" wall-content\">Les forces de l\u2019ordre ont proc\u00e9d\u00e9 \u00e0 <strong>17 interpellations (auxquelles s\u2019ajoutent les sept de ce soir). <\/strong><\/p>\n<p class=\" wall-content\">Personnalisez votre actualit\u00e9 en ajoutant vos villes et m\u00e9dias en favori avec <a href=\"https:\/\/moncompte.actu.fr\" title=\"D\u00e9couvez Mon Actu\" rel=\"nofollow noopener\" data-trk=\"{&quot;cta&quot;:{&quot;action&quot;:&quot;https:\\\/\\\/moncompte.actu.fr&quot;,&quot;category&quot;:&quot;mon compte&quot;,&quot;from&quot;:&quot;article footer&quot;,&quot;name&quot;:&quot;Mon actu&quot;,&quot;type&quot;:&quot;cta&quot;}}\" target=\"_blank\">Mon Actu<\/a>.<\/p>\n","protected":false},"excerpt":{"rendered":"Par Anthony Soudani Publi\u00e9 le 18 sept. 2025 \u00e0 22h12 La mobilisation de ce jeudi 18 septembre, qui&hellip;\n","protected":false},"author":2,"featured_media":400988,"comment_status":"","ping_status":"","sticky":false,"template":"","format":"standard","meta":{"footnotes":""},"categories":[1889],"tags":[1111,11,2430,1777,674,1011,27,52713,2428,1272,12,1072,25,104],"class_list":{"0":"post-400987","1":"post","2":"type-post","3":"status-publish","4":"format-standard","5":"has-post-thumbnail","7":"category-lyon","8":"tag-actu","9":"tag-actualites","10":"tag-auvergne-rhone-alpes","11":"tag-eu","12":"tag-europe","13":"tag-fr","14":"tag-france","15":"tag-greve-du-18-septembre","16":"tag-lyon","17":"tag-manifestations","18":"tag-news","19":"tag-police","20":"tag-republique-francaise","21":"tag-societe"},"share_on_mastodon":{"url":"https:\/\/pubeurope.com\/@fr\/115227717974696316","error":""},"_links":{"self":[{"href":"https:\/\/www.europesays.com\/fr\/wp-json\/wp\/v2\/posts\/400987","targetHints":{"allow":["GET"]}}],"collection":[{"href":"https:\/\/www.europesays.com\/fr\/wp-json\/wp\/v2\/posts"}],"about":[{"href":"https:\/\/www.europesays.com\/fr\/wp-json\/wp\/v2\/types\/post"}],"author":[{"embeddable":true,"href":"https:\/\/www.europesays.com\/fr\/wp-json\/wp\/v2\/users\/2"}],"replies":[{"embeddable":true,"href":"https:\/\/www.europesays.com\/fr\/wp-json\/wp\/v2\/comments?post=400987"}],"version-history":[{"count":0,"href":"https:\/\/www.europesays.com\/fr\/wp-json\/wp\/v2\/posts\/400987\/revisions"}],"wp:featuredmedia":[{"embeddable":true,"href":"https:\/\/www.europesays.com\/fr\/wp-json\/wp\/v2\/media\/400988"}],"wp:attachment":[{"href":"https:\/\/www.europesays.com\/fr\/wp-json\/wp\/v2\/media?parent=400987"}],"wp:term":[{"taxonomy":"category","embeddable":true,"href":"https:\/\/www.europesays.com\/fr\/wp-json\/wp\/v2\/categories?post=400987"},{"taxonomy":"post_tag","embeddable":true,"href":"https:\/\/www.europesays.com\/fr\/wp-json\/wp\/v2\/tags?post=400987"}],"curies":[{"name":"wp","href":"https:\/\/api.w.org\/{rel}","templated":true}]}}