{"id":400991,"date":"2025-09-18T22:45:12","date_gmt":"2025-09-18T22:45:12","guid":{"rendered":"https:\/\/www.europesays.com\/fr\/400991\/"},"modified":"2025-09-18T22:45:12","modified_gmt":"2025-09-18T22:45:12","slug":"il-a-saute-en-solo-un-parachutiste-de-24-ans-secrase-et-meurt-lors-dun-stage-une-enquete-ouverte","status":"publish","type":"post","link":"https:\/\/www.europesays.com\/fr\/400991\/","title":{"rendered":"\u00ab Il a saut\u00e9 en solo\u00a0\u00bb\u00a0: un parachutiste de 24\u00a0ans s\u2019\u00e9crase et meurt lors d\u2019un stage, une enqu\u00eate ouverte"},"content":{"rendered":"<p class=\"paragraph text_align_left lp-f-body-02\">Un drame en pleine le\u00e7on. Un parachutiste de 24 ans est d\u00e9c\u00e9d\u00e9 mardi 16 septembre lors d\u2019un saut r\u00e9alis\u00e9 au cours d\u2019un stage auquel il participait pr\u00e8s de Pamiers (Ari\u00e8ge), indique ce jeudi au Parisien le parquet de Foix (Ari\u00e8ge), confirmant une information du m\u00e9dia local <a href=\"https:\/\/gazette-ariegeoise.fr\/les-pujols-un-jeune-parachutiste-se-tue-a-laerodrome\/\" target=\"_blank\" rel=\"noreferrer nofollow noopener\">\u00ab La Gazette Ari\u00e9geoise \u00bb<\/a>. Le drame est survenu dans l\u2019apr\u00e8s-midi de mardi sur le site de l\u2019a\u00e9rodrome de Pamiers-Les Pujols.<\/p>\n<p class=\"paragraph text_align_left lp-f-body-02\">Selon <a href=\"https:\/\/www.ladepeche.fr\/2025\/09\/17\/le-parachute-de-secours-sest-deploye-mais-na-pas-eu-le-temps-de-souvrir-completement-ce-que-lon-sait-du-drame-qui-a-coute-la-vie-a-un-parachutiste-de-12935764.php\" target=\"_blank\" rel=\"noreferrer nofollow noopener\">La D\u00e9p\u00eache<\/a>, il s\u2019agissait du troisi\u00e8me saut de l\u2019\u00e9l\u00e8ve qui participait \u00e0 un stage en \u00ab ouverture automatique \u00bb, qui permet quelques secondes de chute libre avant que le parachute ne s\u2019ouvre tout seul. Sauf que l\u00e0, le parachute s\u2019est mal ouvert, selon le parquet. Le jeune homme n\u2019est ensuite pas parvenu \u00e0 ouvrir son parachute de secours, alors qu\u2019il avait saut\u00e9 \u00e0 pr\u00e8s de 1 000 m d\u2019altitude. \u00ab Il a saut\u00e9 en solo au-dessus de l\u2019a\u00e9rodrome \u00bb, a pr\u00e9cis\u00e9 \u00e0 <a href=\"https:\/\/www.francebleu.fr\/infos\/faits-divers-justice\/un-parachutiste-de-24-ans-meurt-lors-d-un-saut-au-dessus-de-l-aerodrome-des-pujols-en-ariege-5845110\" target=\"_blank\" rel=\"noreferrer nofollow noopener\">Ici (ex-France Bleu) Occitanie<\/a> le procureur de Foix Olivier Mouysset.<\/p>\n<p>Trois accidents mortels au m\u00eame endroit depuis 2022<\/p>\n<p class=\"paragraph text_align_left lp-f-body-02\">D\u2019apr\u00e8s Ici, l\u2019avion duquel la victime a saut\u00e9 a \u00e9t\u00e9 plac\u00e9 sous scell\u00e9s, \u00e0 la demande du parquet. Une enqu\u00eate a \u00e9t\u00e9 ouverte pour d\u00e9terminer les circonstances du drame. Une autopsie a \u00e9galement \u00e9t\u00e9 ordonn\u00e9e. Les sauts sur le site de l\u2019a\u00e9rodrome concern\u00e9 ont \u00e9t\u00e9 suspendus ce mercredi.<\/p>\n<p class=\"paragraph text_align_left lp-f-body-02\">Selon la radio locale, il s\u2019agit du troisi\u00e8me accident mortel de ce type sur cet a\u00e9rodrome depuis janvier 2022. Il est l\u2019un des plus grands clubs de parachutisme de France, d\u2019apr\u00e8s Ici.<\/p>\n","protected":false},"excerpt":{"rendered":"Un drame en pleine le\u00e7on. Un parachutiste de 24 ans est d\u00e9c\u00e9d\u00e9 mardi 16 septembre lors d\u2019un saut&hellip;\n","protected":false},"author":2,"featured_media":400992,"comment_status":"","ping_status":"","sticky":false,"template":"","format":"standard","meta":{"footnotes":""},"categories":[1888],"tags":[1111,1928,11,1927,459,1777,674,118,1011,27,12,1926,626,1925,25],"class_list":{"0":"post-400991","1":"post","2":"type-post","3":"status-publish","4":"format-standard","5":"has-post-thumbnail","7":"category-paris","8":"tag-actu","9":"tag-actu-paris","10":"tag-actualites","11":"tag-actualites-paris","12":"tag-departements-horsidfo","13":"tag-eu","14":"tag-europe","15":"tag-faits-divers","16":"tag-fr","17":"tag-france","18":"tag-news","19":"tag-news-paris","20":"tag-paris","21":"tag-paris-news","22":"tag-republique-francaise"},"share_on_mastodon":{"url":"https:\/\/pubeurope.com\/@fr\/115227730136556514","error":""},"_links":{"self":[{"href":"https:\/\/www.europesays.com\/fr\/wp-json\/wp\/v2\/posts\/400991","targetHints":{"allow":["GET"]}}],"collection":[{"href":"https:\/\/www.europesays.com\/fr\/wp-json\/wp\/v2\/posts"}],"about":[{"href":"https:\/\/www.europesays.com\/fr\/wp-json\/wp\/v2\/types\/post"}],"author":[{"embeddable":true,"href":"https:\/\/www.europesays.com\/fr\/wp-json\/wp\/v2\/users\/2"}],"replies":[{"embeddable":true,"href":"https:\/\/www.europesays.com\/fr\/wp-json\/wp\/v2\/comments?post=400991"}],"version-history":[{"count":0,"href":"https:\/\/www.europesays.com\/fr\/wp-json\/wp\/v2\/posts\/400991\/revisions"}],"wp:featuredmedia":[{"embeddable":true,"href":"https:\/\/www.europesays.com\/fr\/wp-json\/wp\/v2\/media\/400992"}],"wp:attachment":[{"href":"https:\/\/www.europesays.com\/fr\/wp-json\/wp\/v2\/media?parent=400991"}],"wp:term":[{"taxonomy":"category","embeddable":true,"href":"https:\/\/www.europesays.com\/fr\/wp-json\/wp\/v2\/categories?post=400991"},{"taxonomy":"post_tag","embeddable":true,"href":"https:\/\/www.europesays.com\/fr\/wp-json\/wp\/v2\/tags?post=400991"}],"curies":[{"name":"wp","href":"https:\/\/api.w.org\/{rel}","templated":true}]}}