{"id":400999,"date":"2025-09-18T22:49:12","date_gmt":"2025-09-18T22:49:12","guid":{"rendered":"https:\/\/www.europesays.com\/fr\/400999\/"},"modified":"2025-09-18T22:49:12","modified_gmt":"2025-09-18T22:49:12","slug":"russie-un-seisme-de-magnitude-78-au-large-de-lextreme-orient-lalerte-tsunami-declenchee-2","status":"publish","type":"post","link":"https:\/\/www.europesays.com\/fr\/400999\/","title":{"rendered":"Russie. Un s\u00e9isme de magnitude 7,8\u00a0au large de l&rsquo;Extr\u00eame-Orient,\u00a0l&rsquo;alerte tsunami d\u00e9clench\u00e9e"},"content":{"rendered":"<p>Un s\u00e9isme de magnitude 7,8 a \u00e9t\u00e9 enregistr\u00e9 vendredi dans le Pacifique au large de la p\u00e9ninsule russe du Kamtchatka, d\u00e9clenchant une alerte au tsunami, a indiqu\u00e9 le service sismique am\u00e9ricain USGS.<\/p>\n<p>Le tremblement de terre de vendredi s&rsquo;est produit \u00e0 6h58 heure locale (19h58 GMT jeudi) \u00e0 128 kilom\u00e8tres \u00e0 l&rsquo;est de la ville russe de Petropavlovsk-Kamchatsky, \u00e0 une faible profondeur de dix kilom\u00e8tres, incitant le Centre d&rsquo;alerte au tsunami du Pacifique am\u00e9ricain \u00e0 \u00e9mettre une alerte pour d&rsquo;\u00e9ventuelles vagues dangereuses le long des c\u00f4tes voisines.<\/p>\n<p>Un autre s\u00e9isme samedi dernier<\/p>\n<p>Des vid\u00e9os publi\u00e9es sur les r\u00e9seaux sociaux russes montrent des meubles et des luminaires trembler dans des maisons, ou une voiture gar\u00e9e se balancer d&rsquo;avant en arri\u00e8re dans une rue.<\/p>\n<p>La branche locale du service g\u00e9ophysique national russe a donn\u00e9 une estimation inf\u00e9rieure, de magnitude 7,4. Elle a signal\u00e9 au moins cinq r\u00e9pliques.\u00a0<\/p>\n<p>Un s\u00e9isme de magnitude 7,4\u00a0<a href=\"https:\/\/www.dna.fr\/environnement\/2025\/09\/13\/breve-alerte-au-tsunami-apres-un-seisme-de-magnitude-7-4-au-large-de-la-peninsule-du-kamtchatka\" target=\"_blank\" rel=\"noopener\">a d\u00e9j\u00e0 frapp\u00e9 la r\u00e9gion<\/a>\u00a0samedi, \u00e0 une profondeur de 39,5 km, \u00e0 111 km \u00e0 l&rsquo;est de Petropavlovsk-Kamtchatsky.<\/p>\n<p>  Aucun d\u00e9g\u00e2t signal\u00e9<\/p>\n<p>\u00ab Ce matin, la r\u00e9silience des habitants du Kamtchatka est une nouvelle fois mise \u00e0 l&rsquo;\u00e9preuve \u00bb, a d\u00e9clar\u00e9 le gouverneur de la r\u00e9gion, Vladimir Solodov, sur Telegram. \u00ab Aucun d\u00e9g\u00e2t n&rsquo;a \u00e9t\u00e9 signal\u00e9 pour l&rsquo;instant. Je demande \u00e0 tout le monde de rester calme (&#8230;) Une alerte au tsunami a \u00e9t\u00e9 \u00e9mise pour la c\u00f4te est de la p\u00e9ninsule. La population est en \u00e9tat d&rsquo;alerte \u00bb, a-t-il ajout\u00e9.\u00a0<\/p>\n<p>La p\u00e9ninsule du Kamtchatka est sur une ceinture tectonique connue sous le nom de \u00ab ceinture de feu \u00bb, qui entoure la majeure partie de l&rsquo;oc\u00e9an Pacifique et est un point chaud en mati\u00e8re d&rsquo;activit\u00e9 sismique.\u00a0<\/p>\n<p>En juillet, un s\u00e9isme de magnitude 8,8 au large des c\u00f4tes de la r\u00e9gion a d\u00e9clench\u00e9 un tsunami qui a balay\u00e9 une partie d&rsquo;un village c\u00f4tier.<\/p>\n","protected":false},"excerpt":{"rendered":"Un s\u00e9isme de magnitude 7,8 a \u00e9t\u00e9 enregistr\u00e9 vendredi dans le Pacifique au large de la p\u00e9ninsule russe&hellip;\n","protected":false},"author":2,"featured_media":400759,"comment_status":"","ping_status":"","sticky":false,"template":"","format":"standard","meta":{"footnotes":""},"categories":[1591],"tags":[119,11,9323,1887,107,329,12,1885,1886,132],"class_list":{"0":"post-400999","1":"post","2":"type-post","3":"status-publish","4":"format-standard","5":"has-post-thumbnail","7":"category-russie","8":"tag-accident","9":"tag-actualites","10":"tag-catastrophes","11":"tag-federation-de-russie","12":"tag-fil-info","13":"tag-france-monde","14":"tag-news","15":"tag-russia","16":"tag-russian-federation","17":"tag-russie"},"share_on_mastodon":{"url":"https:\/\/pubeurope.com\/@fr\/115227746893662632","error":""},"_links":{"self":[{"href":"https:\/\/www.europesays.com\/fr\/wp-json\/wp\/v2\/posts\/400999","targetHints":{"allow":["GET"]}}],"collection":[{"href":"https:\/\/www.europesays.com\/fr\/wp-json\/wp\/v2\/posts"}],"about":[{"href":"https:\/\/www.europesays.com\/fr\/wp-json\/wp\/v2\/types\/post"}],"author":[{"embeddable":true,"href":"https:\/\/www.europesays.com\/fr\/wp-json\/wp\/v2\/users\/2"}],"replies":[{"embeddable":true,"href":"https:\/\/www.europesays.com\/fr\/wp-json\/wp\/v2\/comments?post=400999"}],"version-history":[{"count":0,"href":"https:\/\/www.europesays.com\/fr\/wp-json\/wp\/v2\/posts\/400999\/revisions"}],"wp:featuredmedia":[{"embeddable":true,"href":"https:\/\/www.europesays.com\/fr\/wp-json\/wp\/v2\/media\/400759"}],"wp:attachment":[{"href":"https:\/\/www.europesays.com\/fr\/wp-json\/wp\/v2\/media?parent=400999"}],"wp:term":[{"taxonomy":"category","embeddable":true,"href":"https:\/\/www.europesays.com\/fr\/wp-json\/wp\/v2\/categories?post=400999"},{"taxonomy":"post_tag","embeddable":true,"href":"https:\/\/www.europesays.com\/fr\/wp-json\/wp\/v2\/tags?post=400999"}],"curies":[{"name":"wp","href":"https:\/\/api.w.org\/{rel}","templated":true}]}}