{"id":401006,"date":"2025-09-18T22:53:10","date_gmt":"2025-09-18T22:53:10","guid":{"rendered":"https:\/\/www.europesays.com\/fr\/401006\/"},"modified":"2025-09-18T22:53:10","modified_gmt":"2025-09-18T22:53:10","slug":"google-doit-etre-demantele-et-payer-plus-dimpots-en-europe-reclame-un-ministre-allemand","status":"publish","type":"post","link":"https:\/\/www.europesays.com\/fr\/401006\/","title":{"rendered":"Google doit \u00eatre d\u00e9mantel\u00e9 et payer plus d\u2019imp\u00f4ts en Europe, r\u00e9clame un ministre allemand"},"content":{"rendered":"<p>Le ministre allemand des M\u00e9dias et de la Culture, Wolfram Weimer, a appel\u00e9 ce jeudi au \u00ab\u00a0d\u00e9mant\u00e8lement\u00a0\u00bb de <a href=\"https:\/\/www.20minutes.fr\/high-tech\/google\/\" class=\"c-link c-link--is-underlined\" target=\"_blank\" rel=\"noopener\">Google<\/a>, ainsi qu\u2019\u00e0 une taxation renforc\u00e9e de ses activit\u00e9s dans l\u2019Union europ\u00e9enne.<\/p>\n<p>\u00ab\u00a0Nous devons aborder Google dans tous les domaines d\u2019action possibles\u00a0\u00bb, a-t-il d\u00e9clar\u00e9, estimant que le groupe californien doit se conformer pleinement au droit antitrust europ\u00e9en. Des d\u00e9clarations faites au micro d\u2019un podcast du magazine Politico alors m\u00eame que Bruxelles accentue la pression sur le g\u00e9ant am\u00e9ricain, au risque de d\u00e9clencher une confrontation commerciale avec Washington.<\/p>\n<\/p>\n<p>\u00ab\u00a0Pratiquement pas d\u2019imp\u00f4t\u00a0\u00bb malgr\u00e9 \u00ab\u00a0d\u2019\u00e9normes marges\u00a0\u00bb<\/p>\n<p>Aux Etats-Unis, l\u2019entreprise est d\u00e9j\u00e0 sous surveillance. Le gouvernement am\u00e9ricain avait initialement envisag\u00e9 <a href=\"https:\/\/www.20minutes.fr\/high-tech\/by-the-web\/4156243-20250531-google-va-devoir-separer-navigateur-internet-chrome\" class=\"c-link c-link--is-underlined\" target=\"_blank\" rel=\"noopener\">de forcer Google \u00e0 se s\u00e9parer de son navigateur Chrome<\/a>. Finalement, d\u00e9but septembre, la justice avait exig\u00e9 <a href=\"https:\/\/www.20minutes.fr\/high-tech\/4170865-20250903-etats-unis-place-sous-surveillance-google-finalement-besoin-separer-chrome\" class=\"c-link c-link--is-underlined\" target=\"_blank\" rel=\"noopener\">une mesure plus limit\u00e9e<\/a>\u00a0: l\u2019ouverture de ses r\u00e9sultats de recherche et de certaines donn\u00e9es \u00e0 ses concurrents.<\/p>\n<p>En Europe, Wolfram Weimer veut aller plus loin. Il plaide pour une r\u00e9gulation plus stricte. L\u2019Union europ\u00e9enne \u00ab\u00a0est sur la bonne voie, mais nous avons besoin de beaucoup plus\u00a0\u00bb. Le ministre r\u00e9clame \u00e9galement une application rigoureuse des r\u00e8gles fiscales europ\u00e9ennes, accusant Google de ne payer \u00ab\u00a0pratiquement aucun imp\u00f4t\u00a0\u00bb sur le continent, malgr\u00e9 \u00ab\u00a0d\u2019\u00e9normes marges\u00a0\u00bb. En mai, il avait d\u00e9j\u00e0 \u00e9voqu\u00e9 l\u2019id\u00e9e d\u2019une taxe nationale ciblant les revenus publicitaires de Google et de Meta, maison m\u00e8re de Facebook.<\/p>\n<p><a href=\"https:\/\/www.20minutes.fr\/high-tech\/google\/\" class=\"c-link c-btn c-btn--primary\" target=\"_blank\" rel=\"noopener\">Notre dossier sur Google<\/a>La \u00ab\u00a0libert\u00e9 d\u2019opinion menac\u00e9e\u00a0\u00bb<\/p>\n<p>Le bras de fer entre Bruxelles et <a href=\"https:\/\/www.20minutes.fr\/dossier\/washington\" class=\"c-link c-link--is-underlined\" target=\"_blank\" rel=\"noopener\">Washington<\/a> sur l\u2019imposition des g\u00e9ants am\u00e9ricains du num\u00e9rique dure depuis plusieurs ann\u00e9es mais s\u2019est intensifi\u00e9 d\u00e9but septembre, apr\u00e8s la d\u00e9cision de la <a href=\"https:\/\/www.20minutes.fr\/dossier\/commission_europeenne\" class=\"c-link c-link--is-underlined\" target=\"_blank\" rel=\"noopener\">Commission europ\u00e9enne<\/a> d\u2019infliger pr\u00e8s de 3\u00a0milliards d\u2019euros d\u2019amende \u00e0 Google pour abus de position dominante dans la publicit\u00e9 en ligne. En r\u00e9ponse, le pr\u00e9sident am\u00e9ricain Donald Trump a menac\u00e9 d\u2019imposer des droits de douane de r\u00e9torsion si l\u2019<a href=\"https:\/\/www.20minutes.fr\/dossier\/europe\" class=\"c-link c-link--is-underlined\" target=\"_blank\" rel=\"noopener\">Europe<\/a> maintenait cette sanction.<\/p>\n<p>Pour Wolfram Weimer, l\u2019enjeu d\u00e9passe la simple r\u00e9gulation \u00e9conomique. Google \u00ab\u00a0change le paysage m\u00e9diatique et donc les bases d\u00e9mocratiques du pays\u00a0\u00bb, a encore ajout\u00e9 le politicien. \u00ab\u00a0De ce fait, notre libert\u00e9 d\u2019opinion est menac\u00e9e\u00a0\u00bb, a-t-il averti, appelant les cha\u00eenes publiques et les m\u00e9dias priv\u00e9s europ\u00e9ens \u00e0 renforcer leur coop\u00e9ration pour contrebalancer l\u2019influence des g\u00e9ants am\u00e9ricains de la tech.<\/p>\n","protected":false},"excerpt":{"rendered":"Le ministre allemand des M\u00e9dias et de la Culture, Wolfram Weimer, a appel\u00e9 ce jeudi au \u00ab\u00a0d\u00e9mant\u00e8lement\u00a0\u00bb de&hellip;\n","protected":false},"author":2,"featured_media":401007,"comment_status":"","ping_status":"","sticky":false,"template":"","format":"standard","meta":{"footnotes":""},"categories":[1587],"tags":[47,11,672,2360,1804,1805,1803,75,73,1777,674,4688,1801,323,1016,74,12,1802],"class_list":{"0":"post-401006","1":"post","2":"type-post","3":"status-publish","4":"format-standard","5":"has-post-thumbnail","7":"category-allemagne","8":"tag-actualite","9":"tag-actualites","10":"tag-allemagne","11":"tag-bruxelles","12":"tag-bundesrepublik-deutschland","13":"tag-de","14":"tag-deutschland","15":"tag-donald-trump","16":"tag-etats-unis","17":"tag-eu","18":"tag-europe","19":"tag-facebook","20":"tag-germany","21":"tag-google","22":"tag-meta","23":"tag-monde","24":"tag-news","25":"tag-republique-federale-dallemagne"},"share_on_mastodon":{"url":"https:\/\/pubeurope.com\/@fr\/115227761487760385","error":""},"_links":{"self":[{"href":"https:\/\/www.europesays.com\/fr\/wp-json\/wp\/v2\/posts\/401006","targetHints":{"allow":["GET"]}}],"collection":[{"href":"https:\/\/www.europesays.com\/fr\/wp-json\/wp\/v2\/posts"}],"about":[{"href":"https:\/\/www.europesays.com\/fr\/wp-json\/wp\/v2\/types\/post"}],"author":[{"embeddable":true,"href":"https:\/\/www.europesays.com\/fr\/wp-json\/wp\/v2\/users\/2"}],"replies":[{"embeddable":true,"href":"https:\/\/www.europesays.com\/fr\/wp-json\/wp\/v2\/comments?post=401006"}],"version-history":[{"count":0,"href":"https:\/\/www.europesays.com\/fr\/wp-json\/wp\/v2\/posts\/401006\/revisions"}],"wp:featuredmedia":[{"embeddable":true,"href":"https:\/\/www.europesays.com\/fr\/wp-json\/wp\/v2\/media\/401007"}],"wp:attachment":[{"href":"https:\/\/www.europesays.com\/fr\/wp-json\/wp\/v2\/media?parent=401006"}],"wp:term":[{"taxonomy":"category","embeddable":true,"href":"https:\/\/www.europesays.com\/fr\/wp-json\/wp\/v2\/categories?post=401006"},{"taxonomy":"post_tag","embeddable":true,"href":"https:\/\/www.europesays.com\/fr\/wp-json\/wp\/v2\/tags?post=401006"}],"curies":[{"name":"wp","href":"https:\/\/api.w.org\/{rel}","templated":true}]}}