{"id":401011,"date":"2025-09-18T22:56:12","date_gmt":"2025-09-18T22:56:12","guid":{"rendered":"https:\/\/www.europesays.com\/fr\/401011\/"},"modified":"2025-09-18T22:56:12","modified_gmt":"2025-09-18T22:56:12","slug":"le-grand-malaise-des-francais-juifs-devant-la-reconnaissance-de-la-palestine","status":"publish","type":"post","link":"https:\/\/www.europesays.com\/fr\/401011\/","title":{"rendered":"le grand malaise des Fran\u00e7ais juifs devant la reconnaissance de la Palestine"},"content":{"rendered":"<p><strong>ENQU\u00caTE &#8211;<\/strong> Ils se sentent \u00abtrahis\u00bb par leur pays et ses responsables politiques. Et regrettent la d\u00e9cision d\u2019Emmanuel Macron, approuv\u00e9e par 29\u00a0% seulement de leurs compatriotes.<\/p>\n<p class=\"fig-paragraph\">Un \u00ab\u00a0sondage\u00a0\u00bb, cr\u00e9\u00e9 \u00e0 la rentr\u00e9e sur un groupe WhatsApp d\u2019\u00e9tudiants de l\u2019universit\u00e9 Paris\u00a01, qui demande abruptement\u00a0:\u00a0<a href=\"http:\/\/www.lefigaro.fr\/actualite-france\/pour-ou-contre-les-juifs-des-messages-antisemites-d-etudiants-secouent-la-sorbonne-20250916\" data-fig-type=\"Article\" data-gtm-custom-categorie=\"navigation\" data-gtm-custom-action=\"crossclick\" data-gtm-custom-label=\"Contextuel\" data-gtm-event=\"customEventSPE\" data-fig-domain=\"LEFIGARO\" target=\"_blank\" rel=\"noopener\">\u00ab\u00a0Les juifs, pour ou contre\u00a0?\u00a0\u00bb<\/a> . Un colloque sur l\u2019histoire des Juifs de France, boycott\u00e9, ce week-end, par des chercheurs. La synagogue de S\u00e8te vandalis\u00e9e dans la nuit de mardi \u00e0 mercredi. Des mains rouges et des \u00e9toiles de David tagu\u00e9es par dizaines, cet \u00e9t\u00e9, sur des immeubles. Des commerces, des synagogues ou le M\u00e9morial de la Shoah asperg\u00e9s de peinture verte\u2026 C\u2019est dans ce contexte de mont\u00e9e en puissance de l\u2019\u00ab\u00a0antis\u00e9mitisme d\u2019intimidation\u00a0\u00bb que Paris doit formaliser, le 22\u00a0septembre, avec plusieurs autres pays, sa reconnaissance de l\u2019\u00c9tat palestinien. Alors qu\u2019ils c\u00e9l\u00e9breront ce jour-l\u00e0 Roch Hachana, le Nouvel An juif, les Fran\u00e7ais de confession juive ne cachent pas leur d\u00e9sarroi.<\/p>\n<p class=\"fig-paragraph\">La France doit-elle reconna\u00eetre\u00a0<a href=\"http:\/\/www.lefigaro.fr\/international\/dossier\/reconnaissance-de-l-etat-de-palestine-notre-dossier-pour-tout-comprendre\" data-fig-type=\"Topic\" data-gtm-custom-categorie=\"navigation\" data-gtm-custom-action=\"crossclick\" data-gtm-custom-label=\"Contextuel\" data-gtm-event=\"customEventSPE\" data-fig-domain=\"LEFIGARO\" target=\"_blank\" rel=\"noopener\">un \u00c9tat palestinien<\/a>\u00a0\u00ab\u00a0tout de suite et sans conditions\u00a0\u00bb\u00a0? Selon un sondage Ifop pour le Conseil repr\u00e9sentatif des institutions\u2026<\/p>\n<p class=\"fig-premium-paywall__infos\">\n        Cet article est r\u00e9serv\u00e9 aux abonn\u00e9s.        Il vous reste 88% \u00e0 d\u00e9couvrir.\n    <\/p>\n<p>                <img  data- alt=\"Le Figaro\" class=\"fig-img--complete fig-img\"\/><\/p>\n<p class=\"fig-premium-paywall__title\">Vous avez envie de lire la suite ?<\/p>\n<p class=\"fig-premium-paywall__subtitle\">D\u00e9bloquez tous les articles imm\u00e9diatement.<\/p>\n<p class=\"fig-premium-paywall__connect\">\n                D\u00e9j\u00e0 abonn\u00e9\u00a0?                <a class=\"fig-premium-paywall__connect-link\" href=\"https:\/\/connect.lefigaro.fr\/login?client=horizon_web&amp;type=main&amp;redirect_uri=https%3A%2F%2Fwww.lefigaro.fr%2Factualite-france%2Fc-est-mettre-une-cible-dans-notre-dos-le-grand-malaise-des-francais-juifs-devant-la-reconnaissance-de-la-palestine-20250918\" data-js-gtm=\"{&quot;customCategorie&quot;: &quot;conversion&quot;, &quot;customAction&quot;: &quot;before_Landing_Connexion_paywall_auto&quot;, &quot;customLabel&quot;: &quot;bGVmaWdhcm8uZnJfXzFmMDkyMWUzLTEwZDYtNjBkYy05MmM2LWIxZjJjM2Q0MzVhMl9fQXJ0aWNsZQ==_\u00abC\u2019est mettre une cible dans notre dos\u00bb\u00a0: le grand malaise des Fran\u00e7ais juifs devant la reconnaissance de la Palestine_160&quot;, &quot;customIDSPE&quot;: &quot;bGVmaWdhcm8uZnJfXzFmMDkyMWUzLTEwZDYtNjBkYy05MmM2LWIxZjJjM2Q0MzVhMl9fQXJ0aWNsZQ==&quot;, &quot;event&quot;: &quot;customEventSPE&quot;}\" target=\"_blank\" rel=\"noopener\"><br \/>\n                    Connectez-vous<br \/>\n                <\/a>\n            <\/p>\n","protected":false},"excerpt":{"rendered":"ENQU\u00caTE &#8211; Ils se sentent \u00abtrahis\u00bb par leur pays et ses responsables politiques. Et regrettent la d\u00e9cision d\u2019Emmanuel&hellip;\n","protected":false},"author":2,"featured_media":401012,"comment_status":"","ping_status":"","sticky":false,"template":"","format":"standard","meta":{"footnotes":""},"categories":[2],"tags":[11,1011,27,17198,12,3518,25],"class_list":{"0":"post-401011","1":"post","2":"type-post","3":"status-publish","4":"format-standard","5":"has-post-thumbnail","7":"category-actualites","8":"tag-actualites","9":"tag-fr","10":"tag-france","11":"tag-juifs","12":"tag-news","13":"tag-palestine","14":"tag-republique-francaise"},"share_on_mastodon":{"url":"https:\/\/pubeurope.com\/@fr\/115227773265091841","error":""},"_links":{"self":[{"href":"https:\/\/www.europesays.com\/fr\/wp-json\/wp\/v2\/posts\/401011","targetHints":{"allow":["GET"]}}],"collection":[{"href":"https:\/\/www.europesays.com\/fr\/wp-json\/wp\/v2\/posts"}],"about":[{"href":"https:\/\/www.europesays.com\/fr\/wp-json\/wp\/v2\/types\/post"}],"author":[{"embeddable":true,"href":"https:\/\/www.europesays.com\/fr\/wp-json\/wp\/v2\/users\/2"}],"replies":[{"embeddable":true,"href":"https:\/\/www.europesays.com\/fr\/wp-json\/wp\/v2\/comments?post=401011"}],"version-history":[{"count":0,"href":"https:\/\/www.europesays.com\/fr\/wp-json\/wp\/v2\/posts\/401011\/revisions"}],"wp:featuredmedia":[{"embeddable":true,"href":"https:\/\/www.europesays.com\/fr\/wp-json\/wp\/v2\/media\/401012"}],"wp:attachment":[{"href":"https:\/\/www.europesays.com\/fr\/wp-json\/wp\/v2\/media?parent=401011"}],"wp:term":[{"taxonomy":"category","embeddable":true,"href":"https:\/\/www.europesays.com\/fr\/wp-json\/wp\/v2\/categories?post=401011"},{"taxonomy":"post_tag","embeddable":true,"href":"https:\/\/www.europesays.com\/fr\/wp-json\/wp\/v2\/tags?post=401011"}],"curies":[{"name":"wp","href":"https:\/\/api.w.org\/{rel}","templated":true}]}}