{"id":40103,"date":"2025-04-20T23:42:08","date_gmt":"2025-04-20T23:42:08","guid":{"rendered":"https:\/\/www.europesays.com\/fr\/40103\/"},"modified":"2025-04-20T23:42:08","modified_gmt":"2025-04-20T23:42:08","slug":"les-etats-unis-simposent-en-finale-face-au-canada-rts-ch","status":"publish","type":"post","link":"https:\/\/www.europesays.com\/fr\/40103\/","title":{"rendered":"Les Etats-Unis s&rsquo;imposent en finale face au Canada &#8211; rts.ch"},"content":{"rendered":"<p>Pour la 23e finale Canada-USA en 24 \u00e9ditions du Mondial f\u00e9minin, le titre est revenu aux Am\u00e9ricaines \u00e0 Ceske Budejovice. Elles se sont impos\u00e9es 4-3 ap.<\/p>\n<p>Le but de la victoire dans une longue prolongation \u00e0 3 contre 3 est tomb\u00e9 de la crosse de Tessa Janecke \u00e0 la 78e. Les Etasuniennes ont trouv\u00e9 la faille \u00e0 la suite d&rsquo;une mauvaise relance de l&rsquo;arri\u00e8re canadienne Jocelyne Larocque.<\/p>\n<p>Il s&rsquo;agit du 11e titre pour les Etats-Unis. Les Canadiennes en comptent 13. Elles m\u00e8nent \u00e9galement 5-2 au niveau des titres olympiques.<\/p>\n<p class=\"sources\">ats\/tzing<\/p>\n","protected":false},"excerpt":{"rendered":"Pour la 23e finale Canada-USA en 24 \u00e9ditions du Mondial f\u00e9minin, le titre est revenu aux Am\u00e9ricaines \u00e0&hellip;\n","protected":false},"author":2,"featured_media":40104,"comment_status":"","ping_status":"","sticky":false,"template":"","format":"standard","meta":{"footnotes":""},"categories":[1589],"tags":[11,574,12397,12398,73,1866,4488,4133,12399,12,517,12400,1864,1865,1863,308,12401],"class_list":{"0":"post-40103","1":"post","2":"type-post","3":"status-publish","4":"format-standard","5":"has-post-thumbnail","7":"category-etats-unis","8":"tag-actualites","9":"tag-canada","10":"tag-championnat-du-monde-dames-tour-final-finale","11":"tag-championnat-du-monde-de-hockey-sur-glace","12":"tag-etats-unis","13":"tag-etats-unis-damerique","14":"tag-hockey","15":"tag-hockey-sur-glace","16":"tag-jocelyne-larocque","17":"tag-news","18":"tag-sport","19":"tag-tessa-janecke","20":"tag-united-states","21":"tag-united-states-of-america","22":"tag-us","23":"tag-usa","24":"tag-usa-canada"},"share_on_mastodon":{"url":"https:\/\/pubeurope.com\/@fr\/114372945382133364","error":""},"_links":{"self":[{"href":"https:\/\/www.europesays.com\/fr\/wp-json\/wp\/v2\/posts\/40103","targetHints":{"allow":["GET"]}}],"collection":[{"href":"https:\/\/www.europesays.com\/fr\/wp-json\/wp\/v2\/posts"}],"about":[{"href":"https:\/\/www.europesays.com\/fr\/wp-json\/wp\/v2\/types\/post"}],"author":[{"embeddable":true,"href":"https:\/\/www.europesays.com\/fr\/wp-json\/wp\/v2\/users\/2"}],"replies":[{"embeddable":true,"href":"https:\/\/www.europesays.com\/fr\/wp-json\/wp\/v2\/comments?post=40103"}],"version-history":[{"count":0,"href":"https:\/\/www.europesays.com\/fr\/wp-json\/wp\/v2\/posts\/40103\/revisions"}],"wp:featuredmedia":[{"embeddable":true,"href":"https:\/\/www.europesays.com\/fr\/wp-json\/wp\/v2\/media\/40104"}],"wp:attachment":[{"href":"https:\/\/www.europesays.com\/fr\/wp-json\/wp\/v2\/media?parent=40103"}],"wp:term":[{"taxonomy":"category","embeddable":true,"href":"https:\/\/www.europesays.com\/fr\/wp-json\/wp\/v2\/categories?post=40103"},{"taxonomy":"post_tag","embeddable":true,"href":"https:\/\/www.europesays.com\/fr\/wp-json\/wp\/v2\/tags?post=40103"}],"curies":[{"name":"wp","href":"https:\/\/api.w.org\/{rel}","templated":true}]}}