{"id":401047,"date":"2025-09-18T23:19:12","date_gmt":"2025-09-18T23:19:12","guid":{"rendered":"https:\/\/www.europesays.com\/fr\/401047\/"},"modified":"2025-09-18T23:19:12","modified_gmt":"2025-09-18T23:19:12","slug":"a-la-television-israelienne-emmanuel-macron-pointe-lechec-de-benjamin-netanyahu","status":"publish","type":"post","link":"https:\/\/www.europesays.com\/fr\/401047\/","title":{"rendered":"\u00c0 la t\u00e9l\u00e9vision isra\u00e9lienne, Emmanuel Macron pointe \u00ab\u00a0l\u2019\u00e9chec\u00a0\u00bb de Benjamin Netanyahu"},"content":{"rendered":"<p>        <img decoding=\"async\" loading=\"lazy\" src=\"https:\/\/www.europesays.com\/fr\/wp-content\/uploads\/2025\/09\/636ab58_upload-1-1vws1zjywsll-afp-20250820-69z49zq-v1-midres-combofilesisraelfranceconflictdiplomacy.jpeg\"  width=\"728\" height=\"410\" alt=\"\u00c0 la t\u00e9l\u00e9vision isra\u00e9lienne, Emmanuel Macron a point\u00e9 \u00ab\u00a0l\u2019\u00e9chec\u00a0\u00bb de Benjamin Netanyahu, ce jeudi 18\u00a0septembre.\"\/>  <\/p>\n<p>YVES HERMAN, ABIR SULTAN \/ AFP<\/p>\n<p>\u00c0 la t\u00e9l\u00e9vision isra\u00e9lienne, Emmanuel Macron a point\u00e9 \u00ab\u00a0l\u2019\u00e9chec\u00a0\u00bb de Benjamin Netanyahu, ce jeudi 18\u00a0septembre.<\/p>\n<p class=\"asset asset-text\">INTERNATIONAL &#8211; Sans d\u00e9tour. <a href=\"https:\/\/www.huffingtonpost.fr\/politique\/article\/la-nomination-de-sebastien-lecornu-a-pousse-ces-deputes-ecolos-a-signer-pour-la-destitution-de-macron_254734.html\" target=\"_blank\" rel=\"noopener\">Emmanuel Macron <\/a>a affirm\u00e9 ce jeudi 18\u00a0septembre, dans une interview \u00e0 une t\u00e9l\u00e9vision isra\u00e9lienne, qu\u2019Isra\u00ebl \u00e9tait en train de \u00ab\u00a0d\u00e9truire totalement\u00a0\u00bb son \u00ab\u00a0image et sa cr\u00e9dibilit\u00e9\u00a0\u00bb dans l\u2019opinion publique mondiale, en raison des victimes civiles \u00e0 <a href=\"https:\/\/www.huffingtonpost.fr\/international\/article\/gaza-ce-qui-dit-le-texte-adopte-a-l-assemblee-generale-de-l-onu-sur-l-etat-palestinien-et-qui-a-vote-contre_254761.html\" target=\"_blank\" rel=\"noopener\">Gaza<\/a>.<\/p>\n<p class=\"asset asset-text\">\u00ab\u00a0Isra\u00ebl a obtenu des r\u00e9sultats uniques en termes de s\u00e9curit\u00e9\u00a0\u00bb, \u00ab\u00a0mais mener ce genre d\u2019op\u00e9rations \u00e0 Gaza est totalement contreproductif et, je dois le dire, c\u2019est un \u00e9chec\u00a0\u00bb, a d\u00e9clar\u00e9 le pr\u00e9sident fran\u00e7ais \u00e0 la cha\u00eene 12.<\/p>\n<p class=\"asset asset-text\">Emmanuel Macron a aussi r\u00e9pondu aux attaques verbales de Benjamin Nentanyu \u00e0 son \u00e9gard depuis qu\u2019il a affirm\u00e9<a href=\"https:\/\/www.huffingtonpost.fr\/politique\/article\/la-reconnaissance-de-la-palestine-divise-toujours-autant-les-francais-malgre-l-annonce-de-macron-exclusif_253256.html\" target=\"_blank\" rel=\"noopener\"> vouloir reconna\u00eetre la Palestine \u00e0 l\u2019ONU fin septembre<\/a>. Il juge que reconna\u00eetre un \u00c9tat palestinien \u00ab\u00a0est la meilleure mani\u00e8re d\u2019isoler le Hamas\u00a0\u00bb. La semaine derni\u00e8re, le Premier ministre isra\u00e9lien a encore \u00ab\u00a0promis\u00a0\u00bb qu\u2019il n\u2019y aurait pas d\u2019\u00c9tat palestinien, lors d\u2019une c\u00e9r\u00e9monie de signature d\u2019un important projet de colonisation en Cisjordanie occup\u00e9e.<\/p>\n<p>    Offensive terrestre majeure    <\/p>\n<p class=\"asset asset-text\">Le chef de l\u2019\u00c9tat fran\u00e7ais a ensuite expliqu\u00e9 qu\u2019il avait voulu se rendre en Isra\u00ebl en amont de la r\u00e9union de la semaine prochaine \u00e0 New York pour expliquer sa position, avant que les autorit\u00e9s isra\u00e9liennes refusent sa venue. Il a ajout\u00e9 vouloir continuer \u00e0 \u00ab\u00a0travailler\u00a0\u00bb avec le Premier ministre isra\u00e9lien Benjamin Netanyahu.<\/p>\n<p class=\"asset asset-text\">Cette interview d\u2019Emmanuel Macron \u00e0 Isra\u00ebl intervient alors que l\u2019arm\u00e9e isra\u00e9lienne a lanc\u00e9 mardi\u00a016 septembre \u00e0 Gaza-ville une offensive terrestre majeure. La France a condamn\u00e9 \u00ab\u00a0avec fermet\u00e9 l\u2019extension et l\u2019intensification de l\u2019offensive isra\u00e9lienne au centre de la ville de Gaza, o\u00f9 plus de 600\u00a0000 civils seraient encore pr\u00e9sents et qui ont induit le d\u00e9placement forc\u00e9 de plus de 300\u00a0000 personnes\u00a0\u00bb, a martel\u00e9 le minist\u00e8re des Affaires \u00c9trang\u00e8res. Paris a appel\u00e9 \u00ab\u00a0Isra\u00ebl \u00e0 mettre fin \u00e0 cette campagne destructrice, qui n\u2019a plus de logique militaire, et \u00e0 reprendre au plus vite les n\u00e9gociations en vue d\u2019un cessez-le-feu et de la lib\u00e9ration de tous les otages\u00a0\u00bb.<\/p>\n<p class=\"asset asset-text\">L\u2019ONU a d\u00e9clar\u00e9 la famine \u00e0 Gaza, ce que d\u00e9ment Isra\u00ebl. Mardi, une commission d\u2019enqu\u00eate ind\u00e9pendante mandat\u00e9e par l\u2019ONU a \u00e9tabli qu\u2019Isra\u00ebl commettait un g\u00e9nocide contre les Palestiniens \u00e0 Gaza. Isra\u00ebl a aussi ni\u00e9.<\/p>\n","protected":false},"excerpt":{"rendered":"YVES HERMAN, ABIR SULTAN \/ AFP \u00c0 la t\u00e9l\u00e9vision isra\u00e9lienne, Emmanuel Macron a point\u00e9 \u00ab\u00a0l\u2019\u00e9chec\u00a0\u00bb de Benjamin Netanyahu,&hellip;\n","protected":false},"author":2,"featured_media":401048,"comment_status":"","ping_status":"","sticky":false,"template":"","format":"standard","meta":{"footnotes":""},"categories":[5],"tags":[11,3259,1073,1011,27,665,14,664,12,28],"class_list":{"0":"post-401047","1":"post","2":"type-post","3":"status-publish","4":"format-standard","5":"has-post-thumbnail","7":"category-international","8":"tag-actualites","9":"tag-conflit-israelo-palestinien","10":"tag-emmanuel-macron","11":"tag-fr","12":"tag-france","13":"tag-gaza","14":"tag-international","15":"tag-israel","16":"tag-news","17":"tag-world"},"share_on_mastodon":{"url":"https:\/\/pubeurope.com\/@fr\/115227863946084673","error":""},"_links":{"self":[{"href":"https:\/\/www.europesays.com\/fr\/wp-json\/wp\/v2\/posts\/401047","targetHints":{"allow":["GET"]}}],"collection":[{"href":"https:\/\/www.europesays.com\/fr\/wp-json\/wp\/v2\/posts"}],"about":[{"href":"https:\/\/www.europesays.com\/fr\/wp-json\/wp\/v2\/types\/post"}],"author":[{"embeddable":true,"href":"https:\/\/www.europesays.com\/fr\/wp-json\/wp\/v2\/users\/2"}],"replies":[{"embeddable":true,"href":"https:\/\/www.europesays.com\/fr\/wp-json\/wp\/v2\/comments?post=401047"}],"version-history":[{"count":0,"href":"https:\/\/www.europesays.com\/fr\/wp-json\/wp\/v2\/posts\/401047\/revisions"}],"wp:featuredmedia":[{"embeddable":true,"href":"https:\/\/www.europesays.com\/fr\/wp-json\/wp\/v2\/media\/401048"}],"wp:attachment":[{"href":"https:\/\/www.europesays.com\/fr\/wp-json\/wp\/v2\/media?parent=401047"}],"wp:term":[{"taxonomy":"category","embeddable":true,"href":"https:\/\/www.europesays.com\/fr\/wp-json\/wp\/v2\/categories?post=401047"},{"taxonomy":"post_tag","embeddable":true,"href":"https:\/\/www.europesays.com\/fr\/wp-json\/wp\/v2\/tags?post=401047"}],"curies":[{"name":"wp","href":"https:\/\/api.w.org\/{rel}","templated":true}]}}