{"id":401055,"date":"2025-09-18T23:23:21","date_gmt":"2025-09-18T23:23:21","guid":{"rendered":"https:\/\/www.europesays.com\/fr\/401055\/"},"modified":"2025-09-18T23:23:21","modified_gmt":"2025-09-18T23:23:21","slug":"les-opposants-enfoncent-le-clou-et-saisissent-la-justice","status":"publish","type":"post","link":"https:\/\/www.europesays.com\/fr\/401055\/","title":{"rendered":"les opposants enfoncent le clou et saisissent la justice"},"content":{"rendered":"<p><a href=\"https:\/\/region-aura.latribune.fr\/territoire\/2025-06-10\/aeroport-de-saint-etienne-des-subventions-publiques-dans-le-viseur-d-une-association-1026769.html\" rel=\"nofollow noopener\" target=\"_blank\">Elle l&rsquo;avait annonc\u00e9 en juin dernier :<\/a> sans r\u00e9action du d\u00e9partement dans un d\u00e9lai de deux mois, son recours gracieux se transformerait en action en justice aupr\u00e8s du tribunal administratif. Le d\u00e9lai ayant expir\u00e9, l&rsquo;association lig\u00e9rienne Forez Agir, se pr\u00e9sentant comme \u00ab apolitique et actrice du d\u00e9bat public \u00bb, a donc concr\u00e9tis\u00e9 sa menace et lanc\u00e9 une proc\u00e9dure aupr\u00e8s de la justice administrative.<\/p>\n<p>Dans son viseur : le budget 2025 du d\u00e9partement de la Loire et, plus particuli\u00e8rement, la ligne concernant le versement d&rsquo;une subvention de 527 420 euros au Syndicat mixte de l&rsquo;A\u00e9roport de Saint-\u00c9tienne Loire (Smasel). Depuis 2017, le d\u00e9partement en est l&rsquo;actionnaire majoritaire (\u00e0 hauteur de 43 %), aux c\u00f4t\u00e9s de trois autres collectivit\u00e9s locales (Saint-\u00c9tienne M\u00e9tropole, Loire-Forez Agglom\u00e9ration, Communaut\u00e9 de communes Forez-Est) et de la CCI Lyon Saint-\u00c9tienne Roanne.<\/p>\n","protected":false},"excerpt":{"rendered":"Elle l&rsquo;avait annonc\u00e9 en juin dernier : sans r\u00e9action du d\u00e9partement dans un d\u00e9lai de deux mois, son&hellip;\n","protected":false},"author":2,"featured_media":401056,"comment_status":"","ping_status":"","sticky":false,"template":"","format":"standard","meta":{"footnotes":""},"categories":[9653],"tags":[17,1111,11,2430,1003,12971,53260,1777,674,1011,27,46482,151,12,50451,25,4001,7600],"class_list":{"0":"post-401055","1":"post","2":"type-post","3":"status-publish","4":"format-standard","5":"has-post-thumbnail","7":"category-saint-etienne","8":"tag-17","9":"tag-actu","10":"tag-actualites","11":"tag-auvergne-rhone-alpes","12":"tag-budget","13":"tag-clou","14":"tag-enfoncent","15":"tag-eu","16":"tag-europe","17":"tag-fr","18":"tag-france","19":"tag-laeroport","20":"tag-les","21":"tag-news","22":"tag-opposants","23":"tag-republique-francaise","24":"tag-saint-etienne","25":"tag-territoire-la-tribune-aura"},"share_on_mastodon":{"url":"https:\/\/pubeurope.com\/@fr\/115227879220886771","error":""},"_links":{"self":[{"href":"https:\/\/www.europesays.com\/fr\/wp-json\/wp\/v2\/posts\/401055","targetHints":{"allow":["GET"]}}],"collection":[{"href":"https:\/\/www.europesays.com\/fr\/wp-json\/wp\/v2\/posts"}],"about":[{"href":"https:\/\/www.europesays.com\/fr\/wp-json\/wp\/v2\/types\/post"}],"author":[{"embeddable":true,"href":"https:\/\/www.europesays.com\/fr\/wp-json\/wp\/v2\/users\/2"}],"replies":[{"embeddable":true,"href":"https:\/\/www.europesays.com\/fr\/wp-json\/wp\/v2\/comments?post=401055"}],"version-history":[{"count":0,"href":"https:\/\/www.europesays.com\/fr\/wp-json\/wp\/v2\/posts\/401055\/revisions"}],"wp:featuredmedia":[{"embeddable":true,"href":"https:\/\/www.europesays.com\/fr\/wp-json\/wp\/v2\/media\/401056"}],"wp:attachment":[{"href":"https:\/\/www.europesays.com\/fr\/wp-json\/wp\/v2\/media?parent=401055"}],"wp:term":[{"taxonomy":"category","embeddable":true,"href":"https:\/\/www.europesays.com\/fr\/wp-json\/wp\/v2\/categories?post=401055"},{"taxonomy":"post_tag","embeddable":true,"href":"https:\/\/www.europesays.com\/fr\/wp-json\/wp\/v2\/tags?post=401055"}],"curies":[{"name":"wp","href":"https:\/\/api.w.org\/{rel}","templated":true}]}}