{"id":401076,"date":"2025-09-18T23:38:48","date_gmt":"2025-09-18T23:38:48","guid":{"rendered":"https:\/\/www.europesays.com\/fr\/401076\/"},"modified":"2025-09-18T23:38:48","modified_gmt":"2025-09-18T23:38:48","slug":"a-strasbourg-le-wagon-souk-deraille","status":"publish","type":"post","link":"https:\/\/www.europesays.com\/fr\/401076\/","title":{"rendered":"\u00e0 Strasbourg, le Wagon Souk d\u00e9raille"},"content":{"rendered":"<p><strong>Rien ne va plus au Wagon Souk. Depuis plusieurs semaines, les mises en cause s\u2019accumulent autour de ce qui \u00e9tait devenu, au fil des ans, un incontournable de la vie culturelle et solidaire \u00e0 Strasbourg. L\u2019arr\u00eat\u00e9 pr\u00e9fectoral pris le 29 ao\u00fbt dernier, ordonnant la fermeture administrative du lieu, ent\u00e9rine des dysfonctionnements majeurs. <\/strong><\/p>\n<p style=\"text-align: center;\"><strong>Plusieurs t\u00e9moignages pr\u00e9sents dans cet article ont \u00e9t\u00e9 rendus anonymes \u00e0 la demande des personnes interrog\u00e9es.<\/strong><strong><br \/><\/strong><\/p>\n<p>Mi-juillet, la sous-pr\u00e9f\u00e8te C\u00e9cile Rackette se d\u00e9place en personne au Wagon Souk pour une op\u00e9ration coordonnant plusieurs services de l\u2019\u00c9tat. Sur place, <strong>600 bouteilles d\u2019alcools forts sont trouv\u00e9es.<\/strong><\/p>\n<p>Contact\u00e9e par t\u00e9l\u00e9phone d\u00e9but septembre, la repr\u00e9sentante de l\u2019\u00c9tat le pr\u00e9cise : la licence 4 avait \u00e9t\u00e9 refus\u00e9e au tiers-lieu \u00e0 cause de sa non-conformit\u00e9 aux normes de s\u00e9curit\u00e9 \u2013 <strong>un rapport de la police des b\u00e2timents, datant de 2024, alertait sur la possibilit\u00e9 de cons\u00e9quences dramatiques pour le public et les secours en cas d\u2019incendie<\/strong>. Elle indique \u00e9galement avoir \u00e9t\u00e9 inform\u00e9e de la poursuite de la vente ill\u00e9gale d\u00e9but ao\u00fbt, en d\u00e9pit de la saisie des bouteilles en question.<\/p>\n<p>Au c\u0153ur de la temp\u00eate : le g\u00e9rant du Wagon Souk et pr\u00e9sident de l\u2019association \u00ab Sauver le Monde \u00bb en charge du lieu, Mohamed Zahi \u2013 plus connu sous le nom de Za\u00ef Mo.<\/p>\n<p>    <img width=\"450\" height=\"600\" src=\"https:\/\/www.europesays.com\/fr\/wp-content\/uploads\/2025\/09\/img-9549-450x600.jpeg\" class=\"attachment-image-size-M size-image-size-M\" alt=\"Wagon Souk\" decoding=\"async\" loading=\"lazy\"  \/>         \u00a9 Anthony Jilli \/ Pokaa <\/p>\n<p>L\u2019homme fait face aux cons\u00e9quences de ce contr\u00f4le dont le bilan est lourd <strong>: en plus de la vente<\/strong> <strong>d\u2019alcools forts sans licence, l\u2019administration l\u2019\u00e9pingle pour travail dissimul\u00e9, possession de plusieurs kilos de tabac \u00e0 narguil\u00e9, l\u2019emploi d\u2019une personne en situation irr\u00e9guli\u00e8re sans autorisation. Et toujours cette absence de conformit\u00e9 aux normes incendie qui perdure depuis plusieurs ann\u00e9es.<\/strong><\/p>\n<p>Au-del\u00e0 de ses d\u00e9boires administratifs, le patron du Wagon Souk est cibl\u00e9 par plusieurs accusations de violences qui ont secou\u00e9 les r\u00e9seaux sociaux strasbourgeois.<\/p>\n<p>Si une partie du public a \u00e9t\u00e9 m\u00e9dus\u00e9e par la brusque accumulation des pol\u00e9miques, <strong>beaucoup d\u2019acteurs\/rices du milieu culturel et solidaire d\u00e9crivent plut\u00f4t l\u2019\u00e9clatement attendu d\u2019une situation probl\u00e9matique depuis plusieurs ann\u00e9es et d\u2019un \u00ab climat de terreur \u00bb instaur\u00e9 autour du patron.<\/strong><\/p>\n<p>    <img width=\"800\" height=\"474\" src=\"https:\/\/www.europesays.com\/fr\/wp-content\/uploads\/2025\/09\/wagonsouk-89-800x474.png\" class=\"attachment-image-size-L size-image-size-L\" alt=\"Wagon Souk\" decoding=\"async\" loading=\"lazy\"  \/>         \u00a9 Manon Jensen \/ Pokaa <\/p>\n<p>La triste saga d\u2019un \u00e9t\u00e9 strasbourgeois<\/p>\n<p>Apr\u00e8s de premiers d\u00e9m\u00eal\u00e9s avec la mairie concernant le renouvellement du bail au printemps, <strong>la mise en place d\u2019un accord entre la Ville et le Wagon Souk a d\u2019abord sembl\u00e9 esquisser un \u00e9t\u00e9 apais\u00e9, voire un nouveau d\u00e9part pour le tiers-lieu. \u00a0<\/strong><\/p>\n<p>Il n\u2019en fut rien.<\/p>\n<p>                <img width=\"889\" height=\"500\" src=\"https:\/\/www.europesays.com\/fr\/wp-content\/uploads\/2025\/09\/whatsapp-image-2024-03-05-at-204837-889x500.jpeg\" class=\"attachment-gallery size-gallery\" alt=\"Wagon Souk\" data-full-url=\"https:\/\/pokaa.fr\/wp-content\/uploads\/2024\/03\/05\/whatsapp-image-2024-03-05-at-204837-1500x843.jpeg\" decoding=\"async\" loading=\"lazy\"  \/>            <\/p>\n<p>                <img width=\"889\" height=\"500\" src=\"https:\/\/www.europesays.com\/fr\/wp-content\/uploads\/2025\/09\/whatsapp-image-2024-03-05-at-205214-889x500.jpeg\" class=\"attachment-gallery size-gallery\" alt=\"Wagon Souk Dispensaire des plantes\" data-full-url=\"https:\/\/pokaa.fr\/wp-content\/uploads\/2024\/03\/05\/whatsapp-image-2024-03-05-at-205214-1500x843.jpeg\" decoding=\"async\" loading=\"lazy\"  \/>            <\/p>\n<p>                    \u00a9 Caroline Alonso Alvarez \/ Pokaa<\/p>\n<p>Fin juin, une DJ strasbourgeoise<strong> d\u00e9nonce le comportement de Za\u00ef Mo sur les r\u00e9seaux sociaux.<\/strong> Elle re\u00e7oit le soutien de plusieurs artistes et personnalit\u00e9s du monde culturel et militant, <strong>certain(e)s t\u00e9moignent avoir v\u00e9cu des exp\u00e9riences similaires et \u00e9voquent des \u00ab\u00a0comportements sexistes et mena\u00e7ants\u00a0\u00bb.<\/strong><\/p>\n<p>Dans la foul\u00e9e, le collectif Diaspora \u2013 qui lutte pour les questions antiracistes, d\u00e9coloniales et queers \u2013 <strong>lance un appel \u00e0 t\u00e9moignages sur les r\u00e9seaux sociaux<\/strong>.<\/p>\n<blockquote><p>\n        Depuis plusieurs ann\u00e9es, des intervenant-es, salari\u00e9-es et membres du public rapportent des attitudes abusives, irrespectueuses ou intimidantes.    <\/p><\/blockquote>\n<p>            Extrait de l\u2019appel \u00e0 t\u00e9moignages publi\u00e9 par le collectif Diaspora sur ses r\u00e9seaux sociaux<\/p>\n<p>    <img width=\"396\" height=\"600\" src=\"https:\/\/www.europesays.com\/fr\/wp-content\/uploads\/2025\/09\/img-13041-396x600.jpeg\" class=\"attachment-image-size-M size-image-size-M\" alt=\"IMG_1304(1)\" decoding=\"async\" loading=\"lazy\"  \/>         Appel \u00e0 t\u00e9moignages lanc\u00e9 pendant l&rsquo;\u00e9t\u00e9 par le collectif Diaspora. \u00a9 Diaspora \/ Capture d&rsquo;\u00e9cran <\/p>\n<p>Le 23 ao\u00fbt, l\u2019ex-compagne de Za\u00ef Mo et ex-cog\u00e9rante du Wagon Souk, ainsi qu\u2019une personnalit\u00e9 du monde artistique, prennent la parole. Sur les r\u00e9seaux sociaux<strong>, elles d\u00e9noncent des faits de harc\u00e8lement et de diffamation et disent avoir d\u00e9pos\u00e9 plainte.<\/strong> En r\u00e9action, de nombreux\/ses internautes t\u00e9moignent leur soutien.<\/p>\n<p>    <img width=\"800\" height=\"400\" src=\"https:\/\/www.europesays.com\/fr\/wp-content\/uploads\/2025\/09\/design-sans-titre161-800x400.png\" class=\"attachment-image-size-L size-image-size-L\" alt=\"Montage t\u00e9moignage WS\" decoding=\"async\" loading=\"lazy\"  \/>         \u00a9\u00a0Captures d&rsquo;\u00e9cran <\/p>\n<p><strong>Dernier \u00e9pisode estival, la m\u00e9saventure de Micah Nicolin, alias Geko, artiste peintre. Au d\u00e9but de l\u2019\u00e9t\u00e9, il signe un contrat de pr\u00eat qui vise \u00e0 exposer une toile au Wagon Souk jusqu\u2019au 31 ao\u00fbt. <\/strong><\/p>\n<p><strong>Lorsqu\u2019il se rend sur place avec un ami le 30 ao\u00fbt, il retrouve sa toile \u00e9ventr\u00e9e : \u00ab Elle est d\u00e9chir\u00e9e de partout. \u00c0 ce moment-l\u00e0, je suis choqu\u00e9, rien ne sort de ma bouche. \u00bb<\/strong>\u00a0Selon l\u2019artiste, le patron du Wagon Souk le raille et, devant lui, pi\u00e9tine volontairement ce qu\u2019il reste de la toile.<\/p>\n<p>                <img width=\"375\" height=\"500\" src=\"https:\/\/www.europesays.com\/fr\/wp-content\/uploads\/2025\/09\/img-8669-375x500.jpeg\" class=\"attachment-gallery size-gallery\" alt=\"T\u00e9moignage Wagon Souk toile Geko Dot\" data-full-url=\"https:\/\/pokaa.fr\/wp-content\/uploads\/2025\/09\/09\/img-8669-rotated.jpeg\" decoding=\"async\" loading=\"lazy\"  \/>            <\/p>\n<p>                <img width=\"667\" height=\"500\" src=\"https:\/\/www.europesays.com\/fr\/wp-content\/uploads\/2025\/09\/img-3338-667x500.jpeg\" class=\"attachment-gallery size-gallery\" alt=\"T\u00e9moignage Wagon Souk toile Geko Dot\" data-full-url=\"https:\/\/pokaa.fr\/wp-content\/uploads\/2025\/09\/09\/img-3338.jpeg\" decoding=\"async\" loading=\"lazy\"  \/>            <\/p>\n<p>                    La toile expos\u00e9e faisait 1,5m x 2,5m. \u00a9 @micah_loup_nicolin \/ Document remis<\/p>\n<p>Dans une vid\u00e9o montrant une partie de l\u2019altercation, que Pokaa a pu consulter, on voit le patron du Wagon Souk porter des coups en direction de Micah, faisant chuter son t\u00e9l\u00e9phone. Puis l\u2019ami de ce dernier le repousse physiquement.<\/p>\n<p>Le jeune homme n\u2019a jamais \u00e9t\u00e9 d\u00e9dommag\u00e9 pour la destruction de sa toile, qu\u2019il estime \u00e0 500\u20ac. Celui qui dit avoir fait l\u2019objet d\u2019intimidations et d\u2019insultes de la part du g\u00e9rant <strong>assume vouloir prendre la parole publiquement pour d\u00e9noncer ses agissements. <\/strong><\/p>\n<p>De son c\u00f4t\u00e9, et toujours sur les r\u00e9seaux sociaux, Za\u00ef Mo dit avoir \u00e9t\u00e9 agress\u00e9 et avance une toute autre explication : selon lui, la venue de l\u2019artiste et de son ami est <strong>\u00ab\u00a0orchestr\u00e9e par une v\u00e9ritable association de malfaiteurs [\u2026] soutenue en sous-main par la mairie\u00a0\u00bb.<\/strong><\/p>\n<p>                <img width=\"300\" height=\"500\" src=\"https:\/\/www.europesays.com\/fr\/wp-content\/uploads\/2025\/09\/img-13241-300x500.jpg\" class=\"attachment-gallery size-gallery\" alt=\"story Za\u00ef Mo\" data-full-url=\"https:\/\/pokaa.fr\/wp-content\/uploads\/2025\/09\/11\/img-13241.jpg\" decoding=\"async\" loading=\"lazy\"  \/>            <\/p>\n<p>                <img width=\"305\" height=\"500\" src=\"https:\/\/www.europesays.com\/fr\/wp-content\/uploads\/2025\/09\/img-13231-305x500.jpg\" class=\"attachment-gallery size-gallery\" alt=\"story Za\u00ef Mo\" data-full-url=\"https:\/\/pokaa.fr\/wp-content\/uploads\/2025\/09\/11\/img-13231.jpg\" decoding=\"async\" loading=\"lazy\"  \/>            <\/p>\n<p>                    Le jour de l&rsquo;altercation, Za\u00ef Mo livre sa version sur ses r\u00e9seaux sociaux. Il y voit la main de Jeanne Barseghian. \u00a9 Captures d&rsquo;\u00e9cran<\/p>\n<p>La municipalit\u00e9, cible de la contre-attaque<\/p>\n<p>La mairie li\u00e9e \u00e0 un jeune artiste peintre\u00a0? Si cela peut surprendre, c\u2019est pourtant une partie de la th\u00e8se avanc\u00e9e par Za\u00ef Mo. <strong>S\u2019estimant victime d\u2019une cabale sur fond de racisme orchestr\u00e9e par la municipalit\u00e9 en place,<\/strong> il use des r\u00e9seaux sociaux pour organiser sa d\u00e9fense\u2026 par l\u2019attaque. C\u2019est l\u00e0-bas qu\u2019il qualifie l\u2019\u00e9quipe municipale de \u00ab\u00a0criminelle\u00a0\u00bb et de \u00ab\u00a0banani\u00e8re\u00a0\u00bb.<\/p>\n<p><strong>La charge fait suite \u00e0 un communiqu\u00e9 publi\u00e9 par la municipalit\u00e9 le 1er septembre 2025, dans lequel celle-ci \u00ab condamne fermement toute forme de violence qui se serait produite au sein du tiers-lieu, [\u2026] salue la lib\u00e9ration de la parole des victimes et leur apporte son soutien \u00bb.<\/strong><\/p>\n<blockquote><p>\n        La Ville ne tol\u00e8re aucune forme de discrimination et de violence et attend des membres et des instances de l\u2019association qu\u2019elles prennent toutes les mesures \u00e0 m\u00eame de clarifier la situation.    <\/p><\/blockquote>\n<p>            Communiqu\u00e9 de la Ville, le 1er septembre 2025<\/p>\n<p>                <img width=\"698\" height=\"500\" src=\"https:\/\/www.europesays.com\/fr\/wp-content\/uploads\/2025\/09\/eurometropole-strasbourg-pokaa-1.jpg\" class=\"attachment-gallery size-gallery\" alt=\"eurom\u00e9tropole strasbourg pokaa\" data-full-url=\"https:\/\/www.europesays.com\/fr\/wp-content\/uploads\/2025\/09\/eurometropole-strasbourg-pokaa-1.jpg\" decoding=\"async\" loading=\"lazy\"  \/>            <\/p>\n<p>                <img width=\"889\" height=\"500\" src=\"https:\/\/www.europesays.com\/fr\/wp-content\/uploads\/2025\/05\/whatsapp-image-2024-03-05-at-204817-889x500.jpeg\" class=\"attachment-gallery size-gallery\" alt=\"Wagon Souk\" data-full-url=\"https:\/\/pokaa.fr\/wp-content\/uploads\/2024\/03\/05\/whatsapp-image-2024-03-05-at-204817-1500x843.jpeg\" decoding=\"async\" loading=\"lazy\"  \/>            <\/p>\n<p>                    1. \u00a9 Nicolas Kaspar \/ Pokaa ; 2. \u00a9 Caroline Alonso Alvarez \/ Pokaa<\/p>\n<p><strong>Le g\u00e9rant du Wagon Souk estime que la municipalit\u00e9 s\u2019est alli\u00e9e \u00e0 son ex-compagne dans le but de mettre sur pied un nouveau projet en lieu et place du tiers-lieu actuel. <\/strong><\/p>\n<p>Selon lui, les op\u00e9rations de contr\u00f4le effectu\u00e9es cet \u00e9t\u00e9 auraient d\u2019ailleurs \u00e9t\u00e9 t\u00e9l\u00e9guid\u00e9es dans ce but. Du c\u00f4t\u00e9 de la pr\u00e9fecture, on d\u00e9fend des mesures qui suivent \u00ab une logique purement administrative \u00bb et on pointe la multitude de dysfonctionnements relatifs au Wagon Souk s\u2019\u00e9talant sur plusieurs ann\u00e9es.<\/p>\n<p>Contact\u00e9 la semaine derni\u00e8re, <strong>Syamak Agha Babaei \u2013 1er adjoint \u00e0 la maire \u2013 pointe le m\u00e9lange d\u2019\u00e9l\u00e9ments d\u2019ordre priv\u00e9 et associatif par l\u2019int\u00e9ress\u00e9<\/strong>, il balaie \u00e9galement les accusations\u00a0: \u00ab\u00a0<strong>Les relations entre mairie et associations ne se passent pas comme \u00e7a. La libert\u00e9 associative, nous on y croit<\/strong> [\u2026]. Qu\u2019on d\u00e9signe la municipalit\u00e9 lorsqu\u2019il y a un probl\u00e8me, \u00e7a arrive et c\u2019est ce qu\u2019il fait. Moi, je regarde les faits. \u00bb<\/p>\n<blockquote><p>\n        Nous faisons face \u00e0 une v\u00e9ritable association de malfaiteurs, dans laquelle le cabinet de la Maire ainsi que certains \u00e9lu\u00b7es semblent impliqu\u00e9s. Leur objectif est clair : m\u2019\u00e9carter de Wagon afin d\u2019imposer une direction docile, qu\u2019ils puissent contr\u00f4ler et qui serve leurs int\u00e9r\u00eats politiques, notamment en vue des prochaines municipales.    <\/p><\/blockquote>\n<p>            Mohamed Zahi, dans un mail adress\u00e9 \u00e0 Pokaa le 14 septembre<\/p>\n<p>Du c\u00f4t\u00e9 de plusieurs acteurs\/rices du milieu associatif et culturel strasbourgeois qui ont accept\u00e9 de t\u00e9moigner, on nous livre un tout autre son de cloche,<strong> \u00e0 l\u2019oppos\u00e9 de la th\u00e8se d\u2019un acharnement de la municipalit\u00e9.\u00a0<\/strong><\/p>\n<p>Celles et ceux qui d\u00e9crivent des comportements violents de la part de Za\u00ef Mo depuis de nombreuses ann\u00e9es en veulent \u00e0 \u00ab l\u2019inaction \u00bb d\u2019une mairie qu\u2019ils et elles jugent avoir \u00e9t\u00e9 trop accommodante : \u00ab <strong>Des \u00e9lus ont \u00e9t\u00e9 tr\u00e8s l\u00e2ches, ils ont eu des t\u00e9moignages et savaient \u00e9norm\u00e9ment de choses.<\/strong> Malgr\u00e9 \u00e7a, ils ont toujours m\u00e9nag\u00e9 la ch\u00e8vre et le chou. Le Wagon Souk, son aspect militant et sa communaut\u00e9 forte, ont r\u00e9ussi \u00e0 avoir un poids assez important pour que la mairie n\u2019agisse pas. \u00bb<\/p>\n<p>    <img width=\"800\" height=\"600\" src=\"https:\/\/www.europesays.com\/fr\/wp-content\/uploads\/2025\/09\/wagon-souk-credit-caroline-alonso-3.jpg\" class=\"attachment-image-size-L size-image-size-L\" alt=\"Wagon Souk credit Caroline Alonso (3)\" decoding=\"async\" loading=\"lazy\"  \/>         Avant de d\u00e9m\u00e9nager rue du Rempart, le Wagon Souk \u00e9tait situ\u00e9 dans le parc Gr\u00fcber, \u00e0 Koenigshoffen. \u00a9 Caroline Alonso \/ Pokaa <\/p>\n<p>De quoi irriter Syamak Agha Babaei, <strong>qui dit avoir pris connaissance des accusations cet \u00e9t\u00e9 sur les r\u00e9seaux sociaux. <\/strong>Il aurait \u00e9t\u00e9 contact\u00e9, depuis, par une victime pr\u00e9sum\u00e9e qui lui aurait fait part de son t\u00e9moignage. <strong><br \/><\/strong><\/p>\n<p><strong>S\u2019il met en avant \u00ab une proposition culturelle, une mixit\u00e9, une interculturalit\u00e9, un travail sur la culture diasporique \u00bb qu\u2019il \u00e9tait important de soutenir<\/strong>, il revendique la fermet\u00e9 dont la Ville aurait fait preuve quant au respect des r\u00e8glementations : \u00ab Nous avons essay\u00e9 de les accompagner face \u00e0 d\u2019\u00e9ventuelles difficult\u00e9s sur le plan administratif. Mais on a toujours dit que les irr\u00e9gularit\u00e9s devaient cesser. [\u2026] On a fait ce qu\u2019il fallait. \u00bb Rappelant par ailleurs les exigences de la Ville vis-\u00e0-vis de la mise en conformit\u00e9 du lieu, au c\u0153ur des pol\u00e9miques du printemps.<\/p>\n<p>Il assure \u00e9galement que le Wagon Souk ne b\u00e9n\u00e9ficiait d\u2019aucune subvention de la Ville.<\/p>\n<p>                <img width=\"892\" height=\"500\" src=\"https:\/\/www.europesays.com\/fr\/wp-content\/uploads\/2025\/09\/capture-decran-2024-02-05-a-133022-892x500.png\" class=\"attachment-gallery size-gallery\" alt=\"syamak agha babaei\" data-full-url=\"https:\/\/pokaa.fr\/wp-content\/uploads\/2024\/02\/05\/capture-decran-2024-02-05-a-133022.png\" decoding=\"async\" loading=\"lazy\"  \/>            <\/p>\n<p>                <img width=\"750\" height=\"500\" src=\"https:\/\/www.europesays.com\/fr\/wp-content\/uploads\/2025\/09\/centre-administratif-750x500.jpg\" class=\"attachment-gallery size-gallery\" alt=\"Centre administratif\" data-full-url=\"https:\/\/pokaa.fr\/wp-content\/uploads\/2024\/09\/12\/centre-administratif.jpg\" decoding=\"async\" loading=\"lazy\"  \/>            <\/p>\n<p>                    1. \u00a9 Live Conseil municipal du 5 f\u00e9vrier 2024 \/ Capture d&rsquo;\u00e9cran ; 2. \u00a9 David Lev\u00eaque \/ Pokaa<\/p>\n<p>De son c\u00f4t\u00e9, un acteur culturel strasbourgeois que nous avons pu interroger par t\u00e9l\u00e9phone ne met pas en cause uniquement la municipalit\u00e9, mais <strong>d\u00e9nonce \u00ab un syst\u00e8me entier \u00bb qui n\u2019aurait jamais agi pour mettre fin \u00e0 des pratiques pourtant connues. <\/strong>Pr\u00e9f\u00e9rant rester anonyme, il\u00a0affirme \u00e9galement avoir port\u00e9 plainte contre Za\u00ef Mo pour violences physiques et menaces de mort.<\/p>\n<p>Le vendredi 12 septembre, nous avons \u00e9galement pu \u00e9changer avec un organisateur de soir\u00e9es \u00e0 Strasbourg. Il \u00e9voque l\u2019absence de normes : \u00ab Quand tu signes une convention avec un lieu pour organiser une soir\u00e9e, tu es cens\u00e9 voir les papiers certifiant que la salle est aux normes. L\u00e0-bas, personne n\u2019en a jamais vu la couleur [\u2026] Ce qui se passe actuellement devait se passer depuis bien longtemps. <strong>Tout le monde savait !<\/strong>\u00a0\u00bb<strong><br \/><\/strong><\/p>\n<p>Il insiste aussi sur le mauvais traitement de certain(e)s employ\u00e9(e)s, dont il affirme que le milieu tout entier avait eu des \u00e9chos, notamment apr\u00e8s <a href=\"https:\/\/www.rue89strasbourg.com\/wagon-souk-sans-mama-246077\" target=\"_blank\" rel=\"noopener nofollow\">l\u2019\u00e9pisode Mama Souk \u2013 relat\u00e9 par Rue89 Strasbourg<\/a> : <strong>\u00ab Il n\u2019y avait qu\u2019un but\u00a0: faire du business. Sous couvert d\u2019un vernis associatif, c\u2019\u00e9tait une machine \u00e0 cash\u00a0! \u00bb\u00a0<\/strong><\/p>\n<p>Dans une enqu\u00eate publi\u00e9e cette semaine, <a href=\"https:\/\/www.rue89strasbourg.com\/wagon-souk-discriminations-abus-de-faiblesse-lingot-dor-359530\" target=\"_blank\" rel=\"noopener nofollow\">Rue89 Strasbourg se penche d\u2019ailleurs sur le traitement des employ\u00e9(e)s et sur cet aspect financier, concr\u00e9tis\u00e9 par l\u2019achat d\u2019un lingot d\u2019or.<\/a><\/p>\n<p>                <img width=\"281\" height=\"500\" src=\"https:\/\/www.europesays.com\/fr\/wp-content\/uploads\/2025\/09\/whatsapp-image-2024-03-05-at-205208-281x500.jpeg\" class=\"attachment-gallery size-gallery\" alt=\"Wagon Souk\" data-full-url=\"https:\/\/pokaa.fr\/wp-content\/uploads\/2024\/03\/05\/whatsapp-image-2024-03-05-at-205208.jpeg\" decoding=\"async\" loading=\"lazy\"  \/>            <\/p>\n<p>                <img width=\"375\" height=\"500\" src=\"https:\/\/www.europesays.com\/fr\/wp-content\/uploads\/2025\/09\/img-9547-375x500.jpeg\" class=\"attachment-gallery size-gallery\" alt=\"Wagon Souk\" data-full-url=\"https:\/\/pokaa.fr\/wp-content\/uploads\/2024\/09\/22\/img-9547.jpeg\" decoding=\"async\" loading=\"lazy\"  \/>            <\/p>\n<p>                    1. \u00a9 Caroline Alonso Alvarez \/ Pokaa ; 2. \u00a9 Anthony Jilli \/ Pokaa<\/p>\n<p>Tout en saluant la lib\u00e9ration de la parole, plusieurs personnes interrog\u00e9es regrettent le fait que<strong> certaines personnalit\u00e9s du monde culturel, qui d\u00e9noncent d\u00e9sormais publiquement les agissements de Za\u00ef Mo, auraient pris part activement \u00e0 ce syst\u00e8me, \u00ab niant le v\u00e9cu des victimes durant plusieurs ann\u00e9es \u00bb.<\/strong><\/p>\n<p>Quatre mois\u2026 et apr\u00e8s ?<\/p>\n<p>Face \u00e0 ces affaires, le flou total demeure quant \u00e0 l\u2019avenir du Wagon Souk, <strong>lieu n\u00e9cessaire, novateur en mati\u00e8re de repr\u00e9sentation et de visibilit\u00e9 des minorit\u00e9s, de solidarit\u00e9 et de cr\u00e9ation artistique.<\/strong><\/p>\n<p>Il faudra d\u00e9j\u00e0 que l\u2019\u00e9tablissement se mette en conformit\u00e9 avec les normes incendie pour ne pas risquer une nouvelle fermeture plus longue encore.<\/p>\n<p>    <img width=\"800\" height=\"436\" src=\"https:\/\/www.europesays.com\/fr\/wp-content\/uploads\/2025\/09\/wagon-souk-demenagement-gare-strasbourg.png\" class=\"attachment-image-size-L size-image-size-L\" alt=\"wagon-souk-demenagement-gare-strasbourg\" decoding=\"async\" loading=\"lazy\"  \/>         \u00a9 Google Maps \/ Capture d&rsquo;\u00e9cran <\/p>\n<p>De son c\u00f4t\u00e9, par son communiqu\u00e9 du 1er septembre, la Ville annonce la suspension des travaux avec le Wagon Souk <strong>mais laisse une porte de sortie, <\/strong>se disant pr\u00eate \u00e0 les reprendre \u00ab\u00a0d\u00e8s que la gouvernance de l\u2019association sera stabilis\u00e9e\u00a0\u00bb.<\/p>\n<p><strong>Syamak Agha Babaei insiste : \u00ab La balle est dans leur camp. \u00bb<\/strong><\/p>\n<p><strong>En attendant, la rupture semble consomm\u00e9e : <\/strong>\u00ab On est all\u00e9s jusqu\u2019au bout de la logique d\u2019accompagnement et de dialogue. Aujourd\u2019hui, il y a des failles importantes. On ne peut pas se pr\u00e9valoir de lutter contre les discriminations et avoir envers soi-m\u00eame des soup\u00e7ons de discrimination qui puissent exister. \u00bb<\/p>\n<blockquote><p>\n        Il ne peut pas y avoir de r\u00e9ouverture si l\u2019ensemble des normes ne sont pas respect\u00e9es. Pour l\u2019instant, nous ne voyons pas dans quelles conditions continuer le travail que nous avons commenc\u00e9 avec l\u2019association.     <\/p><\/blockquote>\n<p>            Syamak Agha Babaei, 1er adjoint \u00e0 la maire<\/p>\n<p>Du c\u00f4t\u00e9 du milieu culturel et \u00e9v\u00e9nementiel,<strong> le Wagon Souk fait l\u2019objet d\u2019une vague de boycott \u00e0 laquelle participent bon nombre d\u2019artistes de la sc\u00e8ne locale. <\/strong>Contact\u00e9e la semaine derni\u00e8re, une figure de la nuit strasbourgeoise nous l\u2019affirmait comme une \u00e9vidence : \u00ab Je ne reviendrai pas tant que la direction n\u2019aura pas chang\u00e9, et nous sommes plusieurs dans ce cas. \u00bb<\/p>\n<p>Outre les affaires de violences, elle pointe les manquements en mati\u00e8re de s\u00e9curit\u00e9 : <strong>\u00ab Plein de collectifs s\u2019en sont d\u00e9j\u00e0 rendu compte. Il n\u2019y a pas de sorties de secours, pas de d\u00e9tecteurs de fum\u00e9e, pas d\u2019extincteurs, rien. \u00bb<\/strong><\/p>\n<p>    <img width=\"800\" height=\"474\" src=\"https:\/\/www.europesays.com\/fr\/wp-content\/uploads\/2025\/09\/wagonsouk-85-800x474.png\" class=\"attachment-image-size-L size-image-size-L\" alt=\"Wagon Souk\" decoding=\"async\" loading=\"lazy\"  \/>         \u00a9 Manon Jensen \/ Pokaa <\/p>\n<p>D\u00e9sormais, c\u2019est la question du changement de gouvernance de l\u2019association qui est dans tous les esprits. Contact\u00e9, Mohamed Zahi ne semble pas pr\u00eat \u00e0 passer la main. Par un mail du 14 septembre, il r\u00e9affirme sa volont\u00e9 de poursuivre le projet du Wagon Souk : \u00ab Ce n\u2019est pas la premi\u00e8re fois que nous devons affronter des accusations, des rumeurs ou des campagnes de lynchage. <strong>Mais chaque fois, cela nous a renforc\u00e9 et nous a donn\u00e9 davantage de d\u00e9termination pour avancer et aller encore plus loin dans ce projet.<\/strong> Je reste donc dans ce m\u00eame \u00e9tat d\u2019esprit, et vous aurez tr\u00e8s bient\u00f4t de nos nouvelles sur nos r\u00e9seaux. \u00bb<\/p>\n<p>En face, de nombreuses personnes expriment publiquement leur volont\u00e9 de voir du changement, \u00e0 l\u2019instar du collectif Diaspora qui appelle \u00e0 la d\u00e9mission de la direction. Sur les r\u00e9seaux sociaux, le collectif livrait \u00e0 la mi-ao\u00fbt un premier bilan de son appel et affirmait avoir re\u00e7u de nombreux t\u00e9moignages faisant \u00e9tat de <strong>\u00ab\u00a0dysfonctionnements graves et [de] violences syst\u00e9matiques qui se d\u00e9roulent au Wagon Souk\u00a0\u00bb.<\/strong><\/p>\n<p><strong>Il insiste \u00e9galement sur le souhait de pr\u00e9server le Wagon Souk, \u00ab\u00a0un projet ambitieux et politiquement n\u00e9cessaire\u00a0\u00bb.<\/strong><\/p>\n<p style=\"text-align: center;\"><strong>Parmi les diff\u00e9rent(e)s acteurs\/rices du milieu culturel et alternatif strasbourgeois contact\u00e9(e)s pour cet article, plusieurs ont refus\u00e9 d\u2019apporter leur t\u00e9moignage, m\u00eame anonymis\u00e9, en faisant mention explicite d\u2019une crainte de repr\u00e9sailles de la part de Mohamed Zahi.<\/strong><\/p>\n","protected":false},"excerpt":{"rendered":"Rien ne va plus au Wagon Souk. Depuis plusieurs semaines, les mises en cause s\u2019accumulent autour de ce&hellip;\n","protected":false},"author":2,"featured_media":401077,"comment_status":"","ping_status":"","sticky":false,"template":"","format":"standard","meta":{"footnotes":""},"categories":[2820],"tags":[1111,11,1777,674,13624,1011,27,775,12,25,640,15198],"class_list":{"0":"post-401076","1":"post","2":"type-post","3":"status-publish","4":"format-standard","5":"has-post-thumbnail","7":"category-strasbourg","8":"tag-actu","9":"tag-actualites","10":"tag-eu","11":"tag-europe","12":"tag-fermeture-administrative","13":"tag-fr","14":"tag-france","15":"tag-grand-est","16":"tag-news","17":"tag-republique-francaise","18":"tag-strasbourg","19":"tag-wagon-souk"},"share_on_mastodon":{"url":"https:\/\/pubeurope.com\/@fr\/115227942794815982","error":""},"_links":{"self":[{"href":"https:\/\/www.europesays.com\/fr\/wp-json\/wp\/v2\/posts\/401076","targetHints":{"allow":["GET"]}}],"collection":[{"href":"https:\/\/www.europesays.com\/fr\/wp-json\/wp\/v2\/posts"}],"about":[{"href":"https:\/\/www.europesays.com\/fr\/wp-json\/wp\/v2\/types\/post"}],"author":[{"embeddable":true,"href":"https:\/\/www.europesays.com\/fr\/wp-json\/wp\/v2\/users\/2"}],"replies":[{"embeddable":true,"href":"https:\/\/www.europesays.com\/fr\/wp-json\/wp\/v2\/comments?post=401076"}],"version-history":[{"count":0,"href":"https:\/\/www.europesays.com\/fr\/wp-json\/wp\/v2\/posts\/401076\/revisions"}],"wp:featuredmedia":[{"embeddable":true,"href":"https:\/\/www.europesays.com\/fr\/wp-json\/wp\/v2\/media\/401077"}],"wp:attachment":[{"href":"https:\/\/www.europesays.com\/fr\/wp-json\/wp\/v2\/media?parent=401076"}],"wp:term":[{"taxonomy":"category","embeddable":true,"href":"https:\/\/www.europesays.com\/fr\/wp-json\/wp\/v2\/categories?post=401076"},{"taxonomy":"post_tag","embeddable":true,"href":"https:\/\/www.europesays.com\/fr\/wp-json\/wp\/v2\/tags?post=401076"}],"curies":[{"name":"wp","href":"https:\/\/api.w.org\/{rel}","templated":true}]}}