{"id":401080,"date":"2025-09-18T23:41:16","date_gmt":"2025-09-18T23:41:16","guid":{"rendered":"https:\/\/www.europesays.com\/fr\/401080\/"},"modified":"2025-09-18T23:41:16","modified_gmt":"2025-09-18T23:41:16","slug":"uber-va-proposer-des-trajets-en-helicoptere-sur-son-application-debut-2026-nice-monaco-cannes-et-saint-tropez-concernees","status":"publish","type":"post","link":"https:\/\/www.europesays.com\/fr\/401080\/","title":{"rendered":"Uber va proposer des trajets en h\u00e9licopt\u00e8re sur son application d\u00e9but 2026: Nice, Monaco, Cannes et Saint-Tropez concern\u00e9es?"},"content":{"rendered":"<p>Sera-t-il bient\u00f4t possible de r\u00e9server un h\u00e9lico via <strong>Uber<\/strong> pour faire le trajet <strong>Monaco-Nice<\/strong>? Ou <strong>Cannes-Saint-Tropez<\/strong>? C&rsquo;est fortement probable.\u00a0<\/p>\n<p>La plateforme am\u00e9ricaine de r\u00e9servation de v\u00e9hicules avec chauffeur (VTC) proposera des trajets en h\u00e9licopt\u00e8re \u00e0 partir de d\u00e9but 2026, en vertu d\u2019un partenariat avec la startup Joby Aviation, ont annonc\u00e9 les deux groupes. <strong>Joby a indiqu\u00e9 que les dessertes offertes par h\u00e9licopt\u00e8re seraient divulgu\u00e9es \u00e0 une date ult\u00e9rieure.<\/strong><\/p>\n<p>Les liaisons r\u00e9guli\u00e8res disponibles via Blade, dont Joby a rachet\u00e9 les activit\u00e9s de transport de passagers en ao\u00fbt, sont actuellement limit\u00e9es, aux Etats-Unis, \u00e0 la r\u00e9gion new-yorkaise, avec une desserte des a\u00e9roports JFK, Newark et LaGuardia, de la destination baln\u00e9aire des Hamptons et d\u2019Atlantic City (New Jersey).<\/p>\n<p>Des destinations sur la C\u00f4te d&rsquo;Azur?\u00a0<\/p>\n<p><strong>Blade est aussi pr\u00e9sent en France, avec des trajets sur la C\u00f4te d\u2019Azur (Nice, Monaco, Cannes et Saint-Tropez).<\/strong><\/p>\n<p>Blade assure ces trajets avec une flotte d\u2019h\u00e9licopt\u00e8res classiques, mais Joby Aviation pr\u00e9pare actuellement le d\u00e9ploiement commercial de son taxi volant \u00e9lectrique, l\u2019eVTOL (Electric vertical takeoff and landing).<\/p>\n<p>\u00ab\u00a0L\u2019int\u00e9gration de Blade est la premi\u00e8re phase\u00a0\u00bb\u00a0du d\u00e9veloppement commercial de Joby, a expliqu\u00e9 le groupe \u00e0 l\u2019AFP, \u00ab\u00a0et cela pr\u00e9pare le terrain pour l\u2019\u00e9lectrification de liaisons avec des appareils Joby une fois qu\u2019ils seront certifi\u00e9s aux Etats-Unis.\u00a0\u00bb<\/p>\n<p>Joby pr\u00e9voit une premi\u00e8re offre \u00e0 Duba\u00ef en 2026, a rappel\u00e9 la soci\u00e9t\u00e9.<\/p>\n<p>\u00ab\u00a0Avec la plateforme mondiale d\u2019Uber, nous ouvrons la voie \u00e0 une nouvelle \u00e8re du transport a\u00e9rien dans le monde\u00a0\u00bb, a comment\u00e9 JoeBen Bevirt, fondateur et directeur g\u00e9n\u00e9ral de Joby, cit\u00e9 dans le communiqu\u00e9 publi\u00e9 mercredi.<\/p>\n","protected":false},"excerpt":{"rendered":"Sera-t-il bient\u00f4t possible de r\u00e9server un h\u00e9lico via Uber pour faire le trajet Monaco-Nice? Ou Cannes-Saint-Tropez? C&rsquo;est fortement&hellip;\n","protected":false},"author":2,"featured_media":401081,"comment_status":"","ping_status":"","sticky":false,"template":"","format":"standard","meta":{"footnotes":""},"categories":[2819],"tags":[1111,11,1777,674,332,1011,27,12,2401,882,25],"class_list":{"0":"post-401080","1":"post","2":"type-post","3":"status-publish","4":"format-standard","5":"has-post-thumbnail","7":"category-nice","8":"tag-actu","9":"tag-actualites","10":"tag-eu","11":"tag-europe","12":"tag-faits-de-societe","13":"tag-fr","14":"tag-france","15":"tag-news","16":"tag-nice","17":"tag-provence-alpes-cote-dazur","18":"tag-republique-francaise"},"share_on_mastodon":{"url":"https:\/\/pubeurope.com\/@fr\/115227950087932421","error":""},"_links":{"self":[{"href":"https:\/\/www.europesays.com\/fr\/wp-json\/wp\/v2\/posts\/401080","targetHints":{"allow":["GET"]}}],"collection":[{"href":"https:\/\/www.europesays.com\/fr\/wp-json\/wp\/v2\/posts"}],"about":[{"href":"https:\/\/www.europesays.com\/fr\/wp-json\/wp\/v2\/types\/post"}],"author":[{"embeddable":true,"href":"https:\/\/www.europesays.com\/fr\/wp-json\/wp\/v2\/users\/2"}],"replies":[{"embeddable":true,"href":"https:\/\/www.europesays.com\/fr\/wp-json\/wp\/v2\/comments?post=401080"}],"version-history":[{"count":0,"href":"https:\/\/www.europesays.com\/fr\/wp-json\/wp\/v2\/posts\/401080\/revisions"}],"wp:featuredmedia":[{"embeddable":true,"href":"https:\/\/www.europesays.com\/fr\/wp-json\/wp\/v2\/media\/401081"}],"wp:attachment":[{"href":"https:\/\/www.europesays.com\/fr\/wp-json\/wp\/v2\/media?parent=401080"}],"wp:term":[{"taxonomy":"category","embeddable":true,"href":"https:\/\/www.europesays.com\/fr\/wp-json\/wp\/v2\/categories?post=401080"},{"taxonomy":"post_tag","embeddable":true,"href":"https:\/\/www.europesays.com\/fr\/wp-json\/wp\/v2\/tags?post=401080"}],"curies":[{"name":"wp","href":"https:\/\/api.w.org\/{rel}","templated":true}]}}