{"id":401087,"date":"2025-09-18T23:45:11","date_gmt":"2025-09-18T23:45:11","guid":{"rendered":"https:\/\/www.europesays.com\/fr\/401087\/"},"modified":"2025-09-18T23:45:11","modified_gmt":"2025-09-18T23:45:11","slug":"previsions-du-vendredi-19-septembre-2025-5","status":"publish","type":"post","link":"https:\/\/www.europesays.com\/fr\/401087\/","title":{"rendered":"pr\u00e9visions du vendredi 19 septembre 2025"},"content":{"rendered":"<p>C&rsquo;est une belle journ\u00e9e dont va profiter Bordeaux, o\u00f9 le soleil va briller avec force. Les temp\u00e9ratures seront de 17\u00b0C au plus bas et de 35\u00b0C au maximum. Attention \u00e0 la vague de chaleur dans la matin\u00e9e. Des valeurs de 17 \u00e0 31\u00b0C sont attendues. Un vent de sud-est rafra\u00eechira quelque peu l&rsquo;atmosph\u00e8re. Les temp\u00e9ratures vont enregistrer une hausse de plusieurs degr\u00e9s dans l&rsquo;apr\u00e8s-midi. La p\u00e9riode d&rsquo;importantes chaleurs est bien l\u00e0, avec des temp\u00e9ratures qui risqueront d&rsquo;aller \u00e0 35\u00b0C. Des \u00e9claircies appara\u00eetront dans la soir\u00e9e. On anticipe des valeurs d&rsquo;environ 26\u00b0C. Durant la nuit de vendredi \u00e0 samedi, le ciel sera limpide.<\/p>\n<p>C&rsquo;est un soleil splendide qui va briller demain sur Bordeaux. Une chute du mercure est \u00e0 pr\u00e9voir. Les temp\u00e9ratures maximums pr\u00e9vues sont \u00e9lev\u00e9es, avec 31\u00b0C. Les valeurs afficheront entre 17 et 31\u00b0C. Le matin, le mercure affichera 23\u00b0C en moyenne. Une modeste brise de sud-est sera ressentie par les habitants. Demain apr\u00e8s-midi, c&rsquo;est une hausse de quelques degr\u00e9s que vont conna\u00eetre les temp\u00e9ratures. Les grosses chaleurs sont install\u00e9es. Avec des temp\u00e9ratures \u00e9chelonn\u00e9es entre 21 et 31\u00b0C. Les valeurs seront comprises entre 21 et 31\u00b0C. Demain soir, des nuages feront leur apparition. Des averses sont annonc\u00e9es. La ville se retrouvera de temps en temps sous la pluie. Un petit vent de nord-ouest soufflera.<\/p>\n<p>Une d\u00e9gradation est pr\u00e9vue pour les jours \u00e0 venir. Comptez sur 19\u00b0C en moyenne qui accompagneront des journ\u00e9es pluvieuses.<\/p>\n<p><\/p>\n","protected":false},"excerpt":{"rendered":"C&rsquo;est une belle journ\u00e9e dont va profiter Bordeaux, o\u00f9 le soleil va briller avec force. Les temp\u00e9ratures seront&hellip;\n","protected":false},"author":2,"featured_media":401088,"comment_status":"","ping_status":"","sticky":false,"template":"","format":"standard","meta":{"footnotes":""},"categories":[2817],"tags":[1111,11,3177,1997,1777,674,1011,27,2905,12,2219,2119,25],"class_list":{"0":"post-401087","1":"post","2":"type-post","3":"status-publish","4":"format-standard","5":"has-post-thumbnail","7":"category-bordeaux","8":"tag-actu","9":"tag-actualites","10":"tag-aquitaine","11":"tag-bordeaux","12":"tag-eu","13":"tag-europe","14":"tag-fr","15":"tag-france","16":"tag-gironde","17":"tag-news","18":"tag-nouvelle-aquitaine","19":"tag-previsions-meteo","20":"tag-republique-francaise"},"share_on_mastodon":{"url":"https:\/\/pubeurope.com\/@fr\/115227965775800914","error":""},"_links":{"self":[{"href":"https:\/\/www.europesays.com\/fr\/wp-json\/wp\/v2\/posts\/401087","targetHints":{"allow":["GET"]}}],"collection":[{"href":"https:\/\/www.europesays.com\/fr\/wp-json\/wp\/v2\/posts"}],"about":[{"href":"https:\/\/www.europesays.com\/fr\/wp-json\/wp\/v2\/types\/post"}],"author":[{"embeddable":true,"href":"https:\/\/www.europesays.com\/fr\/wp-json\/wp\/v2\/users\/2"}],"replies":[{"embeddable":true,"href":"https:\/\/www.europesays.com\/fr\/wp-json\/wp\/v2\/comments?post=401087"}],"version-history":[{"count":0,"href":"https:\/\/www.europesays.com\/fr\/wp-json\/wp\/v2\/posts\/401087\/revisions"}],"wp:featuredmedia":[{"embeddable":true,"href":"https:\/\/www.europesays.com\/fr\/wp-json\/wp\/v2\/media\/401088"}],"wp:attachment":[{"href":"https:\/\/www.europesays.com\/fr\/wp-json\/wp\/v2\/media?parent=401087"}],"wp:term":[{"taxonomy":"category","embeddable":true,"href":"https:\/\/www.europesays.com\/fr\/wp-json\/wp\/v2\/categories?post=401087"},{"taxonomy":"post_tag","embeddable":true,"href":"https:\/\/www.europesays.com\/fr\/wp-json\/wp\/v2\/tags?post=401087"}],"curies":[{"name":"wp","href":"https:\/\/api.w.org\/{rel}","templated":true}]}}