{"id":401125,"date":"2025-09-19T00:06:21","date_gmt":"2025-09-19T00:06:21","guid":{"rendered":"https:\/\/www.europesays.com\/fr\/401125\/"},"modified":"2025-09-19T00:06:21","modified_gmt":"2025-09-19T00:06:21","slug":"google-doit-etre-demantele-et-payer-plus-dimpots-en-europe-reclame-un-ministre-allemand-2","status":"publish","type":"post","link":"https:\/\/www.europesays.com\/fr\/401125\/","title":{"rendered":"Google doit \u00eatre d\u00e9mantel\u00e9 et payer plus d\u2019imp\u00f4ts en Europe, r\u00e9clame un ministre allemand"},"content":{"rendered":"<p class=\"mb-4 text-lg md:leading-8 break-words\"><strong>bras de fer &#8211; Alors que Bruxelles multiplie les sanctions contre le g\u00e9ant am\u00e9ricain, au risque d\u2019un bras de fer commercial avec Donald Trump, le ministre allemand des M\u00e9dias appelle \u00e0 \u00ab\u00a0d\u00e9manteler\u00a0\u00bb Google et \u00e0 le taxer davantage en Europe<\/strong><\/p>\n<p class=\"mb-4 text-lg md:leading-8 break-words\">Le ministre allemand des M\u00e9dias et de la Culture, Wolfram Weimer, a appel\u00e9 ce jeudi au \u00ab\u00a0d\u00e9mant\u00e8lement\u00a0\u00bb de <a href=\"https:\/\/www.20minutes.fr\/high-tech\/google\/?at_medium=RSS%20feed&amp;at_campaign=ynews&amp;utm_source=yahoo&amp;utm_medium=rss&amp;utm_campaign=news_feed&amp;utm_content=in_article_link\" rel=\"nofollow noopener\" target=\"_blank\" data-ylk=\"slk:Google;elm:context_link;itc:0;sec:content-canvas\" class=\"link \">Google<\/a>, ainsi qu\u2019\u00e0 une taxation renforc\u00e9e de ses activit\u00e9s dans l\u2019Union europ\u00e9enne.<\/p>\n<p class=\"mb-4 text-lg md:leading-8 break-words\">\u00ab\u00a0Nous devons aborder Google dans tous les domaines d\u2019action possibles\u00a0\u00bb, a-t-il d\u00e9clar\u00e9, estimant que le groupe californien doit se conformer pleinement au droit antitrust europ\u00e9en. Des d\u00e9clarations faites au micro d\u2019un podcast du magazine Politico alors m\u00eame que Bruxelles accentue la pression sur le g\u00e9ant am\u00e9ricain, au risque de d\u00e9clencher une confrontation commerciale avec Washington.<\/p>\n<p>\u00ab\u00a0Pratiquement pas d\u2019imp\u00f4t\u00a0\u00bb malgr\u00e9 \u00ab\u00a0d\u2019\u00e9normes marges\u00a0\u00bb<\/p>\n<p class=\"mb-4 text-lg md:leading-8 break-words\">Aux Etats-Unis, l\u2019entreprise est d\u00e9j\u00e0 sous surveillance. Le gouvernement am\u00e9ricain avait initialement envisag\u00e9 <a href=\"https:\/\/www.20minutes.fr\/high-tech\/by-the-web\/4156243-20250531-google-va-devoir-separer-navigateur-internet-chrome?at_medium=RSS%20feed&amp;at_campaign=ynews&amp;utm_source=yahoo&amp;utm_medium=rss&amp;utm_campaign=news_feed&amp;utm_content=in_article_link\" rel=\"nofollow noopener\" target=\"_blank\" data-ylk=\"slk:de forcer Google \u00e0 se s\u00e9parer de son navigateur Chrome;elm:context_link;itc:0;sec:content-canvas\" class=\"link \">de forcer Google \u00e0 se s\u00e9parer de son navigateur Chrome<\/a>. Finalement, d\u00e9but septembre, la justice avait exig\u00e9 <a href=\"https:\/\/www.20minutes.fr\/high-tech\/4170865-20250903-etats-unis-place-sous-surveillance-google-finalement-besoin-separer-chrome?at_medium=RSS%20feed&amp;at_campaign=ynews&amp;utm_source=yahoo&amp;utm_medium=rss&amp;utm_campaign=news_feed&amp;utm_content=in_article_link\" rel=\"nofollow noopener\" target=\"_blank\" data-ylk=\"slk:une mesure plus limit\u00e9e;elm:context_link;itc:0;sec:content-canvas\" class=\"link \">une mesure plus limit\u00e9e<\/a>\u00a0: l\u2019ouverture de ses r\u00e9sultats de recherche et de certaines donn\u00e9es \u00e0 ses concurrents.<\/p>\n<p class=\"mb-4 text-lg md:leading-8 break-words\">En Europe, Wolfram Weimer veut aller plus loin. Il plaide pour une r\u00e9gulation plus stricte. L\u2019Union europ\u00e9enne \u00ab\u00a0est sur la bonne voie, mais nous avons besoin de beaucoup plus\u00a0\u00bb. Le ministre r\u00e9clame \u00e9galement une application rigoureuse des r\u00e8gles fiscales europ\u00e9ennes, accusant Google de ne payer \u00ab\u00a0pratiquement aucun imp\u00f4t\u00a0\u00bb sur le continent, malgr\u00e9 \u00ab\u00a0d\u2019\u00e9normes marges\u00a0\u00bb. En mai, il avait d\u00e9j\u00e0 \u00e9voqu\u00e9 l\u2019id\u00e9e d\u2019une taxe nationale ciblant les revenus publicitaires de Google et de Meta, maison m\u00e8re de Facebook.<\/p>\n<p><a href=\"https:\/\/www.20minutes.fr\/high-tech\/google\/\" rel=\"nofollow noopener\" target=\"_blank\" data-ylk=\"slk:Notre dossier sur Google;elm:context_link;itc:0;sec:content-canvas\" class=\"link \">Notre dossier sur Google<\/a><\/p>\n<p class=\"mb-4 text-lg md:leading-8 break-words\">La \u00ab\u00a0libert\u00e9 d\u2019(&#8230;)<\/p>\n<p class=\"mb-4 text-lg md:leading-8 break-words\"><a href=\"https:\/\/www.20minutes.fr\/monde\/allemagne\/4173999-20250919-google-doit-etre-demantele-payer-plus-impots-europe-reclame-ministre-allemand?at_medium=RSS%20feed&amp;at_campaign=ynews&amp;utm_source=yahoo&amp;utm_medium=rss&amp;utm_campaign=news_feed&amp;utm_content=read_more_link&quot;\" rel=\"nofollow noopener\" target=\"_blank\" data-ylk=\"slk:Lire la suite sur 20minutes;elm:context_link;itc:0;sec:content-canvas\" class=\"link \">Lire la suite sur 20minutes<\/a><\/p>\n<p>\u00c0 lire aussi :<br \/><a href=\"https:\/\/www.20minutes.fr\/high-tech\/meta\/4173866-20250918-objets-connectes-meta-poursuit-pari-integrant-ecran-lunettes-dopees-ia?at_medium=RSS%20feed&amp;at_campaign=ynews&amp;utm_source=yahoo&amp;utm_medium=rss&amp;utm_campaign=news_feed&amp;utm_content=related_content_link\" rel=\"nofollow noopener\" target=\"_blank\" data-ylk=\"slk:Objets connect\u00e9s\u00a0: Meta poursuit son pari en int\u00e9grant un \u00e9cran dans ses lunettes \u00ab\u00a0dop\u00e9es \u00e0 l\u2019IA\u00a0\u00bb;elm:context_link;itc:0;sec:content-canvas\" class=\"link \">Objets connect\u00e9s\u00a0: Meta poursuit son pari en int\u00e9grant un \u00e9cran dans ses lunettes \u00ab\u00a0dop\u00e9es \u00e0 l\u2019IA\u00a0\u00bb<\/a><br \/><a href=\"https:\/\/www.20minutes.fr\/high-tech\/by-the-web\/4172917-20250913-comment-microsoft-echappe-enorme-amende-cause-teams?at_medium=RSS%20feed&amp;at_campaign=ynews&amp;utm_source=yahoo&amp;utm_medium=rss&amp;utm_campaign=news_feed&amp;utm_content=related_content_link\" rel=\"nofollow noopener\" target=\"_blank\" data-ylk=\"slk:Comment Microsoft a \u00e9chapp\u00e9 \u00e0 une \u00e9norme amende \u00e0 cause de Teams;elm:context_link;itc:0;sec:content-canvas\" class=\"link \">Comment Microsoft a \u00e9chapp\u00e9 \u00e0 une \u00e9norme amende \u00e0 cause de Teams<\/a><\/p>\n","protected":false},"excerpt":{"rendered":"bras de fer &#8211; Alors que Bruxelles multiplie les sanctions contre le g\u00e9ant am\u00e9ricain, au risque d\u2019un bras&hellip;\n","protected":false},"author":2,"featured_media":401126,"comment_status":"","ping_status":"","sticky":false,"template":"","format":"standard","meta":{"footnotes":""},"categories":[1586],"tags":[11,20424,2360,75,1777,674,1011,27,323,7738,3784,12,25,16842],"class_list":{"0":"post-401125","1":"post","2":"type-post","3":"status-publish","4":"format-standard","5":"has-post-thumbnail","7":"category-europe","8":"tag-actualites","9":"tag-bras-de-fer","10":"tag-bruxelles","11":"tag-donald-trump","12":"tag-eu","13":"tag-europe","14":"tag-fr","15":"tag-france","16":"tag-google","17":"tag-lunion-europeenne","18":"tag-ministre","19":"tag-news","20":"tag-republique-francaise","21":"tag-wolfram-weimer"},"share_on_mastodon":{"url":"https:\/\/pubeurope.com\/@fr\/115228048195719125","error":""},"_links":{"self":[{"href":"https:\/\/www.europesays.com\/fr\/wp-json\/wp\/v2\/posts\/401125","targetHints":{"allow":["GET"]}}],"collection":[{"href":"https:\/\/www.europesays.com\/fr\/wp-json\/wp\/v2\/posts"}],"about":[{"href":"https:\/\/www.europesays.com\/fr\/wp-json\/wp\/v2\/types\/post"}],"author":[{"embeddable":true,"href":"https:\/\/www.europesays.com\/fr\/wp-json\/wp\/v2\/users\/2"}],"replies":[{"embeddable":true,"href":"https:\/\/www.europesays.com\/fr\/wp-json\/wp\/v2\/comments?post=401125"}],"version-history":[{"count":0,"href":"https:\/\/www.europesays.com\/fr\/wp-json\/wp\/v2\/posts\/401125\/revisions"}],"wp:featuredmedia":[{"embeddable":true,"href":"https:\/\/www.europesays.com\/fr\/wp-json\/wp\/v2\/media\/401126"}],"wp:attachment":[{"href":"https:\/\/www.europesays.com\/fr\/wp-json\/wp\/v2\/media?parent=401125"}],"wp:term":[{"taxonomy":"category","embeddable":true,"href":"https:\/\/www.europesays.com\/fr\/wp-json\/wp\/v2\/categories?post=401125"},{"taxonomy":"post_tag","embeddable":true,"href":"https:\/\/www.europesays.com\/fr\/wp-json\/wp\/v2\/tags?post=401125"}],"curies":[{"name":"wp","href":"https:\/\/api.w.org\/{rel}","templated":true}]}}