{"id":401127,"date":"2025-09-19T00:08:19","date_gmt":"2025-09-19T00:08:19","guid":{"rendered":"https:\/\/www.europesays.com\/fr\/401127\/"},"modified":"2025-09-19T00:08:19","modified_gmt":"2025-09-19T00:08:19","slug":"la-cour-des-comptes-europeenne-etrille-les-etats-membres-pour-leur-gestion-des-penuries","status":"publish","type":"post","link":"https:\/\/www.europesays.com\/fr\/401127\/","title":{"rendered":"la Cour des comptes europ\u00e9enne \u00e9trille les \u00c9tats membres pour leur gestion des p\u00e9nuries"},"content":{"rendered":"<p>\u00ab\u00a0L\u2019Union europ\u00e9enne ne dispose pas d\u2019un syst\u00e8me bien rod\u00e9 permettant de lutter contre les p\u00e9nuries graves.\u00a0\u00bb C\u2019est la conclusion du rapport de la Cour des comptes europ\u00e9enne sur les p\u00e9nuries critiques de m\u00e9dicaments. \u00ab\u00a0Aussi longtemps que ces actions ne seront pas suivies d\u2019effets, les Europ\u00e9ens risquent de manquer de m\u00e9dicaments, y compris d\u2019antibiotiques courants et d\u2019autres traitements vitaux\u00a0\u00bb, poursuit le rapport. Entre janvier 2022 et octobre 2024, 136 m\u00e9dicaments ont connu des p\u00e9nuries critiques au sein de l\u2019Union europ\u00e9enne. Les p\u00e9nuries ont par ailleurs atteint des niveaux records en 2023 et 2024 pour des antibiotiques comme l\u2019amoxicilline.<\/p>\n<p>Plusieurs probl\u00e8mes ont ainsi \u00e9t\u00e9 relev\u00e9s dans le rapport. D\u2019abord, l\u2019obligation faite \u00e0 l\u2019industrie de garantir la continuit\u00e9 de l\u2019approvisionnement n\u2019est pas vraiment suivie d\u2019effets et les industriels continuent de d\u00e9localiser leurs productions principalement en Asie. D\u2019apr\u00e8s les chiffres du gouvernement fran\u00e7ais de 2023, 40 % des m\u00e9dicaments commercialis\u00e9s dans l\u2019Union europ\u00e9enne proviennent de pays tiers, tandis que 60 % \u00e0 80 % des principes actifs pharmaceutiques sont produits en Chine et en Inde.<\/p>\n","protected":false},"excerpt":{"rendered":"\u00ab\u00a0L\u2019Union europ\u00e9enne ne dispose pas d\u2019un syst\u00e8me bien rod\u00e9 permettant de lutter contre les p\u00e9nuries graves.\u00a0\u00bb C\u2019est la&hellip;\n","protected":false},"author":2,"featured_media":401128,"comment_status":"","ping_status":"","sticky":false,"template":"","format":"standard","meta":{"footnotes":""},"categories":[1586],"tags":[17,11,30749,8663,154,645,15524,1777,674,1779,4538,1011,27,151,16292,12,25,1778,364],"class_list":{"0":"post-401127","1":"post","2":"type-post","3":"status-publish","4":"format-standard","5":"has-post-thumbnail","7":"category-europe","8":"tag-17","9":"tag-actualites","10":"tag-comptes","11":"tag-cour","12":"tag-des","13":"tag-entreprises-finance","14":"tag-etrille","15":"tag-eu","16":"tag-europe","17":"tag-european-union","18":"tag-europeenne","19":"tag-fr","20":"tag-france","21":"tag-les","22":"tag-medicaments","23":"tag-news","24":"tag-republique-francaise","25":"tag-ue","26":"tag-union-europeenne"},"share_on_mastodon":{"url":"https:\/\/pubeurope.com\/@fr\/115228056240086312","error":""},"_links":{"self":[{"href":"https:\/\/www.europesays.com\/fr\/wp-json\/wp\/v2\/posts\/401127","targetHints":{"allow":["GET"]}}],"collection":[{"href":"https:\/\/www.europesays.com\/fr\/wp-json\/wp\/v2\/posts"}],"about":[{"href":"https:\/\/www.europesays.com\/fr\/wp-json\/wp\/v2\/types\/post"}],"author":[{"embeddable":true,"href":"https:\/\/www.europesays.com\/fr\/wp-json\/wp\/v2\/users\/2"}],"replies":[{"embeddable":true,"href":"https:\/\/www.europesays.com\/fr\/wp-json\/wp\/v2\/comments?post=401127"}],"version-history":[{"count":0,"href":"https:\/\/www.europesays.com\/fr\/wp-json\/wp\/v2\/posts\/401127\/revisions"}],"wp:featuredmedia":[{"embeddable":true,"href":"https:\/\/www.europesays.com\/fr\/wp-json\/wp\/v2\/media\/401128"}],"wp:attachment":[{"href":"https:\/\/www.europesays.com\/fr\/wp-json\/wp\/v2\/media?parent=401127"}],"wp:term":[{"taxonomy":"category","embeddable":true,"href":"https:\/\/www.europesays.com\/fr\/wp-json\/wp\/v2\/categories?post=401127"},{"taxonomy":"post_tag","embeddable":true,"href":"https:\/\/www.europesays.com\/fr\/wp-json\/wp\/v2\/tags?post=401127"}],"curies":[{"name":"wp","href":"https:\/\/api.w.org\/{rel}","templated":true}]}}