{"id":401139,"date":"2025-09-19T00:17:15","date_gmt":"2025-09-19T00:17:15","guid":{"rendered":"https:\/\/www.europesays.com\/fr\/401139\/"},"modified":"2025-09-19T00:17:15","modified_gmt":"2025-09-19T00:17:15","slug":"motoamerica-baggers-austin-double-podium-pour-baz-wyman-couronne","status":"publish","type":"post","link":"https:\/\/www.europesays.com\/fr\/401139\/","title":{"rendered":"MotoAmerica Baggers, Austin : Double podium pour Baz, Wyman couronn\u00e9 !"},"content":{"rendered":"<p class=\"my-2 [&amp;+p]:mt-4 [&amp;_strong:has(+br)]:inline-block [&amp;_strong:has(+br)]:pb-2\">\n<strong>Le Circuit of The Americas a \u00e9t\u00e9 le th\u00e9\u00e2tre d\u2019un week-end<br \/>\nagit\u00e9 pour le Mission King Of The Baggers le week-end dernier.<br \/>\nEntre la d\u00e9monstration d\u2019Hayden Gillim le samedi et la renaissance<br \/>\nde Troy Herfoss le dimanche, les courses ont consacr\u00e9 deux styles,<br \/>\ndeux r\u00e9cits, et relanc\u00e9 le suspense de la saison.<\/strong><\/p>\n<p class=\"my-2 [&amp;+p]:mt-4 [&amp;_strong:has(+br)]:inline-block [&amp;_strong:has(+br)]:pb-2\">\nSamedi, Hayden Gillim a survol\u00e9 la premi\u00e8re course des Baggers.<br \/>\nVainqueur net du Challenge en matin\u00e9e, il n\u2019a laiss\u00e9 \u00e0 personne le<br \/>\nsoin de mener l\u2019apr\u00e8s-midi. Jamais inqui\u00e9t\u00e9, il s\u2019est offert la<br \/>\nvictoire apr\u00e8s un d\u00e9but de saison sem\u00e9 d\u2019emb\u00fbches. Pourtant, tous<br \/>\nles regards \u00e9taient braqu\u00e9s sur Kyle Wyman, quatri\u00e8me mais<br \/>\ncouronn\u00e9. Avec ce r\u00e9sultat, Wyman s\u2019adjuge le titre 2025 Mission<br \/>\nKing Of The Baggers, son deuxi\u00e8me sacre dans la cat\u00e9gorie.<\/p>\n<p class=\"my-2 [&amp;+p]:mt-4 [&amp;_strong:has(+br)]:inline-block [&amp;_strong:has(+br)]:pb-2\">\nDerri\u00e8re Gillim, la lutte fut intense pour la deuxi\u00e8me place. Loris<br \/>\nBaz, sur la S&amp;S\/Indian Motorcycle, a r\u00e9sist\u00e9 \u00e0 Rocco Landers<br \/>\n(Harley-Davidson), ne conc\u00e9dant que 0.111 seconde sur la ligne.<br \/>\nWyman a pris la quatri\u00e8me position, suivi de ses co\u00e9quipiers<br \/>\nBradley Smith et James Rispoli. Malgr\u00e9 une \u00e9paule et un bassin<br \/>\nmeurtris, Troy Herfoss s\u2019est battu pour terminer septi\u00e8me.<\/p>\n<p><a href=\"https:\/\/www.paddock-gp.com\/wp-content\/uploads\/2025\/09\/Capture-decran-2025-09-18-a-11.07.27.png\" rel=\"nofollow noopener\" target=\"_blank\"><br \/>\n<img loading=\"lazy\" decoding=\"async\" class=\"aligncenter wp-image-1330836 size-large\" src=\"https:\/\/www.europesays.com\/fr\/wp-content\/uploads\/2025\/09\/Capture-decran-2025-09-18-a-11.07.27-545x400.png\" alt=\"\" width=\"545\" height=\"400\"  \/><\/a><\/p>\n<p class=\"my-2 [&amp;+p]:mt-4 [&amp;_strong:has(+br)]:inline-block [&amp;_strong:has(+br)]:pb-2\">\nLe dimanche, tout a chang\u00e9. Troy Herfoss, mal en point la veille,<br \/>\ns\u2019est transcend\u00e9. Soutenu par S&amp;S\/Indian Motorcycle, il a pris<br \/>\nla t\u00eate de la course et contenait toutes les attaques de ses<br \/>\nrivaux. Sans jamais faiblir, il s\u2019est affirm\u00e9 comme le Herfoss<br \/>\nconqu\u00e9rant de la saison pass\u00e9e. Derri\u00e8re lui, Wyman le talonnait,<br \/>\nmais son espoir de victoire s\u2019est envol\u00e9 \u00e0 quelques virages de la<br \/>\nfin avec une chute spectaculaire.<\/p>\n<p class=\"my-2 [&amp;+p]:mt-4 [&amp;_strong:has(+br)]:inline-block [&amp;_strong:has(+br)]:pb-2\">\nLa d\u00e9faillance du champion a propuls\u00e9 Loris Baz vers sa deuxi\u00e8me<br \/>\nplace, tandis que Bradley Smith retrouvait enfin le podium, une<br \/>\npremi\u00e8re depuis Road Atlanta en mai. Cameron Petersen, pourtant<br \/>\nbless\u00e9, a arrach\u00e9 la quatri\u00e8me position au guidon de la SDI Racing<br \/>\nIndian Challenger. James Rispoli compl\u00e9tait le top cinq.<\/p>\n<p class=\"my-2 [&amp;+p]:mt-4 [&amp;_strong:has(+br)]:inline-block [&amp;_strong:has(+br)]:pb-2\">\nLes drames n\u2019ont pas manqu\u00e9. Hayden Gillim, laur\u00e9at de la veille,<br \/>\nest parti \u00e0 la faute \u00e0 deux tours du but alors qu\u2019il occupait la<br \/>\ntroisi\u00e8me place. Malgr\u00e9 une remont\u00e9e rapide, il termine huiti\u00e8me.<br \/>\nRocco Landers, troisi\u00e8me samedi, a abandonn\u00e9 pr\u00e9matur\u00e9ment sur<br \/>\nprobl\u00e8me m\u00e9canique.<\/p>\n<p><a href=\"https:\/\/www.paddock-gp.com\/wp-content\/uploads\/2025\/09\/Capture-decran-2025-09-18-a-11.07.44.png\" rel=\"nofollow noopener\" target=\"_blank\"><br \/>\n<img loading=\"lazy\" decoding=\"async\" class=\"aligncenter size-large wp-image-1330838\" src=\"https:\/\/www.europesays.com\/fr\/wp-content\/uploads\/2025\/09\/Capture-decran-2025-09-18-a-11.07.44-547x400.png\" alt=\"\" width=\"547\" height=\"400\"  \/><\/a><\/p>\n<p><strong><a href=\"https:\/\/www.motoamerica.com\/standings\/\" rel=\"nofollow noopener\" target=\"_blank\">Classements<\/a> :<br \/>\nMotoAmerica.com<\/strong><\/p>\n","protected":false},"excerpt":{"rendered":"Le Circuit of The Americas a \u00e9t\u00e9 le th\u00e9\u00e2tre d\u2019un week-end agit\u00e9 pour le Mission King Of The&hellip;\n","protected":false},"author":2,"featured_media":401140,"comment_status":"","ping_status":"","sticky":false,"template":"","format":"standard","meta":{"footnotes":""},"categories":[1413],"tags":[1011,27,1457,1456,60],"class_list":{"0":"post-401139","1":"post","2":"type-post","3":"status-publish","4":"format-standard","5":"has-post-thumbnail","7":"category-moto","8":"tag-fr","9":"tag-france","10":"tag-moto","11":"tag-motocycle","12":"tag-sports"},"share_on_mastodon":{"url":"https:\/\/pubeurope.com\/@fr\/115228092088127874","error":""},"_links":{"self":[{"href":"https:\/\/www.europesays.com\/fr\/wp-json\/wp\/v2\/posts\/401139","targetHints":{"allow":["GET"]}}],"collection":[{"href":"https:\/\/www.europesays.com\/fr\/wp-json\/wp\/v2\/posts"}],"about":[{"href":"https:\/\/www.europesays.com\/fr\/wp-json\/wp\/v2\/types\/post"}],"author":[{"embeddable":true,"href":"https:\/\/www.europesays.com\/fr\/wp-json\/wp\/v2\/users\/2"}],"replies":[{"embeddable":true,"href":"https:\/\/www.europesays.com\/fr\/wp-json\/wp\/v2\/comments?post=401139"}],"version-history":[{"count":0,"href":"https:\/\/www.europesays.com\/fr\/wp-json\/wp\/v2\/posts\/401139\/revisions"}],"wp:featuredmedia":[{"embeddable":true,"href":"https:\/\/www.europesays.com\/fr\/wp-json\/wp\/v2\/media\/401140"}],"wp:attachment":[{"href":"https:\/\/www.europesays.com\/fr\/wp-json\/wp\/v2\/media?parent=401139"}],"wp:term":[{"taxonomy":"category","embeddable":true,"href":"https:\/\/www.europesays.com\/fr\/wp-json\/wp\/v2\/categories?post=401139"},{"taxonomy":"post_tag","embeddable":true,"href":"https:\/\/www.europesays.com\/fr\/wp-json\/wp\/v2\/tags?post=401139"}],"curies":[{"name":"wp","href":"https:\/\/api.w.org\/{rel}","templated":true}]}}