{"id":401163,"date":"2025-09-19T00:29:10","date_gmt":"2025-09-19T00:29:10","guid":{"rendered":"https:\/\/www.europesays.com\/fr\/401163\/"},"modified":"2025-09-19T00:29:10","modified_gmt":"2025-09-19T00:29:10","slug":"des-problemes-de-sante-soudains-vont-secouer-le-quotidien-de-ces-3-signes-du-zodiaque-en-septembre","status":"publish","type":"post","link":"https:\/\/www.europesays.com\/fr\/401163\/","title":{"rendered":"Des probl\u00e8mes de sant\u00e9 soudains vont secouer le quotidien de ces 3 signes du zodiaque en septembre"},"content":{"rendered":"<p>Le mois de septembre ne rime pas toujours avec renouveau et \u00e9nergie d\u00e9bordante. Parfois, il suffit d&rsquo;un grain de sable dans l&rsquo;engrenage pour que tout bascule. Imaginez : le cartable soigneusement pr\u00e9par\u00e9, la routine pr\u00eate \u00e0 reprendre\u2026 et soudain, une s\u00e9rie de petits soucis de sant\u00e9 s&rsquo;invite \u00e0 la f\u00eate. Pour certains signes du zodiaque, la rentr\u00e9e 2025 va \u00eatre synonyme de montagnes russes physiques et \u00e9motionnelles. Entre fatigue, migraines ou allergies, ce ne sont pas de gros probl\u00e8mes m\u00e9dicaux, mais bien ces <strong>petites contrari\u00e9t\u00e9s<\/strong> qui grippent nos journ\u00e9es et chamboulent tous nos plans. Qui sont les trois signes qui devront apprendre \u00e0 composer avec ce mois en demi-teinte ? Et comment transformer cette p\u00e9riode d\u00e9licate en tremplin pour mieux se conna\u00eetre ? Plongeons ensemble dans les pr\u00e9visions les plus inattendues de la rentr\u00e9e.<\/p>\n<p>Pr\u00e9parez-vous \u00e0 l&rsquo;inattendu : quand la sant\u00e9 chamboule la rentr\u00e9e astrologique<br \/>\nLes astres s&rsquo;en m\u00ealent : pourquoi septembre s&rsquo;annonce mouvement\u00e9 pour certains signes<\/p>\n<p><strong>Un ciel astral perturb\u00e9<\/strong>, c&rsquo;est parfois tout ce qu&rsquo;il faut pour secouer la routine. Ce mois-ci, la conjonction de plusieurs plan\u00e8tes amorce une <a href=\"https:\/\/journaldesseniors.20minutes.fr\/astrologie\/ces-2-signes-du-zodiaque-risquent-de-tout-remettre-en-question-dans-leur-vie-familiale-en-juin\/\" target=\"_blank\" rel=\"noopener\">p\u00e9riode de tension<\/a> pour certains natifs. Les signaux d&rsquo;alerte se multiplient : fatigue inhabituelle, baisse de tonus, petits maux qui s&rsquo;invitent sans crier gare. Pour trois signes, l&rsquo;\u00e9quinoxe de septembre s&rsquo;accompagne de v\u00e9ritables remises en question\u2026 et de quelques d\u00e9sagr\u00e9ments physiques \u00e0 g\u00e9rer, m\u00eame chez les plus robustes d&rsquo;entre nous.<\/p>\n<p>Petits maux, grands bouleversements : l&rsquo;impact sur la vie quotidienne<\/p>\n<p>Il ne s&rsquo;agit <strong>ni de maladies graves<\/strong>, ni de bouleversements dramatiques, mais de ces al\u00e9as qui agissent comme un grain de sable : une douleur sourde dans le dos, une migraine persistante, une allergie soudaine. En un rien de temps, toute l&rsquo;organisation est boulevers\u00e9e : sorties annul\u00e9es, soir\u00e9e entre amis tomb\u00e9e \u00e0 l&rsquo;eau, irritabilit\u00e9 accrue et sentiment de passer \u00e0 c\u00f4t\u00e9 de sa rentr\u00e9e.<\/p>\n<p>Modifier ses plans, accepter la frustration : mode d&#8217;emploi pour survivre \u00e0 la temp\u00eate<\/p>\n<p>L&rsquo;enjeu de septembre ? <strong>Savoir jongler avec l&rsquo;impr\u00e9vu<\/strong>. Accepter de lever le pied, d&rsquo;adapter son planning, d&rsquo;accorder plus de place au repos et \u00e0 l&rsquo;\u00e9coute de soi. Un v\u00e9ritable d\u00e9fi pour les signes qui se croyaient invincibles \u2013 mais aussi une belle opportunit\u00e9 d&rsquo;apprendre \u00e0 mieux se conna\u00eetre et \u00e0 transformer la frustration en \u00e9nergie nouvelle.<\/p>\n<p>B\u00e9lier : le feu sous tension, dos et \u00e9nergie au ralenti<br \/>\nQuand le dos dit stop : la fatigue qui s&rsquo;accumule<\/p>\n<p>Pour les natifs du B\u00e9lier, septembre ressemble \u00e0 <strong>une panne de carburant en pleine ascension<\/strong>. Les douleurs dorsales, souvent inaper\u00e7ues lors des p\u00e9riodes actives, se manifestent brutalement. Ce n&rsquo;est pas grave, mais cela grignote l&rsquo;\u00e9nergie, ralentit l&rsquo;allure et impose des pauses non n\u00e9gociables.<\/p>\n<p>Annulations et repos forc\u00e9 : comment g\u00e9rer la frustration d&rsquo;un B\u00e9lier<\/p>\n<p>Le B\u00e9lier est fait pour l&rsquo;action, et voil\u00e0 qu&rsquo;il se retrouve \u00e0 devoir annuler un match, d\u00e9cliner une sortie ou prendre la place du spectateur. Ce repos impos\u00e9 r\u00e9veille frustration et impatience. Rester clou\u00e9 au lit ou s&rsquo;imposer une soir\u00e9e tranquille devient alors un d\u00e9fi consid\u00e9rable \u00e0 relever sans perdre pied.<\/p>\n<p> Rituels et astuces pour regagner en vitalit\u00e9 et ne pas perdre pied<\/p>\n<p>S&rsquo;adapter, ce n&rsquo;est pas renoncer. Les petits rituels font toute la diff\u00e9rence : <strong>exercices d&rsquo;\u00e9tirements doux au r\u00e9veil<\/strong>, pauses r\u00e9guli\u00e8res, alimentation plus riche en fer et en magn\u00e9sium, tisanes relaxantes. En misant sur des routines plus douces, le B\u00e9lier pourra retrouver son feu int\u00e9rieur sans br\u00fbler la chandelle par les deux bouts.<\/p>\n<p>G\u00e9meaux : migraine et moral en dents de scie, le signe bouscul\u00e9<br \/>\n Des maux de t\u00eate impr\u00e9vus freinent l&rsquo;enthousiasme<\/p>\n<p>Chez les G\u00e9meaux, c&rsquo;est le mental qui prend de plein fouet <strong>l&rsquo;instabilit\u00e9 astrale<\/strong>. Les migraines se multiplient sans pr\u00e9venir, for\u00e7ant parfois \u00e0 ralentir ou \u00e0 rester dans le noir, loin des discussions anim\u00e9es et des envies de d\u00e9couverte. L&rsquo;esprit f\u00e9brile a du mal \u00e0 suivre le rythme, et l&rsquo;enthousiasme naturel s&rsquo;en trouve l\u00e9g\u00e8rement \u00e9corn\u00e9.<\/p>\n<p>Annuler, reporter, renoncer : un casse-t\u00eate pour le G\u00e9meaux<\/p>\n<p>S&rsquo;adapter au quotidien devient un v\u00e9ritable exercice d&rsquo;\u00e9quilibriste. Les rendez-vous amicaux ou professionnels sont report\u00e9s, les projets remis \u00e0 plus tard. Pour ce signe habitu\u00e9 \u00e0 papillonner, \u00e0 saisir toutes les opportunit\u00e9s, <strong>cette p\u00e9riode impose d&rsquo;apprendre \u00e0 dire non et \u00e0 prioriser<\/strong>\u2026 m\u00eame si cela demande un peu d&rsquo;entra\u00eenement.<\/p>\n<p>Trouver le bon tempo : apaiser le corps et l&rsquo;esprit malgr\u00e9 les contrari\u00e9t\u00e9s<\/p>\n<p>L&rsquo;enjeu sera d&rsquo;apprendre \u00e0 ralentir sans culpabiliser. Pour apaiser les tensions, des moments de calme, de respiration profonde, un carnet pour poser ses pens\u00e9es, ou encore quelques minutes loin des \u00e9crans, peuvent consid\u00e9rablement soulager migraines et nervosit\u00e9. Quelques sorties en nature ou une courte sieste en journ\u00e9e aideront \u00e0 retrouver un \u00e9quilibre plus serein.<\/p>\n<p>Vierge : allergies \u00e9tonnantes et d\u00e9s\u00e9quilibres, le pragmatique d\u00e9stabilis\u00e9<br \/>\nBoule de nerfs et d\u00e9mangeaisons : les surprises allergiques de septembre<\/p>\n<p>Le natif de la Vierge n&rsquo;aime rien tant que <strong>ma\u00eetriser son environnement<\/strong>. Mais ce mois-ci, les impr\u00e9vus d\u00e9barquent sous forme d&rsquo;allergies soudaines (poussi\u00e8res, pollens, chatouillis myst\u00e9rieux\u2026). Entre d\u00e9mangeaisons, \u00e9ternuements, petits d\u00e9s\u00e9quilibres digestifs, le corps envoie des signaux clairs : il est temps de <a href=\"https:\/\/journaldesseniors.20minutes.fr\/astrologie\/ces-2-signes-du-zodiaque-qui-sepuisent-a-vouloir-tout-controler-quitte-a-soublier-eux-memes\/\" target=\"_blank\" rel=\"noopener\">rel\u00e2cher un peu la pression<\/a>.<\/p>\n<p>Activit\u00e9s chamboul\u00e9es : la difficult\u00e9 \u00e0 l\u00e2cher le contr\u00f4le<\/p>\n<p>Impossible de planifier tout dans les moindres d\u00e9tails quand l&rsquo;impr\u00e9vu s&rsquo;invite au programme. La Vierge doit accepter de revoir ses projets, de manquer une s\u00e9ance de sport ou un atelier, et surtout de ne pas culpabiliser face \u00e0 ces l\u00e9gers contretemps. C&rsquo;est un vrai challenge pour un signe si attach\u00e9 \u00e0 l&rsquo;organisation.<\/p>\n<p>Prendre soin de soi autrement : nouveaux rituels pour traverser cette p\u00e9riode<\/p>\n<p>La cl\u00e9 r\u00e9side dans <strong>l&rsquo;\u00e9coute de son corps<\/strong>, l&rsquo;adoption de rituels simples mais efficaces : infusion de camomille avant le coucher, nettoyage plus doux de la maison, alimentation adapt\u00e9e aux allergies. Cette p\u00e9riode est id\u00e9ale pour d\u00e9couvrir l&rsquo;auto-massage, la m\u00e9ditation guid\u00e9e, ou m\u00eame s&rsquo;accorder un soin en institut, histoire de transformer l&rsquo;obstacle en opportunit\u00e9 pour se sentir mieux dans sa peau.<\/p>\n<p>Composer avec un mois en demi-teinte : comment ces signes vont transformer la contrainte en atout<br \/>\nS&rsquo;\u00e9couter et lever le pied : un apprentissage salutaire<\/p>\n<p>La rentr\u00e9e n&rsquo;est pas toujours une course effr\u00e9n\u00e9e. Pour le B\u00e9lier, le G\u00e9meaux et la Vierge, apprendre \u00e0 ralentir, \u00e0 lever le pied, c&rsquo;est parfois plus difficile qu&rsquo;un marathon. Pourtant, ces contraintes sont l&rsquo;occasion de porter une attention nouvelle \u00e0 leurs besoins, et de <strong>d\u00e9velopper une meilleure \u00e9coute de soi<\/strong>.<\/p>\n<p>Repenser ses besoins, mieux se conna\u00eetre gr\u00e2ce \u00e0 l&rsquo;\u00e9preuve<\/p>\n<p>Ce mois de septembre un peu chaotique invite \u00e0 <strong>repenser le rapport \u00e0 soi<\/strong> : moins d&rsquo;imm\u00e9diatet\u00e9, plus de douceur, l&rsquo;acceptation des limites et un nouvel \u00e9quilibre entre activit\u00e9 et repos. Se d\u00e9couvrir sous un autre jour, c&rsquo;est aussi gagner en maturit\u00e9 et en bienveillance envers soi-m\u00eame.<\/p>\n<p>L&rsquo;\u00e9claircie apr\u00e8s la temp\u00eate : saisir l&rsquo;opportunit\u00e9 d&rsquo;une rentr\u00e9e diff\u00e9rente<\/p>\n<p>Si le bilan de septembre semble d&rsquo;abord en demi-teinte, il offre aussi la promesse d&rsquo;un renouveau plus apais\u00e9. La frustration laissera place \u00e0 la satisfaction d&rsquo;avoir su transformer l&rsquo;impr\u00e9vu en vrai moment de croissance int\u00e9rieure. Apr\u00e8s tout, un petit coup de frein peut parfois nous \u00e9viter bien des sorties de route.<\/p>\n<p>Pour ces trois signes, septembre s&rsquo;annonce comme une p\u00e9riode d&rsquo;ajustements plus ou moins contraints, mais aussi comme une <strong>formidable opportunit\u00e9<\/strong> de se recentrer et d&rsquo;adopter de nouvelles habitudes plus saines. Et vous, comment r\u00e9agissez-vous face aux petits al\u00e9as de la vie ? Peut-\u00eatre est-ce l&rsquo;occasion de porter un nouveau regard sur les impr\u00e9vus de la rentr\u00e9e\u2026<\/p>\n","protected":false},"excerpt":{"rendered":"Le mois de septembre ne rime pas toujours avec renouveau et \u00e9nergie d\u00e9bordante. Parfois, il suffit d&rsquo;un grain&hellip;\n","protected":false},"author":2,"featured_media":401164,"comment_status":"","ping_status":"","sticky":false,"template":"","format":"standard","meta":{"footnotes":""},"categories":[8],"tags":[156,58,59,1011,27,157,56,35933],"class_list":{"0":"post-401163","1":"post","2":"type-post","3":"status-publish","4":"format-standard","5":"has-post-thumbnail","7":"category-divertissement","8":"tag-astrologie","9":"tag-divertissement","10":"tag-entertainment","11":"tag-fr","12":"tag-france","13":"tag-horoscope","14":"tag-push","15":"tag-rs"},"share_on_mastodon":{"url":"https:\/\/pubeurope.com\/@fr\/115228138892866306","error":""},"_links":{"self":[{"href":"https:\/\/www.europesays.com\/fr\/wp-json\/wp\/v2\/posts\/401163","targetHints":{"allow":["GET"]}}],"collection":[{"href":"https:\/\/www.europesays.com\/fr\/wp-json\/wp\/v2\/posts"}],"about":[{"href":"https:\/\/www.europesays.com\/fr\/wp-json\/wp\/v2\/types\/post"}],"author":[{"embeddable":true,"href":"https:\/\/www.europesays.com\/fr\/wp-json\/wp\/v2\/users\/2"}],"replies":[{"embeddable":true,"href":"https:\/\/www.europesays.com\/fr\/wp-json\/wp\/v2\/comments?post=401163"}],"version-history":[{"count":0,"href":"https:\/\/www.europesays.com\/fr\/wp-json\/wp\/v2\/posts\/401163\/revisions"}],"wp:featuredmedia":[{"embeddable":true,"href":"https:\/\/www.europesays.com\/fr\/wp-json\/wp\/v2\/media\/401164"}],"wp:attachment":[{"href":"https:\/\/www.europesays.com\/fr\/wp-json\/wp\/v2\/media?parent=401163"}],"wp:term":[{"taxonomy":"category","embeddable":true,"href":"https:\/\/www.europesays.com\/fr\/wp-json\/wp\/v2\/categories?post=401163"},{"taxonomy":"post_tag","embeddable":true,"href":"https:\/\/www.europesays.com\/fr\/wp-json\/wp\/v2\/tags?post=401163"}],"curies":[{"name":"wp","href":"https:\/\/api.w.org\/{rel}","templated":true}]}}