{"id":401175,"date":"2025-09-19T00:35:23","date_gmt":"2025-09-19T00:35:23","guid":{"rendered":"https:\/\/www.europesays.com\/fr\/401175\/"},"modified":"2025-09-19T00:35:23","modified_gmt":"2025-09-19T00:35:23","slug":"maj-18-septembre-a-saint-etienne-entre-2-700-et-15-000-manifestants-dans-la-rue","status":"publish","type":"post","link":"https:\/\/www.europesays.com\/fr\/401175\/","title":{"rendered":"[MAJ] 18 septembre \u00e0 Saint-\u00c9tienne : entre 2.700 et 15.000 manifestants dans la rue"},"content":{"rendered":"<p>En attendant les manifestations organis\u00e9es par plusieurs syndicats, ce jeudi 18 septembre, plusieurs actions ont \u00e9t\u00e9 men\u00e9es d\u00e8s le d\u00e9but de matin\u00e9e, notamment \u00e0 Saint-\u00c9tienne.<\/p>\n<p>Mise \u00e0 jour \u00e0 17h30<\/p>\n<p>Selon les chiffres donn\u00e9s par la pr\u00e9fecture, 248 forces de l&rsquo;ordre ont \u00e9t\u00e9 mobilis\u00e9s au fil de la journ\u00e9e dans la Loire.<\/p>\n<p>Mise \u00e0 jour \u00e0 14h<\/p>\n<p>Les premiers chiffres de la manifestation sont tomb\u00e9s \u00e0 <b>Saint-\u00c9tienne<\/b> :\u00a0<\/p>\n<p>&#8211; selon la pr\u00e9fecture, 2.750 manifestants ont \u00e9t\u00e9 d\u00e9nombr\u00e9s<\/p>\n<p>&#8211; selon les syndicats, pr\u00e8s de 15.000 personnes sont descendues dans les rues<\/p>\n<p>\u00c0 <b>Roanne<\/b>, la pr\u00e9fecture parle de 1.800 manifestants, contre 3.000 pour l&rsquo;intersyndicale.<\/p>\n<p>Mise \u00e0 jour \u00e0 10h10<\/p>\n<p>Le cort\u00e8ge s&rsquo;est \u00e9lanc\u00e9 de la <b>Bourse du travail<\/b>, \u00e0 <b>Saint-\u00c9tienne<\/b>.<\/p>\n<p>Les manifestants prennent la direction de la <b>pr\u00e9fecture de la Loire<\/b>.<\/p>\n<p>Article d&rsquo;origine<\/p>\n<p>Nouvelle journ\u00e9e de mobilisation dans la <b>Loire<\/b> et en <b>Haute-Loire<\/b>.<\/p>\n<p>Moins d&rsquo;une semaine apr\u00e8s <a class=\"url\" href=\"https:\/\/www.radioscoop.com\/infos\/six-interpellations-un-policier-blesse-revivez-bloquons-tout-dans-la-loire-et-en-haute-loire_337166\" target=\"_blank\" rel=\"noopener\">le mouvement \u00ab\u00a0Bloquons Tout\u00a0\u00bb<\/a>, les syndicats appellent \u00e0 une journ\u00e9e de gr\u00e8ve, ce jeudi. Une mobilisation qui s&rsquo;annonce tr\u00e8s suivie, avec <b>de 600 \u00e0 900.000 manifestants<\/b> selon le minist\u00e8re de l&rsquo;Int\u00e9rieur.<\/p>\n<p>Des manifestations \u00e0 Saint-\u00c9tienne, \u00e0 Roanne et au Puy-en-Velay<\/p>\n<p>\u00c0 Saint-\u00c9tienne, les premiers rassemblements ont \u00e9t\u00e9 organis\u00e9s au petit matin. Quelques manifestants ont notamment allum\u00e9 <b>un incendie<\/b> sur toute la largeur de la <b>RN488<\/b>, entre le rond-point de Monthieu et l&rsquo;acc\u00e8s \u00e0 l&rsquo;A72. Un axe qui a d\u00fb \u00eatre bloqu\u00e9 le temps de l&rsquo;intervention des pompiers et des forces de l&rsquo;ordre.<\/p>\n<p>Par ailleurs, d&rsquo;apr\u00e8s <a class=\"url\" href=\"https:\/\/c.leprogres.fr\/politique\/2025\/09\/17\/journee-de-greves-suivez-la-mobilisation-a-saint-etienne-roanne-et-le-puy-en-velay?at_content=link&amp;at_term=leprogres.saintetienne&amp;at_campaign=Facebook&amp;at_medium=Social&amp;at_source=nonli\" target=\"_blank\" rel=\"noopener\">Le Progr\u00e8s<\/a>, des \u00e9tudiants ont d\u00e9cid\u00e9 de bloquer les acc\u00e8s au <b>campus Tr\u00e9filerie<\/b>, \u00e0 l&rsquo;Universit\u00e9 Jean Monnet (UJM).<\/p>\n<p>Pour rappel, des manifestations sont pr\u00e9vues \u00e0 <b>10h<\/b> au d\u00e9part de la Bourse du travail, \u00e0 <b>Saint-\u00c9tienne<\/b>, puis \u00e0 <b>10h30<\/b> devant le centre des imp\u00f4ts, \u00e0 <b>Roanne<\/b>, et place Cadelade, au <b>Puy-en-Velay<\/b>.<\/p>\n<p><img loading=\"lazy\" decoding=\"async\" src=\"https:\/\/www.europesays.com\/fr\/wp-content\/uploads\/2025\/09\/1758242123_916_img\" width=\"350\" height=\"200\" border=\"0\" title=\"Un bus de la STAS \u00c3\u00a0 Saint-\u00c3\u0089tienne\"\/><\/p>\n<p>\u25baTransport<\/p>\n<p style=\"font-size: 22px;\"><b>Gr\u00e8ve du 18 septembre \u00e0 Saint-\u00c9tienne : quelles perturbations \u00e0 la STAS ?<\/b><\/p>\n<p>Les transports de la STAS seront perturb\u00e9s, ce&#8230;<\/p>\n<p><\/p>\n","protected":false},"excerpt":{"rendered":"En attendant les manifestations organis\u00e9es par plusieurs syndicats, ce jeudi 18 septembre, plusieurs actions ont \u00e9t\u00e9 men\u00e9es d\u00e8s&hellip;\n","protected":false},"author":2,"featured_media":400062,"comment_status":"","ping_status":"","sticky":false,"template":"","format":"standard","meta":{"footnotes":""},"categories":[9653],"tags":[1111,11,2430,13701,1777,674,1011,27,1310,10444,2088,30898,12,25,18118,9838,9920,4001,53149,47242,19493],"class_list":{"0":"post-401175","1":"post","2":"type-post","3":"status-publish","4":"format-standard","5":"has-post-thumbnail","7":"category-saint-etienne","8":"tag-actu","9":"tag-actualites","10":"tag-auvergne-rhone-alpes","11":"tag-campus","12":"tag-eu","13":"tag-europe","14":"tag-fr","15":"tag-france","16":"tag-incendie","17":"tag-le-puy-en-velay","18":"tag-manifestation","19":"tag-monthieu","20":"tag-news","21":"tag-republique-francaise","22":"tag-rn488","23":"tag-roanne","24":"tag-saint-tienne","25":"tag-saint-etienne","26":"tag-trfilerie","27":"tag-ujm","28":"tag-universit"},"share_on_mastodon":{"url":"https:\/\/pubeurope.com\/@fr\/115228162897187067","error":""},"_links":{"self":[{"href":"https:\/\/www.europesays.com\/fr\/wp-json\/wp\/v2\/posts\/401175","targetHints":{"allow":["GET"]}}],"collection":[{"href":"https:\/\/www.europesays.com\/fr\/wp-json\/wp\/v2\/posts"}],"about":[{"href":"https:\/\/www.europesays.com\/fr\/wp-json\/wp\/v2\/types\/post"}],"author":[{"embeddable":true,"href":"https:\/\/www.europesays.com\/fr\/wp-json\/wp\/v2\/users\/2"}],"replies":[{"embeddable":true,"href":"https:\/\/www.europesays.com\/fr\/wp-json\/wp\/v2\/comments?post=401175"}],"version-history":[{"count":0,"href":"https:\/\/www.europesays.com\/fr\/wp-json\/wp\/v2\/posts\/401175\/revisions"}],"wp:featuredmedia":[{"embeddable":true,"href":"https:\/\/www.europesays.com\/fr\/wp-json\/wp\/v2\/media\/400062"}],"wp:attachment":[{"href":"https:\/\/www.europesays.com\/fr\/wp-json\/wp\/v2\/media?parent=401175"}],"wp:term":[{"taxonomy":"category","embeddable":true,"href":"https:\/\/www.europesays.com\/fr\/wp-json\/wp\/v2\/categories?post=401175"},{"taxonomy":"post_tag","embeddable":true,"href":"https:\/\/www.europesays.com\/fr\/wp-json\/wp\/v2\/tags?post=401175"}],"curies":[{"name":"wp","href":"https:\/\/api.w.org\/{rel}","templated":true}]}}