{"id":401194,"date":"2025-09-19T00:49:21","date_gmt":"2025-09-19T00:49:21","guid":{"rendered":"https:\/\/www.europesays.com\/fr\/401194\/"},"modified":"2025-09-19T00:49:21","modified_gmt":"2025-09-19T00:49:21","slug":"habib-beye-repond-aux-accusations-de-jorge-maciel-ligue-1-j4-rennes-ol-3-1","status":"publish","type":"post","link":"https:\/\/www.europesays.com\/fr\/401194\/","title":{"rendered":"Habib Beye r\u00e9pond aux accusations de Jorge Maciel &#8211; Ligue 1 &#8211; J4 &#8211; Rennes-OL (3-1)"},"content":{"rendered":"<p>La tension n\u2019est pas redescendue.<\/p>\n<p><a target=\"_blank\" href=\"https:\/\/www.sofoot.com\/articles\/ligue-1-rennes-et-mohamed-kader-meite-retournent-lol\" rel=\"nofollow noopener\">Quatre jours apr\u00e8s avoir battu l\u2019Olympique lyonnais<\/a>, au terme d\u2019une <strong>fin de match houleuse (3-1)<\/strong>, l\u2019entra\u00eeneur du Stade rennais <strong>Habib Beye est <a target=\"_blank\" href=\"https:\/\/www.sofoot.com\/breves\/jorge-maciel-sen-prend-a-habib-beye-apres-la-defaite-de-lol-a-rennes#goog_rewarded\" rel=\"nofollow noopener\">revenu sur les accusations port\u00e9es contre lui<\/a>.<\/strong> Selon l\u2019entra\u00eeneur adjoint des Gones, Jorge Maciel, l\u2019ancien international s\u00e9n\u00e9galais aurait <strong>f\u00eat\u00e9 les buts de son \u00e9quipe face au banc Lyonnais et serait m\u00eame all\u00e9 jusqu\u2019\u00e0 menacer le staff adverse<\/strong>.<\/p>\n<p>\u00ab\u00a0Je n\u2019ai insult\u00e9 personne, moi je l\u2019ai \u00e9t\u00e9\u2026\u00a0\u00bb<\/p>\n<p>\u00ab\u202fJ\u2019invite toutes les personnes qui ont Ligue 1+ \u00e0 revoir les images, je l\u2019ai fait pour voir si je m\u2019\u00e9tais un peu emport\u00e9, a r\u00e9pondu Beye ce jeudi en conf\u00e9rence de presse. Le premier, je reste dans ma zone technique. Le deuxi\u00e8me, je commence \u00e0 le f\u00eater sans d\u00e9passer la ligne m\u00e9diane et le troisi\u00e8me, je saute dans les bras de mon staff. Je ne me tourne qu\u2019\u00e0 partir du moment o\u00f9 quelqu\u2019un derri\u00e8re moi du staff lyonnais vient m\u2019invectiver.\u00a0\u00bb<\/p>\n<p>Dans la foul\u00e9e, Beye reproche m\u00eame \u00e0 ses homologues lyonnais d\u2019avoir \u00e9t\u00e9 les plus agressifs : \u00ab\u202fOn peut me faire passer pour le m\u00e9chant gar\u00e7on, mais je n\u2019ai insult\u00e9 personne. Moi, je l\u2019ai \u00e9t\u00e9, et des t\u00e9moins \u00e9taient l\u00e0 pour le voir. Aujourd\u2019hui, f\u00eater des buts fait partie de l\u2019\u00e9motion d\u2019un coach, \u00e0 aucun moment je n\u2019ai \u00e9t\u00e9 dans leur zone technique. Leurs propos sont mensongers puisqu\u2019il a dit que j\u2019\u00e9tais venu f\u00eater les trois buts de leur c\u00f4t\u00e9. J\u2019invite tout le monde \u00e0 regarder Ligue 1+.\u202f\u00bb<\/p>\n<p>Malheureusement, la promo de rentr\u00e9e est pass\u00e9e !<\/p>\n<p>\t\t\t\t\t\t\t\t\t\t<a class=\"lien-connexe\" href=\"https:\/\/www.sofoot.com\/articles\/arbitrage-stephanie-frappart-au-purgatoire-apres-son-explication-concernant-la-faute-sur-merah-lors-de-rennes-lyon\" rel=\"nofollow noopener\" target=\"_blank\">St\u00e9phanie Frappart\u202f: une glissade et des brimades<\/a>\t\t\t\t\t<\/p>\n","protected":false},"excerpt":{"rendered":"La tension n\u2019est pas redescendue. Quatre jours apr\u00e8s avoir battu l\u2019Olympique lyonnais, au terme d\u2019une fin de match&hellip;\n","protected":false},"author":2,"featured_media":401195,"comment_status":"","ping_status":"","sticky":false,"template":"","format":"standard","meta":{"footnotes":""},"categories":[2821],"tags":[1111,47,11,61,829,69,65,64,1777,674,63,1011,27,68,66,12,62,70,584,25,67],"class_list":{"0":"post-401194","1":"post","2":"type-post","3":"status-publish","4":"format-standard","5":"has-post-thumbnail","7":"category-rennes","8":"tag-actu","9":"tag-actualite","10":"tag-actualites","11":"tag-actus-football","12":"tag-bretagne","13":"tag-bundesliga","14":"tag-championnats-europeens","15":"tag-equipe-de-france","16":"tag-eu","17":"tag-europe","18":"tag-football","19":"tag-fr","20":"tag-france","21":"tag-ligua","22":"tag-ligue-1","23":"tag-news","24":"tag-news-foot","25":"tag-premier-league","26":"tag-rennes","27":"tag-republique-francaise","28":"tag-serie-a"},"share_on_mastodon":{"url":"https:\/\/pubeurope.com\/@fr\/115228217540529213","error":""},"_links":{"self":[{"href":"https:\/\/www.europesays.com\/fr\/wp-json\/wp\/v2\/posts\/401194","targetHints":{"allow":["GET"]}}],"collection":[{"href":"https:\/\/www.europesays.com\/fr\/wp-json\/wp\/v2\/posts"}],"about":[{"href":"https:\/\/www.europesays.com\/fr\/wp-json\/wp\/v2\/types\/post"}],"author":[{"embeddable":true,"href":"https:\/\/www.europesays.com\/fr\/wp-json\/wp\/v2\/users\/2"}],"replies":[{"embeddable":true,"href":"https:\/\/www.europesays.com\/fr\/wp-json\/wp\/v2\/comments?post=401194"}],"version-history":[{"count":0,"href":"https:\/\/www.europesays.com\/fr\/wp-json\/wp\/v2\/posts\/401194\/revisions"}],"wp:featuredmedia":[{"embeddable":true,"href":"https:\/\/www.europesays.com\/fr\/wp-json\/wp\/v2\/media\/401195"}],"wp:attachment":[{"href":"https:\/\/www.europesays.com\/fr\/wp-json\/wp\/v2\/media?parent=401194"}],"wp:term":[{"taxonomy":"category","embeddable":true,"href":"https:\/\/www.europesays.com\/fr\/wp-json\/wp\/v2\/categories?post=401194"},{"taxonomy":"post_tag","embeddable":true,"href":"https:\/\/www.europesays.com\/fr\/wp-json\/wp\/v2\/tags?post=401194"}],"curies":[{"name":"wp","href":"https:\/\/api.w.org\/{rel}","templated":true}]}}