{"id":401200,"date":"2025-09-19T00:52:14","date_gmt":"2025-09-19T00:52:14","guid":{"rendered":"https:\/\/www.europesays.com\/fr\/401200\/"},"modified":"2025-09-19T00:52:14","modified_gmt":"2025-09-19T00:52:14","slug":"greve-du-18-septembre-quelques-chauffeurs-vtc-mobilises-a-laeroport-de-nice-loperation-escargot-annoncee-na-pas-eu-lieu","status":"publish","type":"post","link":"https:\/\/www.europesays.com\/fr\/401200\/","title":{"rendered":"Gr\u00e8ve du 18 septembre: quelques chauffeurs VTC mobilis\u00e9s \u00e0 l\u2019a\u00e9roport de Nice, l\u2019op\u00e9ration escargot annonc\u00e9e n\u2019a pas eu lieu"},"content":{"rendered":"<p>\u00c0 l\u2019a\u00e9roport de Nice, ce jeudi 18 septembre d\u00e8s 7h du matin, une quinzaine de chauffeurs VTC jouent au chat et \u00e0 la souris avec les forces de l\u2019ordre, qui veulent \u00e0 tout prix \u00e9viter un blocage. Emmen\u00e9s par Mehair Bouhlel, secr\u00e9taire g\u00e9n\u00e9ral FO VTC 06, les manifestants filtrent les VTC non gr\u00e9vistes qui passent, pour ralentir la circulation. Il<a href=\"https:\/\/www.nicematin.com\/securite\/greve-du-18-septembre-une-operation-escargot-annoncee-sur-l-autoroute-a8-entre-nice-et-antibes-1002362\" target=\"_blank\" rel=\"noopener\">s avaient envisag\u00e9 de faire une op\u00e9ration escargot jusqu\u2019\u00e0 Antibes via l\u2019A8<\/a>, mais finalement, la mobilisation est moins importante qu\u2019attendue.<\/p>\n<p>\u00ab\u00a0Nous sommes ici pour d\u00e9fendre la dignit\u00e9 et l\u2019avenir de notre m\u00e9tier, explique Mehair Bouhlel. Les chauffeurs VTC subissent une pr\u00e9carisation sans pr\u00e9c\u00e9dent: tarifs au rabais, contr\u00f4les abusifs, absence de protection sociale, concurrence d\u00e9loyale\u2026 On en appelle \u00e0 l\u2019\u00c9tat et aux plateformes: assez de m\u00e9pris, assez de promesses, nous voulons des actes concrets. Le gouvernement parle du budget 2026: il est temps que ce budget serve \u00e0 investir dans la r\u00e9gulation, la s\u00e9curit\u00e9 et la justice sociale pour les chauffeurs.\u00a0\u00bb<\/p>\n<p>                                \u00ab\u00a0Je ne sors m\u00eame pas un Smic\u00a0\u00bb<\/p>\n<p>Les revendications sont toujours les m\u00eames: moratoire sur les examens VTC, renforcement de la formation, gel des cartes VTC, r\u00e9gulation claire et \u00e9quitable des plateformes, et un dialogue avec le gouvernement.<\/p>\n<p>Nathalie, une Cannoise de 40 ans d\u2019origine chinoise, est chauffeuse VTC depuis 3 ans. C\u2019est sa premi\u00e8re manifestation. \u00ab\u00a0On ne peut plus travailler, on perd de l\u2019argent, se d\u00e9sole-t-elle. Et on a aucun soutien du gouvernement.\u00a0\u00bb Elle adore son m\u00e9tier, mais n\u2019y arrive plus. Et envisage s\u00e9rieusement de quitter la France, o\u00f9 elle est arriv\u00e9e il y a 10 ans. \u00ab\u00a0J\u2019ai investi dans une Tesla, je travaille 70 heures par semaine, je paye 500 d\u2019assurance par mois, et je sors m\u00eame pas un Smic, poursuit-elle. Donc je soutiens le mouvement de gr\u00e8ve, mais l\u2019ann\u00e9e prochaine j\u2019arr\u00eate, c\u2019est plus possible, je pr\u00e9f\u00e8re faire n\u2019importe quel autre travail. La police ne nous aime pas, les taxis de nous aiment pas, et tous les prix ont explos\u00e9, sauf le prix de la course qui a baiss\u00e9 de 20% en moyenne. Les plateformes prennent des milliards et payent z\u00e9ro taxe en France, et nous, il nous reste que des cacahu\u00e8tes.\u00a0\u00bb<\/p>\n<p>L\u2019op\u00e9ration s\u2019est globalement d\u00e9roul\u00e9e dans le calme, et les manifestants ont lev\u00e9 le camp aux alentours de 11h30.<\/p>\n","protected":false},"excerpt":{"rendered":"\u00c0 l\u2019a\u00e9roport de Nice, ce jeudi 18 septembre d\u00e8s 7h du matin, une quinzaine de chauffeurs VTC jouent&hellip;\n","protected":false},"author":2,"featured_media":401201,"comment_status":"","ping_status":"","sticky":false,"template":"","format":"standard","meta":{"footnotes":""},"categories":[2819],"tags":[1111,11,1777,674,1011,27,802,12,2401,882,25,801],"class_list":{"0":"post-401200","1":"post","2":"type-post","3":"status-publish","4":"format-standard","5":"has-post-thumbnail","7":"category-nice","8":"tag-actu","9":"tag-actualites","10":"tag-eu","11":"tag-europe","12":"tag-fr","13":"tag-france","14":"tag-greves-et-mouvements-sociaux","15":"tag-news","16":"tag-nice","17":"tag-provence-alpes-cote-dazur","18":"tag-republique-francaise","19":"tag-social"},"share_on_mastodon":{"url":"https:\/\/pubeurope.com\/@fr\/115228229234735949","error":""},"_links":{"self":[{"href":"https:\/\/www.europesays.com\/fr\/wp-json\/wp\/v2\/posts\/401200","targetHints":{"allow":["GET"]}}],"collection":[{"href":"https:\/\/www.europesays.com\/fr\/wp-json\/wp\/v2\/posts"}],"about":[{"href":"https:\/\/www.europesays.com\/fr\/wp-json\/wp\/v2\/types\/post"}],"author":[{"embeddable":true,"href":"https:\/\/www.europesays.com\/fr\/wp-json\/wp\/v2\/users\/2"}],"replies":[{"embeddable":true,"href":"https:\/\/www.europesays.com\/fr\/wp-json\/wp\/v2\/comments?post=401200"}],"version-history":[{"count":0,"href":"https:\/\/www.europesays.com\/fr\/wp-json\/wp\/v2\/posts\/401200\/revisions"}],"wp:featuredmedia":[{"embeddable":true,"href":"https:\/\/www.europesays.com\/fr\/wp-json\/wp\/v2\/media\/401201"}],"wp:attachment":[{"href":"https:\/\/www.europesays.com\/fr\/wp-json\/wp\/v2\/media?parent=401200"}],"wp:term":[{"taxonomy":"category","embeddable":true,"href":"https:\/\/www.europesays.com\/fr\/wp-json\/wp\/v2\/categories?post=401200"},{"taxonomy":"post_tag","embeddable":true,"href":"https:\/\/www.europesays.com\/fr\/wp-json\/wp\/v2\/tags?post=401200"}],"curies":[{"name":"wp","href":"https:\/\/api.w.org\/{rel}","templated":true}]}}