{"id":401206,"date":"2025-09-19T00:55:28","date_gmt":"2025-09-19T00:55:28","guid":{"rendered":"https:\/\/www.europesays.com\/fr\/401206\/"},"modified":"2025-09-19T00:55:28","modified_gmt":"2025-09-19T00:55:28","slug":"des-manifestations-eclatent-a-nantes-contre-les-coupes-dans-les-services-publics-de-macron","status":"publish","type":"post","link":"https:\/\/www.europesays.com\/fr\/401206\/","title":{"rendered":"Des manifestations \u00e9clatent \u00e0 Nantes contre les coupes dans les services publics de Macron"},"content":{"rendered":"<p class=\"mb-4 text-lg md:leading-8 break-words\">Des manifestations, men\u00e9es par des dirigeants syndicaux, ont \u00e9t\u00e9 organis\u00e9es \u00e0 travers la France dans le cadre d&rsquo;une journ\u00e9e nationale d&rsquo;action.<\/p>\n<p class=\"mb-4 text-lg md:leading-8 break-words\">Les syndicats exigent que le gouvernement abandonne les r\u00e9ductions budg\u00e9taires propos\u00e9es, les gels des d\u00e9penses de protection sociale et d&rsquo;autres mesures visant \u00e0 r\u00e9duire le d\u00e9ficit du pays. Les dirigeants syndicaux avertissent que ces coupes saperaient les services essentiels \u00e0 la vie sociale fran\u00e7aise.<\/p>\n<p class=\"mb-4 text-lg md:leading-8 break-words\">Les autorit\u00e9s ont d\u00e9ploy\u00e9 environ 80 000 policiers \u00e0 travers le pays pour maintenir l&rsquo;ordre pendant les manifestations, qui surviennent dans un climat de craintes d&rsquo;instabilit\u00e9 politique renouvel\u00e9e, car des mesures d&rsquo;aust\u00e9rit\u00e9 similaires ont fait chuter des gouvernements pr\u00e9c\u00e9dents.<\/p>\n","protected":false},"excerpt":{"rendered":"Des manifestations, men\u00e9es par des dirigeants syndicaux, ont \u00e9t\u00e9 organis\u00e9es \u00e0 travers la France dans le cadre d&rsquo;une&hellip;\n","protected":false},"author":2,"featured_media":401207,"comment_status":"","ping_status":"","sticky":false,"template":"","format":"standard","meta":{"footnotes":""},"categories":[2818],"tags":[1111,11,1777,674,1011,27,1272,766,12,2636,25],"class_list":{"0":"post-401206","1":"post","2":"type-post","3":"status-publish","4":"format-standard","5":"has-post-thumbnail","7":"category-nantes","8":"tag-actu","9":"tag-actualites","10":"tag-eu","11":"tag-europe","12":"tag-fr","13":"tag-france","14":"tag-manifestations","15":"tag-nantes","16":"tag-news","17":"tag-pays-de-la-loire","18":"tag-republique-francaise"},"share_on_mastodon":{"url":"https:\/\/pubeurope.com\/@fr\/115228241141807710","error":""},"_links":{"self":[{"href":"https:\/\/www.europesays.com\/fr\/wp-json\/wp\/v2\/posts\/401206","targetHints":{"allow":["GET"]}}],"collection":[{"href":"https:\/\/www.europesays.com\/fr\/wp-json\/wp\/v2\/posts"}],"about":[{"href":"https:\/\/www.europesays.com\/fr\/wp-json\/wp\/v2\/types\/post"}],"author":[{"embeddable":true,"href":"https:\/\/www.europesays.com\/fr\/wp-json\/wp\/v2\/users\/2"}],"replies":[{"embeddable":true,"href":"https:\/\/www.europesays.com\/fr\/wp-json\/wp\/v2\/comments?post=401206"}],"version-history":[{"count":0,"href":"https:\/\/www.europesays.com\/fr\/wp-json\/wp\/v2\/posts\/401206\/revisions"}],"wp:featuredmedia":[{"embeddable":true,"href":"https:\/\/www.europesays.com\/fr\/wp-json\/wp\/v2\/media\/401207"}],"wp:attachment":[{"href":"https:\/\/www.europesays.com\/fr\/wp-json\/wp\/v2\/media?parent=401206"}],"wp:term":[{"taxonomy":"category","embeddable":true,"href":"https:\/\/www.europesays.com\/fr\/wp-json\/wp\/v2\/categories?post=401206"},{"taxonomy":"post_tag","embeddable":true,"href":"https:\/\/www.europesays.com\/fr\/wp-json\/wp\/v2\/tags?post=401206"}],"curies":[{"name":"wp","href":"https:\/\/api.w.org\/{rel}","templated":true}]}}