{"id":401212,"date":"2025-09-19T00:58:11","date_gmt":"2025-09-19T00:58:11","guid":{"rendered":"https:\/\/www.europesays.com\/fr\/401212\/"},"modified":"2025-09-19T00:58:11","modified_gmt":"2025-09-19T00:58:11","slug":"la-corrida-pedestre-de-toulouse-a-permis-de-recolter-26-000-euros","status":"publish","type":"post","link":"https:\/\/www.europesays.com\/fr\/401212\/","title":{"rendered":"La Corrida p\u00e9destre de Toulouse a permis de recolter 26.000 euros"},"content":{"rendered":"<p>La vingt-quatri\u00e8me \u00e9dition de la <a href=\"https:\/\/www.touleco.fr\/Corrida-pedestre-La-victoire-au-bout-de-la-course,47460\" class=\"spip_in\" target=\"_blank\" rel=\"noopener\">Corrida p\u00e9destre de Toulouse<\/a>, organis\u00e9e par le Cr\u00e9dit Agricole Toulouse d\u00e9but juillet, aurait permis de r\u00e9colter 26.000 euros\u00a0[<a href=\"#nb1\" class=\"spip_note\" rel=\"appendix\" title=\"13.000 euros \u00e0 chacune des associations\" id=\"nh1\">1<\/a>] \u00e0 destination des associations Les Gladiateurs, qui accompagne et soutient les familles d\u2019enfants malades, et Au Talent by Matyss, association au profit des enfants et adolescents atteints de diab\u00e8te.<\/p>\n<p>Pr\u00e8s de 6500 coureurs et 350 b\u00e9n\u00e9voles \u00e9taient mobilis\u00e9s cette ann\u00e9e.<\/p>\n<p>Notes<\/p>\n<p>[<a href=\"#nh1\" class=\"spip_note\" title=\"Notes 1\" rev=\"appendix\">1<\/a>]\u00a013.000 euros \u00e0 chacune des associations<\/p>\n","protected":false},"excerpt":{"rendered":"La vingt-quatri\u00e8me \u00e9dition de la Corrida p\u00e9destre de Toulouse, organis\u00e9e par le Cr\u00e9dit Agricole Toulouse d\u00e9but juillet, aurait&hellip;\n","protected":false},"author":2,"featured_media":373637,"comment_status":"","ping_status":"","sticky":false,"template":"","format":"standard","meta":{"footnotes":""},"categories":[2816],"tags":[1111,11,53270,1777,674,1011,27,12,2680,25,801,3400,2312],"class_list":{"0":"post-401212","1":"post","2":"type-post","3":"status-publish","4":"format-standard","5":"has-post-thumbnail","7":"category-toulouse","8":"tag-actu","9":"tag-actualites","10":"tag-credit-agricole-toulouse-31","11":"tag-eu","12":"tag-europe","13":"tag-fr","14":"tag-france","15":"tag-news","16":"tag-occitanie","17":"tag-republique-francaise","18":"tag-social","19":"tag-solidarite","20":"tag-toulouse"},"share_on_mastodon":{"url":"https:\/\/pubeurope.com\/@fr\/115228252860675506","error":""},"_links":{"self":[{"href":"https:\/\/www.europesays.com\/fr\/wp-json\/wp\/v2\/posts\/401212","targetHints":{"allow":["GET"]}}],"collection":[{"href":"https:\/\/www.europesays.com\/fr\/wp-json\/wp\/v2\/posts"}],"about":[{"href":"https:\/\/www.europesays.com\/fr\/wp-json\/wp\/v2\/types\/post"}],"author":[{"embeddable":true,"href":"https:\/\/www.europesays.com\/fr\/wp-json\/wp\/v2\/users\/2"}],"replies":[{"embeddable":true,"href":"https:\/\/www.europesays.com\/fr\/wp-json\/wp\/v2\/comments?post=401212"}],"version-history":[{"count":0,"href":"https:\/\/www.europesays.com\/fr\/wp-json\/wp\/v2\/posts\/401212\/revisions"}],"wp:featuredmedia":[{"embeddable":true,"href":"https:\/\/www.europesays.com\/fr\/wp-json\/wp\/v2\/media\/373637"}],"wp:attachment":[{"href":"https:\/\/www.europesays.com\/fr\/wp-json\/wp\/v2\/media?parent=401212"}],"wp:term":[{"taxonomy":"category","embeddable":true,"href":"https:\/\/www.europesays.com\/fr\/wp-json\/wp\/v2\/categories?post=401212"},{"taxonomy":"post_tag","embeddable":true,"href":"https:\/\/www.europesays.com\/fr\/wp-json\/wp\/v2\/tags?post=401212"}],"curies":[{"name":"wp","href":"https:\/\/api.w.org\/{rel}","templated":true}]}}