{"id":401235,"date":"2025-09-19T01:12:16","date_gmt":"2025-09-19T01:12:16","guid":{"rendered":"https:\/\/www.europesays.com\/fr\/401235\/"},"modified":"2025-09-19T01:12:16","modified_gmt":"2025-09-19T01:12:16","slug":"eric-cantona-appelle-a-lexclusion-disrael-de-la-fifa-et-de-luefa-le-comparant-a-la-russie","status":"publish","type":"post","link":"https:\/\/www.europesays.com\/fr\/401235\/","title":{"rendered":"Eric Cantona appelle \u00e0 l&rsquo;exclusion d&rsquo;Isra\u00ebl de la FIFA et de l&rsquo;UEFA, le comparant \u00e0 la Russie"},"content":{"rendered":"<p>                                                Eric Cantona appelle \u00e0 l&rsquo;exclusion d&rsquo;Isra\u00ebl de la FIFA et de l&rsquo;UEFA, le comparant \u00e0 la Russie                    <\/p>\n<p>                        <img decoding=\"async\" src=\"https:\/\/www.europesays.com\/fr\/wp-content\/uploads\/2025\/09\/eric-600x360.jpg\" alt=\"\"\/><\/p>\n<p>                        Football<\/p>\n<p>                            <img decoding=\"async\" src=\"https:\/\/www.europesays.com\/fr\/wp-content\/uploads\/2025\/08\/1754177174_227_LogoExpress-96x96.png\" alt=\"\"\/><\/p>\n<p>                        Gazeta Express<br \/>\n                        18\/09\/2025 20:59<\/p>\n<p class=\"gt-block\"><strong>Eric Cantona, l\u00e9gende de Manchester United, a publiquement appel\u00e9 la FIFA et l&rsquo;UEFA \u00e0 interdire Isra\u00ebl du football international, comparant la situation \u00e0 l&rsquo;interdiction de la Russie suite \u00e0 son invasion de l&rsquo;Ukraine.<\/strong><\/p>\n<p>Cantona, connu pour ses positions politiques et ses commentaires francs, s&rsquo;est exprim\u00e9 lors du concert \u00ab Ensemble pour la Palestine \u00bb \u00e0 l&rsquo;Ovo Arena de Wembley, auquel ont assist\u00e9 des stars de la musique telles que Damon Albarn, Bastille et Pink Pantheress, ainsi que des acteurs tels que Benedict Cumberbatch.<\/p>\n<p>\u00ab Quatre jours apr\u00e8s le d\u00e9but de la guerre men\u00e9e par la Russie en Ukraine, la FIFA et l&rsquo;UEFA ont interdit la Russie. Cela fait maintenant 716 jours que nous avons travers\u00e9 ce qu&rsquo;Amnesty International a qualifi\u00e9 de g\u00e9nocide \u00bb, a d\u00e9clar\u00e9 Cantona.<\/p>\n<p>\u00ab Et pourtant, Isra\u00ebl continue d\u2019\u00eatre autoris\u00e9 \u00e0 participer. \u00bb<\/p>\n<p><img loading=\"lazy\" decoding=\"async\" width=\"817\" height=\"446\" src=\"https:\/\/www.europesays.com\/fr\/wp-content\/uploads\/2025\/09\/eric-1.jpg\" alt=\"\" class=\"wp-image-2881416\"  \/><\/p>\n<p class=\"gt-block\"><strong>Contexte et comparaison avec la Russie<\/strong><\/p>\n<p>Lorsque la Russie a envahi l\u2019Ukraine en f\u00e9vrier 2022, l\u2019UEFA et la FIFA ont interdit l\u2019\u00e9quipe nationale et les clubs russes de toutes les comp\u00e9titions.<\/p>\n<p>Les perturbations se poursuivent, avec notamment la non-participation \u00e0 la Coupe du monde 2026 aux \u00c9tats-Unis, au Canada et au Mexique.<\/p>\n<p>Ce pr\u00e9c\u00e9dent a aliment\u00e9 le d\u00e9bat dans le football sur une interdiction similaire d&rsquo;Isra\u00ebl, apr\u00e8s d\u00e9cembre 2023, lorsque les conflits \u00e0 Gaza ont fait plus de 65,000 XNUMX victimes selon le minist\u00e8re de la Sant\u00e9 de Gaza.<\/p>\n<p class=\"gt-block\"><strong>La r\u00e9action de l&rsquo;UEFA<\/strong><\/p>\n<p>Le pr\u00e9sident de l&rsquo;UEFA, Aleksander Ceferin, a d\u00e9fendu la d\u00e9cision de ne pas interdire Isra\u00ebl, affirmant que les athl\u00e8tes ne devraient pas \u00eatre punis pour les actions de leur gouvernement.<\/p>\n<p>\u00ab D&rsquo;un c\u00f4t\u00e9, ce qui arrive aux civils me blesse personnellement. Mais d&rsquo;un autre c\u00f4t\u00e9, je ne suis pas favorable \u00e0 l&rsquo;interdiction des athl\u00e8tes. Que peut faire un athl\u00e8te pour que son gouvernement mette fin \u00e0 la guerre\u00a0? C&rsquo;est tr\u00e8s difficile \u00bb, a d\u00e9clar\u00e9 Ceferin \u00e0 Politico.<\/p>\n<p><img loading=\"lazy\" decoding=\"async\" width=\"766\" height=\"447\" src=\"https:\/\/www.europesays.com\/fr\/wp-content\/uploads\/2025\/09\/eric-2.jpg\" alt=\"\" class=\"wp-image-2881417\"  \/><\/p>\n<p>Il a ajout\u00e9 que l&rsquo;interdiction impos\u00e9e \u00e0 la Russie est \u00e0 long terme, depuis environ trois ans et demi, et que pourtant la guerre n&rsquo;a pas cess\u00e9.<\/p>\n<p class=\"gt-block\"><strong>La situation actuelle d&rsquo;Isra\u00ebl dans le football<\/strong><\/p>\n<p>Malgr\u00e9 la controverse, Isra\u00ebl continue de jouer au niveau international. L&rsquo;\u00e9quipe nationale participe aux \u00e9liminatoires de la Coupe du monde et s&rsquo;incline 5-4 face \u00e0 l&rsquo;Italie en finale.<\/p>\n<p>Au niveau des clubs, le Maccabi Tel-Aviv participera \u00e0 l&rsquo;UEFA Europa League cette saison, avec notamment un d\u00e9placement en Angleterre pour affronter Aston Villa en novembre.<\/p>\n<p>Les d\u00e9clarations de Cantona ont relanc\u00e9 les d\u00e9bats sur la responsabilit\u00e9 des f\u00e9d\u00e9rations internationales dans les situations politiques et sur les droits des athl\u00e8tes dans les conflits mondiaux. \/GazetaExpress\/<\/p>\n","protected":false},"excerpt":{"rendered":"Eric Cantona appelle \u00e0 l&rsquo;exclusion d&rsquo;Isra\u00ebl de la FIFA et de l&rsquo;UEFA, le comparant \u00e0 la Russie Football&hellip;\n","protected":false},"author":2,"featured_media":401236,"comment_status":"","ping_status":"","sticky":false,"template":"","format":"standard","meta":{"footnotes":""},"categories":[1591],"tags":[11,1887,12,1885,1886,132],"class_list":{"0":"post-401235","1":"post","2":"type-post","3":"status-publish","4":"format-standard","5":"has-post-thumbnail","7":"category-russie","8":"tag-actualites","9":"tag-federation-de-russie","10":"tag-news","11":"tag-russia","12":"tag-russian-federation","13":"tag-russie"},"share_on_mastodon":{"url":"https:\/\/pubeurope.com\/@fr\/115228308276075407","error":""},"_links":{"self":[{"href":"https:\/\/www.europesays.com\/fr\/wp-json\/wp\/v2\/posts\/401235","targetHints":{"allow":["GET"]}}],"collection":[{"href":"https:\/\/www.europesays.com\/fr\/wp-json\/wp\/v2\/posts"}],"about":[{"href":"https:\/\/www.europesays.com\/fr\/wp-json\/wp\/v2\/types\/post"}],"author":[{"embeddable":true,"href":"https:\/\/www.europesays.com\/fr\/wp-json\/wp\/v2\/users\/2"}],"replies":[{"embeddable":true,"href":"https:\/\/www.europesays.com\/fr\/wp-json\/wp\/v2\/comments?post=401235"}],"version-history":[{"count":0,"href":"https:\/\/www.europesays.com\/fr\/wp-json\/wp\/v2\/posts\/401235\/revisions"}],"wp:featuredmedia":[{"embeddable":true,"href":"https:\/\/www.europesays.com\/fr\/wp-json\/wp\/v2\/media\/401236"}],"wp:attachment":[{"href":"https:\/\/www.europesays.com\/fr\/wp-json\/wp\/v2\/media?parent=401235"}],"wp:term":[{"taxonomy":"category","embeddable":true,"href":"https:\/\/www.europesays.com\/fr\/wp-json\/wp\/v2\/categories?post=401235"},{"taxonomy":"post_tag","embeddable":true,"href":"https:\/\/www.europesays.com\/fr\/wp-json\/wp\/v2\/tags?post=401235"}],"curies":[{"name":"wp","href":"https:\/\/api.w.org\/{rel}","templated":true}]}}