{"id":401237,"date":"2025-09-19T01:13:10","date_gmt":"2025-09-19T01:13:10","guid":{"rendered":"https:\/\/www.europesays.com\/fr\/401237\/"},"modified":"2025-09-19T01:13:10","modified_gmt":"2025-09-19T01:13:10","slug":"donald-trump-un-allie-americain-qui-prend-discretement-ses-distances-avec-lukraine-et-lotan","status":"publish","type":"post","link":"https:\/\/www.europesays.com\/fr\/401237\/","title":{"rendered":"Donald Trump, un alli\u00e9 am\u00e9ricain qui prend discr\u00e8tement ses distances avec l\u2019Ukraine et l\u2019Otan"},"content":{"rendered":"<p><strong>R\u00c9CIT<\/strong> &#8211; Les d\u00e9clarations ambigu\u00ebs de Donald Trump et des r\u00e9ductions de l\u2019aide militaire des \u00c9tats-Unis ravivent les inqui\u00e9tudes des pays membres de l\u2019Alliance sur la solidit\u00e9 de l\u2019engagement am\u00e9ricain.<\/p>\n<p class=\"fig-paragraph\">Des commentaires ambigus de Donald Trump ont suffi \u00e0 raviver les inqui\u00e9tudes sur la solidit\u00e9 de l\u2019engagement am\u00e9ricain au sein de l\u2019Otan. \u00ab\u00a0Pourquoi la Russie viole-t-elle l\u2019espace a\u00e9rien polonais avec des drones\u00a0? Et c\u2019est parti\u00a0!\u00a0\u00bb, avait post\u00e9 le pr\u00e9sident am\u00e9ricain sur sa plateforme Truth Social apr\u00e8s que\u00a0<a href=\"http:\/\/www.lefigaro.fr\/international\/la-pologne-a-cran-apres-cette-nuit-du-9-septembre-ou-les-drones-russes-l-ont-agressee-20250910\" data-fig-type=\"Article\" data-gtm-custom-categorie=\"navigation\" data-gtm-custom-action=\"crossclick\" data-gtm-custom-label=\"Contextuel\" data-gtm-event=\"customEventSPE\" data-fig-domain=\"LEFIGARO\" target=\"_blank\" rel=\"noopener\">19\u00a0appareils volants russes ont viol\u00e9 l\u2019espace a\u00e9rien de la Pologne<\/a>\u00a0la semaine derni\u00e8re. Ce commentaire d\u00e9tach\u00e9 et sarcastique \u00e0 la premi\u00e8re agression directe\u00a0<a href=\"http:\/\/www.lefigaro.fr\/international\/pologne-un-drone-neutralise-au-dessus-de-sites-gouvernementaux-deux-bielorusses-arretes-20250915\" data-fig-type=\"NewsFlash\" data-gtm-custom-categorie=\"navigation\" data-gtm-custom-action=\"crossclick\" data-gtm-custom-label=\"Contextuel\" data-gtm-event=\"customEventSPE\" data-fig-domain=\"LEFIGARO\" target=\"_blank\" rel=\"noopener\">contre le territoire d\u2019un pays membre de l\u2019Otan<\/a>\u00a0avait \u00e9t\u00e9 suivi par une excuse pour le comportement de la Russie. \u00ab\u00a0Cela pourrait \u00eatre\u00a0<a href=\"http:\/\/www.lefigaro.fr\/flash-actu\/pour-donald-trump-l-intrusion-de-drones-en-pologne-est-peut-etre-une-erreur-de-la-russie-20250911\" data-fig-type=\"NewsFlash\" data-gtm-custom-categorie=\"navigation\" data-gtm-custom-action=\"crossclick\" data-gtm-custom-label=\"Contextuel\" data-gtm-event=\"customEventSPE\" data-fig-domain=\"LEFIGARO\" target=\"_blank\" rel=\"noopener\">une erreur<\/a> \u00a0\u00bb, avait r\u00e9pondu Trump aux questions des journalistes au sujet de l\u2019\u00e9pisode.<\/p>\n<p class=\"fig-paragraph\">Le pr\u00e9sident am\u00e9ricain a ensuite envoy\u00e9 un ultimatum public. Mais celui-ci \u00e9tait \u00e0 destination de ses alli\u00e9s. \u00ab\u00a0Je suis pr\u00eat \u00e0 imposer des\u00a0<a href=\"http:\/\/www.lefigaro.fr\/international\/guerre-en-ukraine-donald-trump-dit-envisager-de-nouvelles-sanctions-contre-la-russie-20250907\" data-fig-type=\"NewsFlash\" data-gtm-custom-categorie=\"navigation\" data-gtm-custom-action=\"crossclick\" data-gtm-custom-label=\"Contextuel\" data-gtm-event=\"customEventSPE\" data-fig-domain=\"LEFIGARO\" target=\"_blank\" rel=\"noopener\">sanctions s\u00e9v\u00e8res \u00e0 la Russie\u00a0<\/a> lorsque tous les pays membres de l\u2019Otan AURONT CESS\u00c9 D\u2019ACHETER DU P\u00c9TROLE \u00c0 LA RUSSIE\u00a0\u00bb, a \u00e9crit Trump sur son r\u00e9seau\u2026<\/p>\n<p class=\"fig-premium-paywall__infos\">\n        Cet article est r\u00e9serv\u00e9 aux abonn\u00e9s.        Il vous reste 86% \u00e0 d\u00e9couvrir.\n    <\/p>\n<p>                <img  data- alt=\"Le Figaro\" class=\"fig-img--complete fig-img\"\/><\/p>\n<p class=\"fig-premium-paywall__title\">Vous avez envie de lire la suite ?<\/p>\n<p class=\"fig-premium-paywall__subtitle\">D\u00e9bloquez tous les articles imm\u00e9diatement.<\/p>\n<p class=\"fig-premium-paywall__connect\">\n                D\u00e9j\u00e0 abonn\u00e9\u00a0?                <a class=\"fig-premium-paywall__connect-link\" href=\"https:\/\/connect.lefigaro.fr\/login?client=horizon_web&amp;type=main&amp;redirect_uri=https%3A%2F%2Fwww.lefigaro.fr%2Finternational%2Fdonald-trump-un-allie-americain-qui-prend-discretement-ses-distances-avec-l-ukraine-et-l-otan-20250918\" data-js-gtm=\"{&quot;customCategorie&quot;: &quot;conversion&quot;, &quot;customAction&quot;: &quot;before_Landing_Connexion_paywall_auto&quot;, &quot;customLabel&quot;: &quot;bGVmaWdhcm8uZnJfXzFmMDk0ODk5LWY3N2YtNjk0OC05MDY5LTA1Yjg4MDQwM2I0Y19fQXJ0aWNsZQ==_Donald Trump, un alli\u00e9 am\u00e9ricain qui prend discr\u00e8tement ses distances avec l\u2019Ukraine et l\u2019Otan_287&quot;, &quot;customIDSPE&quot;: &quot;bGVmaWdhcm8uZnJfXzFmMDk0ODk5LWY3N2YtNjk0OC05MDY5LTA1Yjg4MDQwM2I0Y19fQXJ0aWNsZQ==&quot;, &quot;event&quot;: &quot;customEventSPE&quot;}\" target=\"_blank\" rel=\"noopener\"><br \/>\n                    Connectez-vous<br \/>\n                <\/a>\n            <\/p>\n","protected":false},"excerpt":{"rendered":"R\u00c9CIT &#8211; Les d\u00e9clarations ambigu\u00ebs de Donald Trump et des r\u00e9ductions de l\u2019aide militaire des \u00c9tats-Unis ravivent les&hellip;\n","protected":false},"author":2,"featured_media":401238,"comment_status":"","ping_status":"","sticky":false,"template":"","format":"standard","meta":{"footnotes":""},"categories":[1590],"tags":[11,75,1777,674,12,136,220],"class_list":{"0":"post-401237","1":"post","2":"type-post","3":"status-publish","4":"format-standard","5":"has-post-thumbnail","7":"category-ukraine","8":"tag-actualites","9":"tag-donald-trump","10":"tag-eu","11":"tag-europe","12":"tag-news","13":"tag-otan","14":"tag-ukraine"},"share_on_mastodon":{"url":"https:\/\/pubeurope.com\/@fr\/115228311816225889","error":""},"_links":{"self":[{"href":"https:\/\/www.europesays.com\/fr\/wp-json\/wp\/v2\/posts\/401237","targetHints":{"allow":["GET"]}}],"collection":[{"href":"https:\/\/www.europesays.com\/fr\/wp-json\/wp\/v2\/posts"}],"about":[{"href":"https:\/\/www.europesays.com\/fr\/wp-json\/wp\/v2\/types\/post"}],"author":[{"embeddable":true,"href":"https:\/\/www.europesays.com\/fr\/wp-json\/wp\/v2\/users\/2"}],"replies":[{"embeddable":true,"href":"https:\/\/www.europesays.com\/fr\/wp-json\/wp\/v2\/comments?post=401237"}],"version-history":[{"count":0,"href":"https:\/\/www.europesays.com\/fr\/wp-json\/wp\/v2\/posts\/401237\/revisions"}],"wp:featuredmedia":[{"embeddable":true,"href":"https:\/\/www.europesays.com\/fr\/wp-json\/wp\/v2\/media\/401238"}],"wp:attachment":[{"href":"https:\/\/www.europesays.com\/fr\/wp-json\/wp\/v2\/media?parent=401237"}],"wp:term":[{"taxonomy":"category","embeddable":true,"href":"https:\/\/www.europesays.com\/fr\/wp-json\/wp\/v2\/categories?post=401237"},{"taxonomy":"post_tag","embeddable":true,"href":"https:\/\/www.europesays.com\/fr\/wp-json\/wp\/v2\/tags?post=401237"}],"curies":[{"name":"wp","href":"https:\/\/api.w.org\/{rel}","templated":true}]}}