{"id":401246,"date":"2025-09-19T01:18:10","date_gmt":"2025-09-19T01:18:10","guid":{"rendered":"https:\/\/www.europesays.com\/fr\/401246\/"},"modified":"2025-09-19T01:18:10","modified_gmt":"2025-09-19T01:18:10","slug":"a-lausanne-deux-manifestations-pro-et-contre-israel-ont-eu-lieu-simultanement","status":"publish","type":"post","link":"https:\/\/www.europesays.com\/fr\/401246\/","title":{"rendered":"A Lausanne, deux manifestations pro et contre Isra\u00ebl ont eu lieu simultan\u00e9ment"},"content":{"rendered":"<p>A Lausanne, une marche silencieuse de l\u2019Association Suisse-Isra\u00ebl en faveur d\u2019Isra\u00ebl et contre l\u2019antis\u00e9mitisme, autoris\u00e9e par la ville il y a quelques semaines, et une contre-manifestation antisioniste en soutien \u00e0 Gaza, non autoris\u00e9e, se tenaient simultan\u00e9ment jeudi 18\u00a0septembre en fin de journ\u00e9e. La Municipalit\u00e9 et les forces de police craignant des affrontements violents, l\u2019Association Suisse-Isra\u00ebl a \u00e9t\u00e9 enjointe \u00e0 d\u00e9placer son rassemblement dans le bas de la ville, \u00e0 Ouchy, plut\u00f4t que dans le centre comme initialement pr\u00e9vu. Avan\u00e7ant \u00abqu\u2019elles n\u2019avaient pas re\u00e7u le message\u00bb, une trentaine de personnes arborant des drapeaux isra\u00e9liens se tinrent tout de m\u00eame pendant une demi-heure sur les marches de l\u2019\u00e9glise Saint-Laurent, prot\u00e9g\u00e9es par un cordon de police. \u00abAssassins!\u00bb, \u00abCassez-vous!\u00bb, \u00abJe comprends pas pourquoi ils se sont pas encore fait taper!\u00bb, \u00abOn les laisse pas partir, hein!\u00bb, leur hurl\u00e8rent des manifestants ivres de col\u00e8re, avant que les d\u00e9fenseurs d\u2019Isra\u00ebl ne soient exfiltr\u00e9s par les forces de l\u2019ordre, tentant de pr\u00e9server leur s\u00e9curit\u00e9.<\/p>\n<p>Ec\u0153ur\u00e9e par le cauchemar \u00e0 Gaza<\/p>\n","protected":false},"excerpt":{"rendered":"A Lausanne, une marche silencieuse de l\u2019Association Suisse-Isra\u00ebl en faveur d\u2019Isra\u00ebl et contre l\u2019antis\u00e9mitisme, autoris\u00e9e par la ville&hellip;\n","protected":false},"author":2,"featured_media":401247,"comment_status":"","ping_status":"","sticky":false,"template":"","format":"standard","meta":{"footnotes":""},"categories":[1586],"tags":[11,1777,674,1779,1011,27,25501,12,301,25,1778,364],"class_list":{"0":"post-401246","1":"post","2":"type-post","3":"status-publish","4":"format-standard","5":"has-post-thumbnail","7":"category-europe","8":"tag-actualites","9":"tag-eu","10":"tag-europe","11":"tag-european-union","12":"tag-fr","13":"tag-france","14":"tag-le-conflit-israelo-palestinien","15":"tag-news","16":"tag-premium","17":"tag-republique-francaise","18":"tag-ue","19":"tag-union-europeenne"},"share_on_mastodon":{"url":"https:\/\/pubeurope.com\/@fr\/115228331451844264","error":""},"_links":{"self":[{"href":"https:\/\/www.europesays.com\/fr\/wp-json\/wp\/v2\/posts\/401246","targetHints":{"allow":["GET"]}}],"collection":[{"href":"https:\/\/www.europesays.com\/fr\/wp-json\/wp\/v2\/posts"}],"about":[{"href":"https:\/\/www.europesays.com\/fr\/wp-json\/wp\/v2\/types\/post"}],"author":[{"embeddable":true,"href":"https:\/\/www.europesays.com\/fr\/wp-json\/wp\/v2\/users\/2"}],"replies":[{"embeddable":true,"href":"https:\/\/www.europesays.com\/fr\/wp-json\/wp\/v2\/comments?post=401246"}],"version-history":[{"count":0,"href":"https:\/\/www.europesays.com\/fr\/wp-json\/wp\/v2\/posts\/401246\/revisions"}],"wp:featuredmedia":[{"embeddable":true,"href":"https:\/\/www.europesays.com\/fr\/wp-json\/wp\/v2\/media\/401247"}],"wp:attachment":[{"href":"https:\/\/www.europesays.com\/fr\/wp-json\/wp\/v2\/media?parent=401246"}],"wp:term":[{"taxonomy":"category","embeddable":true,"href":"https:\/\/www.europesays.com\/fr\/wp-json\/wp\/v2\/categories?post=401246"},{"taxonomy":"post_tag","embeddable":true,"href":"https:\/\/www.europesays.com\/fr\/wp-json\/wp\/v2\/tags?post=401246"}],"curies":[{"name":"wp","href":"https:\/\/api.w.org\/{rel}","templated":true}]}}