{"id":401297,"date":"2025-09-19T01:51:12","date_gmt":"2025-09-19T01:51:12","guid":{"rendered":"https:\/\/www.europesays.com\/fr\/401297\/"},"modified":"2025-09-19T01:51:12","modified_gmt":"2025-09-19T01:51:12","slug":"apres-de-longues-annees-dattente-la-nouvelle-gendarmerie-de-la-crau-est-operationnelle","status":"publish","type":"post","link":"https:\/\/www.europesays.com\/fr\/401297\/","title":{"rendered":"Apr\u00e8s de longues ann\u00e9es d&rsquo;attente, la nouvelle gendarmerie de La Crau est op\u00e9rationnelle"},"content":{"rendered":"<p data-start=\"158\" data-end=\"339\">Ne manque que l\u2019odeur de la peinture fra\u00eeche\u2026 Depuis ce lundi, la nouvelle gendarmerie de La Crau, construite quartier Gavarry apr\u00e8s de longues ann\u00e9es d\u2019attente, est op\u00e9rationnelle.<\/p>\n<p data-start=\"341\" data-end=\"1020\">De nouveaux locaux, tout beaux tout neufs, pour le plus grand bonheur des dix-sept gendarmes de la nouvelle \u00ab\u00a0brigade de la Crau\u00a0\u00bb qui commencent doucement \u00e0 prendre leurs marques.<\/p>\n<p data-start=\"341\" data-end=\"1020\">Bonheur aussi pour les Craurois qui vont b\u00e9n\u00e9ficier \u00ab\u00a0d\u2019un lieu plus agr\u00e9able pour les plaignants, les victimes, souligne le lieutenant-colonel Ga\u00eblle Rouault, \u00e0 la t\u00eate de la compagnie de Hy\u00e8res dont d\u00e9pend la brigade crauroise. Les locaux sont plus accueillants, plus fonctionnels. La partie accueil du public est plus marqu\u00e9e, la partie police judiciaire est vraiment s\u00e9par\u00e9e du reste. Il y a moins de contact possible entre une victime et un mis en cause. Il y a une accessibilit\u00e9 handicap\u00e9s\u2026\u00a0\u00bb<\/p>\n<p data-start=\"1022\" data-end=\"1774\">Jusqu\u2019alors, c\u2019est \u00e0 la Bayorre, \u00e0 Hy\u00e8res, dans les locaux de la compagnie, que les Craurois devaient se d\u00e9placer pour une quelconque requ\u00eate. \u00ab\u00a0On revient \u00e0 un syst\u00e8me o\u00f9 le gendarme vit l\u00e0 o\u00f9 il travaille, ce qui permet une meilleure compr\u00e9hension de la population dont il assure la protection, une proximit\u00e9, une interaction, une remont\u00e9e de renseignements plus fluide. L\u2019objectif clairement assum\u00e9 est de remettre la gendarmerie au c\u0153ur de la population. C\u2019est pour \u00e7a que ce projet paraissait coh\u00e9rent. Le d\u00e9lai d\u2019intervention sera plus efficace et la population a le sentiment de se r\u00e9approprier ses gendarmes. Il y a aussi une question de perception, on parle maintenant de brigade de la Crau et plus de Hy\u00e8res\u00a0\u00bb, poursuit le lieutenant-colonel.<\/p>\n<p data-start=\"1776\" data-end=\"2125\"><strong data-start=\"1776\" data-end=\"1818\">Pas de changement du c\u00f4t\u00e9 des missions<\/strong><\/p>\n<p data-start=\"1776\" data-end=\"2125\">Le nombre de gendarmes et de v\u00e9hicules op\u00e9rant pour la brigade reste, lui, inchang\u00e9 tout comme ses missions, \u00ab\u00a0assurer la s\u00e9curit\u00e9 et la protection de la population crauroise, r\u00e9pondre \u00e0 leurs sollicitations, prendre les plaintes et intervenir sur le secteur de la Crau appuy\u00e9 par la police municipale.\u00a0\u00bb<\/p>\n<p data-start=\"2127\" data-end=\"2395\">Le peloton de surveillance et d\u2019intervention de la compagnie de gendarmerie (PSIG) ainsi que les brigades de recherche et le commandement restent quant \u00e0 eux dans les locaux de la Bayorre o\u00f9 ils b\u00e9n\u00e9ficieront d\u2019un peu plus de place apr\u00e8s ce d\u00e9m\u00e9nagement de la brigade\u2026<\/p>\n<p data-start=\"2397\" data-end=\"3286\"><strong data-start=\"2397\" data-end=\"2446\">\u00c0 la t\u00eate de la brigade, le major Carbonneaux<\/strong><\/p>\n<p data-start=\"2397\" data-end=\"3286\">Apr\u00e8s de nombreuses affectations au cours de sa carri\u00e8re, c\u2019est le major Carbonneaux, 57 ans, qui a pris la t\u00eate, au 1er juillet, de la brigade de la Crau.<\/p>\n<p data-start=\"2397\" data-end=\"3286\">Une nouvelle \u00e9tape dans une carri\u00e8re bien remplie. Avant \u00e7a, le major Carbonneaux \u00e9tait en effet pass\u00e9 par l\u2019escadron de Hy\u00e8res, la brigade de Solli\u00e8s-Pont (aujourd\u2019hui dissoute), la brigade de la Farl\u00e8de puis celle de Bormes avant un d\u00e9part vers les Bouches-du-Rh\u00f4ne et la brigade de recherche d\u2019Aubagne puis la section de recherche de Marseille.<\/p>\n<p data-start=\"2397\" data-end=\"3286\">Son retour dans le Var se fera au sein de la brigade de recherche de Hy\u00e8res qu\u2019il quitte donc pour prendre la t\u00eate de cette \u00ab\u00a0nouvelle\u00a0\u00bb brigade.<\/p>\n<p data-start=\"2397\" data-end=\"3286\">\u00ab\u00a0C\u2019est un challenge de reprendre une unit\u00e9 de s\u00e9curit\u00e9 publique\u00a0\u00bb, souligne-t-il. \u00ab\u00a0Je suis tr\u00e8s heureux d\u2019\u00eatre dans le cantonnement. Il y a une grosse attente de la part des Craurois\u2026\u00a0\u00bb<\/p>\n<p data-start=\"2397\" data-end=\"3286\"><strong>Savoir+<\/strong><br \/>&#13;<br \/>\nGendarmerie de la Crau, 862 Route des Avocats. <br \/>&#13;<br \/>\nDu lundi au samedi: 8h-12h et 14h-18h. <br \/>&#13;<br \/>\nLe dimanche: 9h-12h et 15h-18h.<br \/>&#13;<br \/>\nEn dehors de ces horaires, pour toute urgence, veuillez composer le 17.<\/p>\n","protected":false},"excerpt":{"rendered":"Ne manque que l\u2019odeur de la peinture fra\u00eeche\u2026 Depuis ce lundi, la nouvelle gendarmerie de La Crau, construite&hellip;\n","protected":false},"author":2,"featured_media":401298,"comment_status":"","ping_status":"","sticky":false,"template":"","format":"standard","meta":{"footnotes":""},"categories":[9619],"tags":[1111,11,1777,674,1011,27,12,882,25,2310,3366],"class_list":{"0":"post-401297","1":"post","2":"type-post","3":"status-publish","4":"format-standard","5":"has-post-thumbnail","7":"category-toulon","8":"tag-actu","9":"tag-actualites","10":"tag-eu","11":"tag-europe","12":"tag-fr","13":"tag-france","14":"tag-news","15":"tag-provence-alpes-cote-dazur","16":"tag-republique-francaise","17":"tag-toulon","18":"tag-vie-locale"},"share_on_mastodon":{"url":"https:\/\/pubeurope.com\/@fr\/115228461305956060","error":""},"_links":{"self":[{"href":"https:\/\/www.europesays.com\/fr\/wp-json\/wp\/v2\/posts\/401297","targetHints":{"allow":["GET"]}}],"collection":[{"href":"https:\/\/www.europesays.com\/fr\/wp-json\/wp\/v2\/posts"}],"about":[{"href":"https:\/\/www.europesays.com\/fr\/wp-json\/wp\/v2\/types\/post"}],"author":[{"embeddable":true,"href":"https:\/\/www.europesays.com\/fr\/wp-json\/wp\/v2\/users\/2"}],"replies":[{"embeddable":true,"href":"https:\/\/www.europesays.com\/fr\/wp-json\/wp\/v2\/comments?post=401297"}],"version-history":[{"count":0,"href":"https:\/\/www.europesays.com\/fr\/wp-json\/wp\/v2\/posts\/401297\/revisions"}],"wp:featuredmedia":[{"embeddable":true,"href":"https:\/\/www.europesays.com\/fr\/wp-json\/wp\/v2\/media\/401298"}],"wp:attachment":[{"href":"https:\/\/www.europesays.com\/fr\/wp-json\/wp\/v2\/media?parent=401297"}],"wp:term":[{"taxonomy":"category","embeddable":true,"href":"https:\/\/www.europesays.com\/fr\/wp-json\/wp\/v2\/categories?post=401297"},{"taxonomy":"post_tag","embeddable":true,"href":"https:\/\/www.europesays.com\/fr\/wp-json\/wp\/v2\/tags?post=401297"}],"curies":[{"name":"wp","href":"https:\/\/api.w.org\/{rel}","templated":true}]}}