{"id":401299,"date":"2025-09-19T01:52:27","date_gmt":"2025-09-19T01:52:27","guid":{"rendered":"https:\/\/www.europesays.com\/fr\/401299\/"},"modified":"2025-09-19T01:52:27","modified_gmt":"2025-09-19T01:52:27","slug":"un-homme-arme-dune-machette-abattu-par-la-police-pres-dune-ecole-dans-le-var","status":"publish","type":"post","link":"https:\/\/www.europesays.com\/fr\/401299\/","title":{"rendered":"Un homme arm\u00e9 d\u2019une machette abattu par la police pr\u00e8s d\u2019une \u00e9cole dans le Var"},"content":{"rendered":"<p class=\"paragraph text_align_left lp-f-body-02\">Un homme \u00ab mena\u00e7ant \u00bb est mort ce jeudi apr\u00e8s avoir attaqu\u00e9 des policiers \u00e0 l\u2019aide d\u2019une machette, \u00e0 La Seyne-sur-Mer (<a href=\"https:\/\/www.leparisien.fr\/var-83\/\" target=\"_self\" rel=\"nofollow noopener\">Var<\/a>), pr\u00e8s de Toulon, indique l\u2019AFP, confirmant une information de <a href=\"https:\/\/www.bfmtv.com\/police-justice\/un-homme-tue-apres-avoir-attaque-des-enfants-et-des-policiers-a-la-machette-pres-de-toulon_AN-202509180770.html\" target=\"_blank\" rel=\"noreferrer nofollow noopener\">BFM Toulon Var<\/a> et <a href=\"https:\/\/www.varmatin.com\/faits-divers\/un-homme-arme-d-une-machette-mortellement-blesse-par-la-police-pres-d-une-ecole-a-la-seyne-1002505\" target=\"_blank\" rel=\"noreferrer nofollow noopener\">Var-Matin<\/a>.<\/p>\n<p class=\"paragraph text_align_left lp-f-body-02\">L\u2019homme, porteur d\u2019une machette ou \u00ab sabre d\u2019abattis \u00bb avec une lame de \u00ab plusieurs dizaines de centim\u00e8tres de long \u00bb a \u00e9t\u00e9 rep\u00e9r\u00e9 peu avant 17 heures \u00ab dans le quartier cit\u00e9 Berthe \u00e0 un endroit o\u00f9 il y avait des \u00e9tablissements scolaires \u00bb, a indiqu\u00e9 le procureur de la R\u00e9publique de Toulon, Samuel Finielz.<\/p>\n<p class=\"paragraph text_align_left lp-f-body-02\">\u00ab Il semblerait que les enfants aient \u00e9t\u00e9 victimes de menaces \u00bb, a pr\u00e9cis\u00e9 le procureur, soulignant que toutes ces informations devaient encore \u00eatre confirm\u00e9es, \u00ab les investigations ne faisant que commencer \u00bb.<\/p>\n<p class=\"paragraph text_align_left lp-f-body-02\">L\u2019individu, \u00e2g\u00e9 d\u2019une trentaine d\u2019ann\u00e9es, a ensuite vis\u00e9 des policiers d\u00e9p\u00each\u00e9s sur place pour le neutraliser. Les agents ont d\u2019abord d\u00fb utiliser un pistolet \u00e0 impulsion \u00e9lectrique, avant de toucher l\u2019homme aux jambes avec leur arme de service.<\/p>\n<p class=\"lp-card-podcast-highlighting__title  lp-f-subtitle-05\">[4\/6] Jubillar\u00a0: de la disparition au proc\u00e8s, une affaire sans corps ni aveux<\/p>\n<p class=\"lp-card-podcast-highlighting__description lp-f-ui-05\">Crime story raconte chaque semaine les grandes affaires criminelles.<\/p>\n<p><a class=\"lp-card-podcast-highlighting__call-to-action\" data-page-type=\"HP\" data-block-name=\"podcast-highlight\">\u00c9couter<\/a>Un p\u00e9rim\u00e8tre de s\u00e9curit\u00e9 \u00e9tabli<\/p>\n<p class=\"paragraph text_align_left lp-f-body-02\">Selon BFM Toulon Var, l\u2019homme est mort de ses blessures une heure apr\u00e8s avoir \u00e9t\u00e9 touch\u00e9 par balles, dans un centre hospitalier.<\/p>\n<p class=\"paragraph text_align_left lp-f-body-02\">Un p\u00e9rim\u00e8tre de s\u00e9curit\u00e9 a \u00e9t\u00e9 \u00e9tabli sur place, rapporte Var-Matin, qui indique \u00e9galement que le maire de la ville, Jo Minniti, et son adjoint \u00e0 la s\u00e9curit\u00e9, Cheikh Mansour, se sont d\u00e9plac\u00e9s sur les lieux de l\u2019attaque.<\/p>\n<p class=\"paragraph text_align_left lp-f-body-02\">Le maire de La Seyne-sur-Mer, interrog\u00e9 sur place par Var-Matin, a estim\u00e9 qu\u2019un \u00ab drame bien plus important a(vait) \u00e9t\u00e9 \u00e9vit\u00e9 \u00bb gr\u00e2ce \u00e0 l\u2019intervention des policiers et \u00ab gr\u00e2ce \u00e0 la r\u00e9action de la directrice de l\u2019\u00e9cole qui a imm\u00e9diatement confin\u00e9 tous les enfants ce qui a permis de laisser tout le monde en s\u00e9curit\u00e9 \u00bb.<\/p>\n<p>Deux enqu\u00eates ouvertes<\/p>\n<p class=\"paragraph text_align_left lp-f-body-02\">Le procureur a indiqu\u00e9 avoir \u00ab ordonn\u00e9 l\u2019ouverture de deux enqu\u00eates \u00bb. La premi\u00e8re, confi\u00e9e \u00e0 la police judiciaire, pour \u00ab violences avec arme \u00bb vise l\u2019homme abattu, mais sans que d\u2019\u00e9ventuelles victimes ou personnes menac\u00e9es autres que les policiers aient \u00e9t\u00e9 pour l\u2019heure identifi\u00e9s.<\/p>\n<p class=\"paragraph text_align_left lp-f-body-02\">La seconde enqu\u00eate, \u00ab sur les circonstances d\u2019utilisation des armes \u00e0 feu \u00bb par les fonctionnaires de police, a \u00e9t\u00e9 confi\u00e9e \u00e0 l\u2019antenne marseillaise de l\u2019inspection g\u00e9n\u00e9rale de la police nationale (IGPN) et au cabinet de d\u00e9ontologie et de discipline de la direction d\u00e9partementale de la police du Var.<\/p>\n<p class=\"paragraph text_align_left lp-f-body-02\">La semaine derni\u00e8re, <a href=\"https:\/\/www.leparisien.fr\/faits-divers\/une-veritable-determination-lassaillant-du-lycee-dantibes-mis-en-examen-pour-tentative-dassassinat-12-09-2025-IFNHVUHDEVAT7FDNHGDW5GFFHA.php\" target=\"_self\" rel=\"nofollow noopener\">un homme de 18 ans et arm\u00e9 d\u2019un couteau avait bless\u00e9 deux personnes<\/a>, un \u00e9l\u00e8ve et une enseignante, dans son ancien lyc\u00e9e d\u2019Antibes (Alpes-Maritimes). D\u00e9j\u00e0 connu pour troubles psychiatriques il avait ensuite expliqu\u00e9 avoir entendu des voix.<\/p>\n","protected":false},"excerpt":{"rendered":"Un homme \u00ab mena\u00e7ant \u00bb est mort ce jeudi apr\u00e8s avoir attaqu\u00e9 des policiers \u00e0 l\u2019aide d\u2019une machette,&hellip;\n","protected":false},"author":2,"featured_media":369120,"comment_status":"","ping_status":"","sticky":false,"template":"","format":"standard","meta":{"footnotes":""},"categories":[9619],"tags":[1111,11,459,1777,674,118,1011,27,12,882,25,2310],"class_list":{"0":"post-401299","1":"post","2":"type-post","3":"status-publish","4":"format-standard","5":"has-post-thumbnail","7":"category-toulon","8":"tag-actu","9":"tag-actualites","10":"tag-departements-horsidfo","11":"tag-eu","12":"tag-europe","13":"tag-faits-divers","14":"tag-fr","15":"tag-france","16":"tag-news","17":"tag-provence-alpes-cote-dazur","18":"tag-republique-francaise","19":"tag-toulon"},"share_on_mastodon":{"url":"https:\/\/pubeurope.com\/@fr\/115228465156959596","error":""},"_links":{"self":[{"href":"https:\/\/www.europesays.com\/fr\/wp-json\/wp\/v2\/posts\/401299","targetHints":{"allow":["GET"]}}],"collection":[{"href":"https:\/\/www.europesays.com\/fr\/wp-json\/wp\/v2\/posts"}],"about":[{"href":"https:\/\/www.europesays.com\/fr\/wp-json\/wp\/v2\/types\/post"}],"author":[{"embeddable":true,"href":"https:\/\/www.europesays.com\/fr\/wp-json\/wp\/v2\/users\/2"}],"replies":[{"embeddable":true,"href":"https:\/\/www.europesays.com\/fr\/wp-json\/wp\/v2\/comments?post=401299"}],"version-history":[{"count":0,"href":"https:\/\/www.europesays.com\/fr\/wp-json\/wp\/v2\/posts\/401299\/revisions"}],"wp:featuredmedia":[{"embeddable":true,"href":"https:\/\/www.europesays.com\/fr\/wp-json\/wp\/v2\/media\/369120"}],"wp:attachment":[{"href":"https:\/\/www.europesays.com\/fr\/wp-json\/wp\/v2\/media?parent=401299"}],"wp:term":[{"taxonomy":"category","embeddable":true,"href":"https:\/\/www.europesays.com\/fr\/wp-json\/wp\/v2\/categories?post=401299"},{"taxonomy":"post_tag","embeddable":true,"href":"https:\/\/www.europesays.com\/fr\/wp-json\/wp\/v2\/tags?post=401299"}],"curies":[{"name":"wp","href":"https:\/\/api.w.org\/{rel}","templated":true}]}}