{"id":401312,"date":"2025-09-19T02:01:23","date_gmt":"2025-09-19T02:01:23","guid":{"rendered":"https:\/\/www.europesays.com\/fr\/401312\/"},"modified":"2025-09-19T02:01:23","modified_gmt":"2025-09-19T02:01:23","slug":"strasbourg-artistes-artisans-animations-neudorf-sera-en-fete-le-20-septembre-aux-compotes","status":"publish","type":"post","link":"https:\/\/www.europesays.com\/fr\/401312\/","title":{"rendered":"Strasbourg. Artistes, artisans, animations&#8230; Neudorf (sera) en f\u00eate le 20\u00a0septembre aux Compotes"},"content":{"rendered":"<p>Pour c\u00e9l\u00e9brer la vie de quartier \u00e0 Strasbourg et les diff\u00e9rents acteurs locaux, <a href=\"https:\/\/www.dna.fr\/societe\/2023\/05\/24\/a-neudorf-les-compotes-se-developpent-et-se-diversifient\" target=\"_blank\" rel=\"noopener\">le caf\u00e9 d\u00e9sormais bien install\u00e9 Les Compotes<\/a> organise une troisi\u00e8me \u00e9dition de Neudorf en F\u00eate samedi 20\u00a0septembre de 10\u00a0h \u00e0 20\u00a0h\u00a030.<\/p>\n<p>Pour l\u2019occasion, le d\u00e9but de la rue de S\u00e9lestat (c\u00f4t\u00e9 place du March\u00e9) sera r\u00e9serv\u00e9 aux pi\u00e9tons. Une quarantaine de stands d\u2019artistes (Hot\u00b7te Queer, Zest Eva Sion, Amande Bleue\u2026), d\u2019artisans (bougies, c\u00e9ramique, maroquinerie, friperie\u2026) et d\u2019associations (Carijou, La Cloche, Stamtish\u2026) s\u2019installeront dans le quartier.<\/p>\n<p>Ce contenu est bloqu\u00e9 car vous n&rsquo;avez pas accept\u00e9 les cookies et autres traceurs.<\/p>\n<p>En cliquant sur \u00ab J\u2019accepte \u00bb, les cookies et autres traceurs seront d\u00e9pos\u00e9s et vous pourrez visualiser les contenus  (<a href=\"\" class=\"consentModule_policy\" target=\"_blank\" title=\"Consulter la politique de protection des donn\u00e9es du fournisseur\">plus d&rsquo;informations<\/a>).<\/p>\n<p>En cliquant sur \u00ab J\u2019accepte tous les cookies \u00bb, vous autorisez des d\u00e9p\u00f4ts de cookies et autres traceurs pour le stockage de vos donn\u00e9es sur nos sites et applications \u00e0 des fins de personnalisation et de ciblage publicitaire.<\/p>\n<p class=\"consentModule_secondaryText\">Vous gardez la possibilit\u00e9 de retirer votre consentement \u00e0 tout moment en consultant notre <a href=\"https:\/\/www.dna.fr\/protection-des-donnees\" target=\"_blank\" title=\"Consulter notre politique de protection des donn\u00e9es\" rel=\"noopener\">politique de protection des donn\u00e9es<\/a>. <br \/>&#13;<br \/>\n            <a href=\"https:\/\/www.dna.fr\/culture-loisirs\/2025\/09\/18\/javascript:Didomi.notice.show()\" class=\"consentModule_cmp\" target=\"_blank\" rel=\"noopener\">G\u00e9rer mes choix<\/a>&#13;\n        <\/p>\n<p>&#13;<br \/>\n                        J&rsquo;accepte&#13;<br \/>\n            J&rsquo;accepte tous les cookies&#13;\n        <\/p>\n<p>Une dizaine d\u2019animations et d\u2019ateliers rythmeront la journ\u00e9e, entre d\u00e9monstration de zumba et de fung Fu, d\u00e9couverte de l\u2019astrologie ou encore atelier tricot. Le tout au rythme de musiques et de drag shows. Des stands de nourriture seront \u00e9galement pr\u00e9sents pour profiter de ce moment festif.<\/p>\n<p class=\"note\">20\u00a0septembre de 10\u00a0h \u00e0 20\u00a0h\u00a030. Rue de S\u00e9lestat et aux Compotes.<\/p>\n","protected":false},"excerpt":{"rendered":"Pour c\u00e9l\u00e9brer la vie de quartier \u00e0 Strasbourg et les diff\u00e9rents acteurs locaux, le caf\u00e9 d\u00e9sormais bien install\u00e9&hellip;\n","protected":false},"author":2,"featured_media":401313,"comment_status":"","ping_status":"","sticky":false,"template":"","format":"standard","meta":{"footnotes":""},"categories":[2820],"tags":[1111,11,1687,2880,1777,674,107,1011,27,775,2089,873,12,25,3140,640,2879],"class_list":{"0":"post-401312","1":"post","2":"type-post","3":"status-publish","4":"format-standard","5":"has-post-thumbnail","7":"category-strasbourg","8":"tag-actu","9":"tag-actualites","10":"tag-culture-loisirs","11":"tag-edition-strasbourg","12":"tag-eu","13":"tag-europe","14":"tag-fil-info","15":"tag-fr","16":"tag-france","17":"tag-grand-est","18":"tag-marche","19":"tag-musique","20":"tag-news","21":"tag-republique-francaise","22":"tag-spectacle","23":"tag-strasbourg","24":"tag-strasbourg-ville"},"share_on_mastodon":{"url":"https:\/\/pubeurope.com\/@fr\/115228500577746223","error":""},"_links":{"self":[{"href":"https:\/\/www.europesays.com\/fr\/wp-json\/wp\/v2\/posts\/401312","targetHints":{"allow":["GET"]}}],"collection":[{"href":"https:\/\/www.europesays.com\/fr\/wp-json\/wp\/v2\/posts"}],"about":[{"href":"https:\/\/www.europesays.com\/fr\/wp-json\/wp\/v2\/types\/post"}],"author":[{"embeddable":true,"href":"https:\/\/www.europesays.com\/fr\/wp-json\/wp\/v2\/users\/2"}],"replies":[{"embeddable":true,"href":"https:\/\/www.europesays.com\/fr\/wp-json\/wp\/v2\/comments?post=401312"}],"version-history":[{"count":0,"href":"https:\/\/www.europesays.com\/fr\/wp-json\/wp\/v2\/posts\/401312\/revisions"}],"wp:featuredmedia":[{"embeddable":true,"href":"https:\/\/www.europesays.com\/fr\/wp-json\/wp\/v2\/media\/401313"}],"wp:attachment":[{"href":"https:\/\/www.europesays.com\/fr\/wp-json\/wp\/v2\/media?parent=401312"}],"wp:term":[{"taxonomy":"category","embeddable":true,"href":"https:\/\/www.europesays.com\/fr\/wp-json\/wp\/v2\/categories?post=401312"},{"taxonomy":"post_tag","embeddable":true,"href":"https:\/\/www.europesays.com\/fr\/wp-json\/wp\/v2\/tags?post=401312"}],"curies":[{"name":"wp","href":"https:\/\/api.w.org\/{rel}","templated":true}]}}