{"id":401316,"date":"2025-09-19T02:03:15","date_gmt":"2025-09-19T02:03:15","guid":{"rendered":"https:\/\/www.europesays.com\/fr\/401316\/"},"modified":"2025-09-19T02:03:15","modified_gmt":"2025-09-19T02:03:15","slug":"le-nombre-de-cas-de-chikungunya-flambe-dans-cette-ville","status":"publish","type":"post","link":"https:\/\/www.europesays.com\/fr\/401316\/","title":{"rendered":"le nombre de cas de chikungunya flambe dans cette ville"},"content":{"rendered":"<p>            Par<br \/>\n        <strong><br \/>\n            <a href=\"https:\/\/actu.fr\/auteur\/famenta-news\" title=\"Consulter tous les articles de Florine Amenta\" target=\"_blank\" rel=\"noopener\">Florine Amenta<\/a><br \/>\n        <\/strong><\/p>\n<p>        Publi\u00e9 le<\/p>\n<p>            18 sept. 2025 \u00e0 16h20        <\/p>\n<p>Les chiffres donnent le tournis. L\u2019Agence r\u00e9gionale de sant\u00e9 (ARS) Paca a publi\u00e9 ce jeudi 18\u00a0septembre les<strong> nouveaux chiffres des cas de chikungunya<\/strong>, transmis par le moustique tigre. Dans les <a href=\"https:\/\/actu.fr\/provence-alpes-cote-d-azur\/alpes-maritimes_06\" target=\"_blank\" rel=\"noopener\">Alpes-Maritimes<\/a>, <strong>103\u00a0cas autochtones<\/strong> ont d\u00e9j\u00e0 \u00e9t\u00e9 comptabilis\u00e9s depuis le d\u00e9but de l\u2019ann\u00e9e. Et <strong>plus de 8 sur 10<\/strong> proviennent d\u2019une ville voisine de <a href=\"https:\/\/actu.fr\/nice\/\" target=\"_blank\" rel=\"noopener\">Nice<\/a>.<\/p>\n<p class=\" wall-content\">Pour rappel, le terme \u00ab\u2009autochtone\u2009\u00bb d\u00e9signe la maladie contract\u00e9e par un individu \u00ab\u2009sans avoir s\u00e9journ\u00e9 dans <strong>une zone o\u00f9 circule activement le virus<\/strong> dans les deux semaines pr\u00e9c\u00e9dant les sympt\u00f4mes\u2009\u00bb, pr\u00e9cise Sant\u00e9 publique France.<\/p>\n<p>87 cas enregistr\u00e9s dans une ville<\/p>\n<p class=\" wall-content\">Ce chiffre, en <strong>hausse de 24 cas<\/strong> <a href=\"https:\/\/actu.fr\/provence-alpes-cote-d-azur\/antibes_06004\/pres-de-nice-le-nombre-de-cas-de-chikungunya-explose-et-inquiete-dans-cette-commune_63146873.html\" target=\"_blank\" rel=\"noopener\">depuis la semaine derni\u00e8re<\/a>, s\u2019explique tout particuli\u00e8rement par une nette augmentation des cas \u00e0 Antibes.<\/p>\n<p class=\" wall-content\">Ville la plus touch\u00e9e de l\u2019hexagone et commune \u00e9picentre de l\u2019infection, la cit\u00e9 des remparts aux 76000 habitants compte d\u00e9sormais <strong>87 cas autochtones<\/strong> (en date du 18\u00a0septembre). Loin devant <strong>Nice et ses deux cas<\/strong>, Cagnes-sur-Mer et ses cinq cas ou encore La Gaude et ses six cas.<\/p>\n<p>    <a href=\"https:\/\/www.facebook.com\/plugins\/post.php?href=https%3A%2F%2Fwww.facebook.com%2FARSPaca%2Fposts%2Fpfbid0gC5TDgTJcBvhmYiwip32PWqLgGryiX2H2PsAEfmv7Nu5R5E3LsS2kpHw8qoJ9ksRl&amp;show_text=true&amp;width=350\" title=\"Ouvrie le lien\" target=\"_blank\" rel=\"noopener\">Cliquez ici pour visualiser le contenu<\/a><\/p>\n<p class=\" wall-content\">Parmi les autres communes touch\u00e9es dans les Alpes-Maritimes, Auribeau-sur-Siagne recense une personne touch\u00e9e et Vallauris, deux. Mais <strong>aucun cas tr\u00e8s grave n\u2019a encore \u00e9t\u00e9 signal\u00e9<\/strong>.<\/p>\n<p class=\" wall-content\">L\u2019ARS pr\u00e9cise qu\u2019en Provence-Alpes-C\u00f4te d\u2019Azur, <strong>plus de 97\u2009% de la population<\/strong> vit au contact du moustique tigre, esp\u00e8ce particuli\u00e8rement nuisible transmettant aussi la dengue et le virus Zika.<\/p>\n<p>Votre r\u00e9gion, votre actu !<\/p>\n<p>Recevez chaque jour les infos qui comptent pour vous.<\/p>\n<p>\t<a href=\"https:\/\/actu.fr\/newsletter\" class=\"ac-btn ac-btn--corner ac-btn--medium ac-btn--blue800\" target=\"_blank\" rel=\"noopener\">S&rsquo;incrire<\/a><\/p>\n<p class=\" wall-content\">L\u2019ARS rappelle aussi les bons gestes \u00e0 adopter pour \u00e9viter la prolif\u00e9ration du virus. Il est recommand\u00e9 d\u2019<strong>\u00e9viter de laisser stagner de l\u2019eau<\/strong>, de porter des v\u00eatements longs (malgr\u00e9 la chaleur) pour limiter les piq\u00fbres, et de consulter rapidement un m\u00e9decin en cas de sympt\u00f4mes. Ce dernier conseil permet d\u2019<strong>identifier et de r\u00e9pertorier<\/strong> les zones concern\u00e9es pour envisager des op\u00e9rations\u00a0antimoustiques.<\/p>\n<p class=\" wall-content\">Personnalisez votre actualit\u00e9 en ajoutant vos villes et m\u00e9dias en favori avec <a href=\"https:\/\/moncompte.actu.fr\" title=\"D\u00e9couvez Mon Actu\" rel=\"nofollow noopener\" data-trk=\"{&quot;cta&quot;:{&quot;action&quot;:&quot;https:\\\/\\\/moncompte.actu.fr&quot;,&quot;category&quot;:&quot;mon compte&quot;,&quot;from&quot;:&quot;article footer&quot;,&quot;name&quot;:&quot;Mon actu&quot;,&quot;type&quot;:&quot;cta&quot;}}\" target=\"_blank\">Mon Actu<\/a>.<\/p>\n","protected":false},"excerpt":{"rendered":"Par Florine Amenta Publi\u00e9 le 18 sept. 2025 \u00e0 16h20 Les chiffres donnent le tournis. L\u2019Agence r\u00e9gionale de&hellip;\n","protected":false},"author":2,"featured_media":401317,"comment_status":"","ping_status":"","sticky":false,"template":"","format":"standard","meta":{"footnotes":""},"categories":[2819],"tags":[1111,11,1777,674,1011,27,2856,12,2401,882,25,71,104],"class_list":{"0":"post-401316","1":"post","2":"type-post","3":"status-publish","4":"format-standard","5":"has-post-thumbnail","7":"category-nice","8":"tag-actu","9":"tag-actualites","10":"tag-eu","11":"tag-europe","12":"tag-fr","13":"tag-france","14":"tag-moustique-tigre","15":"tag-news","16":"tag-nice","17":"tag-provence-alpes-cote-dazur","18":"tag-republique-francaise","19":"tag-sante","20":"tag-societe"},"share_on_mastodon":{"url":"https:\/\/pubeurope.com\/@fr\/115228508423293646","error":""},"_links":{"self":[{"href":"https:\/\/www.europesays.com\/fr\/wp-json\/wp\/v2\/posts\/401316","targetHints":{"allow":["GET"]}}],"collection":[{"href":"https:\/\/www.europesays.com\/fr\/wp-json\/wp\/v2\/posts"}],"about":[{"href":"https:\/\/www.europesays.com\/fr\/wp-json\/wp\/v2\/types\/post"}],"author":[{"embeddable":true,"href":"https:\/\/www.europesays.com\/fr\/wp-json\/wp\/v2\/users\/2"}],"replies":[{"embeddable":true,"href":"https:\/\/www.europesays.com\/fr\/wp-json\/wp\/v2\/comments?post=401316"}],"version-history":[{"count":0,"href":"https:\/\/www.europesays.com\/fr\/wp-json\/wp\/v2\/posts\/401316\/revisions"}],"wp:featuredmedia":[{"embeddable":true,"href":"https:\/\/www.europesays.com\/fr\/wp-json\/wp\/v2\/media\/401317"}],"wp:attachment":[{"href":"https:\/\/www.europesays.com\/fr\/wp-json\/wp\/v2\/media?parent=401316"}],"wp:term":[{"taxonomy":"category","embeddable":true,"href":"https:\/\/www.europesays.com\/fr\/wp-json\/wp\/v2\/categories?post=401316"},{"taxonomy":"post_tag","embeddable":true,"href":"https:\/\/www.europesays.com\/fr\/wp-json\/wp\/v2\/tags?post=401316"}],"curies":[{"name":"wp","href":"https:\/\/api.w.org\/{rel}","templated":true}]}}