{"id":401323,"date":"2025-09-19T02:08:17","date_gmt":"2025-09-19T02:08:17","guid":{"rendered":"https:\/\/www.europesays.com\/fr\/401323\/"},"modified":"2025-09-19T02:08:17","modified_gmt":"2025-09-19T02:08:17","slug":"journees-europeennes-du-patrimoine-les-coulisses-de-la-maison-du-don-de-lefs-a-decouvrir-a-bordeaux","status":"publish","type":"post","link":"https:\/\/www.europesays.com\/fr\/401323\/","title":{"rendered":"Journ\u00e9es Europ\u00e9ennes du Patrimoine : les coulisses de la Maison du Don de l&rsquo;EFS \u00e0 d\u00e9couvrir \u00e0 Bordeaux"},"content":{"rendered":"\n<p>Si vous allez donner votre sang ou votre plasma, vous vous demandez peut-\u00eatre ce que devient votre poche une fois pr\u00e9lev\u00e9e. Jusqu&rsquo;au samedi 20 septembre, dans le cadre des Journ\u00e9es Europ\u00e9ennes du Patrimoine, la Maison du Don de l&rsquo;EFS Nouvelle-Aquitaine \u00e0 Bordeaux ouvre les portes de ses coulisses.<\/p>\n<p>Une immersion unique au coeur de la cha\u00eene transfusionnelle. Du pr\u00e9l\u00e8vement d&rsquo;une poche jusqu&rsquo;\u00e0 leur mise \u00e0 disposition des h\u00f4pitaux. Mais aussi rencontrer les professionnels de l&rsquo;EFS et poser toutes vos questions.<\/p>\n<p>Pour vous inscrire, il vous suffit de vous rendre sur le site de l&rsquo;EFS Nouvelle-Aquitaine. Des visites sont ouvertes au public sans obligation de don.<\/p>\n<p>Des dizaines de sites \u00e0 travers toute la Nouvelle-Aquitaine ouvrent leurs portes pour cette 42e \u00e9dition. Toute la programmation est \u00e0 retrouver <a href=\"https:\/\/www.culture-nouvelle-aquitaine.fr\/actualites\/journees-europeennes-du-patrimoine-2025\/\" rel=\"noopener\" target=\"_blank\">ici<\/a>.<\/p>\n","protected":false},"excerpt":{"rendered":"Si vous allez donner votre sang ou votre plasma, vous vous demandez peut-\u00eatre ce que devient votre poche&hellip;\n","protected":false},"author":2,"featured_media":401324,"comment_status":"","ping_status":"","sticky":false,"template":"","format":"standard","meta":{"footnotes":""},"categories":[2817],"tags":[1111,11,23856,33438,53275,8371,50486,1997,13554,14817,26182,53278,1777,674,1011,27,2905,53277,16510,34359,7595,53279,53276,26480,12,2219,2551,16509,25,52144],"class_list":{"0":"post-401323","1":"post","2":"type-post","3":"status-publish","4":"format-standard","5":"has-post-thumbnail","7":"category-bordeaux","8":"tag-actu","9":"tag-actualites","10":"tag-arcachon","11":"tag-bassin-darcachon","12":"tag-belin-belier","13":"tag-bergerac","14":"tag-blaye","15":"tag-bordeaux","16":"tag-don","17":"tag-dordogne","18":"tag-efs","19":"tag-etablissement-francais-du-sang-nouvelle-aquitaine","20":"tag-eu","21":"tag-europe","22":"tag-fr","23":"tag-france","24":"tag-gironde","25":"tag-journee-europeenne-du-patrimoine","26":"tag-lacanau","27":"tag-langon","28":"tag-libourne","29":"tag-maison-du-don-bordeaux","30":"tag-matrimoine","31":"tag-medoc","32":"tag-news","33":"tag-nouvelle-aquitaine","34":"tag-patrimoine","35":"tag-perigueux","36":"tag-republique-francaise","37":"tag-sarlat"},"share_on_mastodon":{"url":"https:\/\/pubeurope.com\/@fr\/115228528159631488","error":""},"_links":{"self":[{"href":"https:\/\/www.europesays.com\/fr\/wp-json\/wp\/v2\/posts\/401323","targetHints":{"allow":["GET"]}}],"collection":[{"href":"https:\/\/www.europesays.com\/fr\/wp-json\/wp\/v2\/posts"}],"about":[{"href":"https:\/\/www.europesays.com\/fr\/wp-json\/wp\/v2\/types\/post"}],"author":[{"embeddable":true,"href":"https:\/\/www.europesays.com\/fr\/wp-json\/wp\/v2\/users\/2"}],"replies":[{"embeddable":true,"href":"https:\/\/www.europesays.com\/fr\/wp-json\/wp\/v2\/comments?post=401323"}],"version-history":[{"count":0,"href":"https:\/\/www.europesays.com\/fr\/wp-json\/wp\/v2\/posts\/401323\/revisions"}],"wp:featuredmedia":[{"embeddable":true,"href":"https:\/\/www.europesays.com\/fr\/wp-json\/wp\/v2\/media\/401324"}],"wp:attachment":[{"href":"https:\/\/www.europesays.com\/fr\/wp-json\/wp\/v2\/media?parent=401323"}],"wp:term":[{"taxonomy":"category","embeddable":true,"href":"https:\/\/www.europesays.com\/fr\/wp-json\/wp\/v2\/categories?post=401323"},{"taxonomy":"post_tag","embeddable":true,"href":"https:\/\/www.europesays.com\/fr\/wp-json\/wp\/v2\/tags?post=401323"}],"curies":[{"name":"wp","href":"https:\/\/api.w.org\/{rel}","templated":true}]}}