{"id":401325,"date":"2025-09-19T02:09:23","date_gmt":"2025-09-19T02:09:23","guid":{"rendered":"https:\/\/www.europesays.com\/fr\/401325\/"},"modified":"2025-09-19T02:09:23","modified_gmt":"2025-09-19T02:09:23","slug":"amateurisme-pour-lopposition-recuperation-pour-la-mairie-la-solarisation-de-la-base-sous-marine-projet-sous-tension","status":"publish","type":"post","link":"https:\/\/www.europesays.com\/fr\/401325\/","title":{"rendered":"\u00ab Amateurisme \u00bb pour l\u2019opposition, \u00ab r\u00e9cup\u00e9ration \u00bb pour la mairie\u2026 La solarisation de la base sous-marine, projet sous tension"},"content":{"rendered":"<p class=\"mb-4 text-lg md:leading-8 break-words\"><strong>\u00e9lectrique &#8211; La maison m\u00e8re de l\u2019entreprise charg\u00e9e de r\u00e9aliser le projet de solarisation de la base sous-marine, pr\u00e9sent\u00e9 il y a quelques semaines par Pierre Hurmic, va \u00eatre plac\u00e9e en liquidation. Opposition et majorit\u00e9 s\u2019\u00e9charpent quant au pilotage du projet<\/strong><\/p>\n<p class=\"mb-4 text-lg md:leading-8 break-words\">Court-circuit en vue pour le projet de solarisation de la base sous-marine \u00e0 <a href=\"https:\/\/www.20minutes.fr\/bordeaux\/?at_medium=RSS%20feed&amp;at_campaign=ynews&amp;utm_source=yahoo&amp;utm_medium=rss&amp;utm_campaign=news_feed&amp;utm_content=in_article_link\" rel=\"nofollow noopener\" target=\"_blank\" data-ylk=\"slk:Bordeaux;elm:context_link;itc:0;sec:content-canvas\" class=\"link \">Bordeaux<\/a> ? Le grand projet lanc\u00e9 d\u00e9but juillet par le maire \u00e9cologiste <a href=\"https:\/\/www.20minutes.fr\/dossier\/pierre-hurmic?at_medium=RSS%20feed&amp;at_campaign=ynews&amp;utm_source=yahoo&amp;utm_medium=rss&amp;utm_campaign=news_feed&amp;utm_content=in_article_link\" rel=\"nofollow noopener\" target=\"_blank\" data-ylk=\"slk:Pierre Hurmic;elm:context_link;itc:0;sec:content-canvas\" class=\"link \">Pierre Hurmic<\/a> conna\u00eet en tout cas un rat\u00e9 \u00e0 l\u2019allumage. Comme l\u2019a r\u00e9v\u00e9l\u00e9 Sud Ouest le 11 septembre, Ever Watt, la maison m\u00e8re de BoucL \u00c9nergie &#8211; l\u2019entreprise s\u00e9lectionn\u00e9e pour r\u00e9aliser cette infrastructure &#8211; est en cessation de paiements, et a \u00e9t\u00e9 plac\u00e9e sous le contr\u00f4le d\u2019un liquidateur judiciaire, ce qui remet en cause la situation financi\u00e8re du projet bordelais.<\/p>\n<p class=\"mb-4 text-lg md:leading-8 break-words\">Alors qu\u2019il n\u2019y a gu\u00e8re plus de doute qu\u2019il se pr\u00e9sentera aux prochaines municipales pour briguer un nouveau mandat, Pierre Hurmic mise beaucoup sur son ambition de cr\u00e9er une \u00ab ville solaire \u00bb, avec pour objectif de couvrir 60.000 m\u00b2 de b\u00e2timents et de sites municipaux d\u2019ici \u00e0 2026. De quoi \u00e9toffer son bilan avant de se pr\u00e9senter devant les \u00e9lecteurs. Or, outre la dimension symbolique de la <a href=\"https:\/\/www.20minutes.fr\/bordeaux\/2793395-20200610-bordeaux-durant-seconde-guerre-mondiale-allies-savaient-base-sous-marine-indestructible?at_medium=RSS%20feed&amp;at_campaign=ynews&amp;utm_source=yahoo&amp;utm_medium=rss&amp;utm_campaign=news_feed&amp;utm_content=in_article_link\" rel=\"nofollow noopener\" target=\"_blank\" data-ylk=\"slk:base sous-marine;elm:context_link;itc:0;sec:content-canvas\" class=\"link \">base sous-marine<\/a>, b\u00e2timent de la Seconde Guerre mondiale aux Bassins \u00e0 flot, ce projet repr\u00e9sente \u00e0 lui seul 13.000 m\u00b2 de surface, avec 6.600 panneaux solaires.<\/p>\n<p>\u00ab Ce projet est viable \u00bb soutient la mairie<\/p>\n<p class=\"mb-4 text-lg md:leading-8 break-words\">L\u2019opposition n\u2019a \u00e9videmment pas attendu pour ruer dans les brancards. A commencer par le conseiller municipal Fabien Robert (MoDem), qui ne manque pas de rappeler qu\u2019il avait alert\u00e9, d\u00e8s le mois de juin, sur le choix de BoucL \u00c9nergie pour piloter ce projet.<\/p>\n<p class=\"mb-4 text-lg md:leading-8 break-words\">Contact\u00e9 par 20 Minutes ce jeudi, l\u2019\u00e9lu estime que \u00ab l\u2019annonce en grande pompe du projet de la base sous-marine, d\u00e9but juillet,(&#8230;)<\/p>\n<p class=\"mb-4 text-lg md:leading-8 break-words\"><a href=\"https:\/\/www.20minutes.fr\/bordeaux\/4173872-20250918-bordeaux-amateurisme-opposition-recuperation-mairie-solarisation-base-sous-marine-projet-sous-tension?at_medium=RSS%20feed&amp;at_campaign=ynews&amp;utm_source=yahoo&amp;utm_medium=rss&amp;utm_campaign=news_feed&amp;utm_content=read_more_link&quot;\" rel=\"nofollow noopener\" target=\"_blank\" data-ylk=\"slk:Lire la suite sur 20minutes;elm:context_link;itc:0;sec:content-canvas\" class=\"link \">Lire la suite sur 20minutes<\/a><\/p>\n<p>\u00c0 lire aussi :<br \/><a href=\"https:\/\/www.20minutes.fr\/planete\/rechauffement-climatique\/4161329-20250701-bordeaux-base-sous-marine-va-devenir-plus-grande-centrale-solaire-implantee-batiment-historique-protege?at_medium=RSS%20feed&amp;at_campaign=ynews&amp;utm_source=yahoo&amp;utm_medium=rss&amp;utm_campaign=news_feed&amp;utm_content=related_content_link\" rel=\"nofollow noopener\" target=\"_blank\" data-ylk=\"slk:A Bordeaux, la base sous-marine de la Seconde Guerre mondiale va devenir un champ de panneaux solaires;elm:context_link;itc:0;sec:content-canvas\" class=\"link \">A Bordeaux, la base sous-marine de la Seconde Guerre mondiale va devenir un champ de panneaux solaires<\/a><br \/><a href=\"https:\/\/www.20minutes.fr\/planete\/environnement\/4105540-20240813-bordeaux-creer-ville-solaire-comment-ville-veut-rayonner-grace-energie-photovoltaique?at_medium=RSS%20feed&amp;at_campaign=ynews&amp;utm_source=yahoo&amp;utm_medium=rss&amp;utm_campaign=news_feed&amp;utm_content=related_content_link\" rel=\"nofollow noopener\" target=\"_blank\" data-ylk=\"slk:Bordeaux : Cr\u00e9er \u00ab une ville solaire \u00bb\u2026 Comment la ville veut rayonner gr\u00e2ce \u00e0 l\u2019\u00e9nergie photovolta\u00efque;elm:context_link;itc:0;sec:content-canvas\" class=\"link \">Bordeaux : Cr\u00e9er \u00ab une ville solaire \u00bb\u2026 Comment la ville veut rayonner gr\u00e2ce \u00e0 l\u2019\u00e9nergie photovolta\u00efque<\/a><\/p>\n","protected":false},"excerpt":{"rendered":"\u00e9lectrique &#8211; La maison m\u00e8re de l\u2019entreprise charg\u00e9e de r\u00e9aliser le projet de solarisation de la base sous-marine,&hellip;\n","protected":false},"author":2,"featured_media":401326,"comment_status":"","ping_status":"","sticky":false,"template":"","format":"standard","meta":{"footnotes":""},"categories":[2817],"tags":[1111,11,15741,1997,1777,674,1011,27,53280,4837,12,2219,4860,25],"class_list":{"0":"post-401325","1":"post","2":"type-post","3":"status-publish","4":"format-standard","5":"has-post-thumbnail","7":"category-bordeaux","8":"tag-actu","9":"tag-actualites","10":"tag-base-sous-marine","11":"tag-bordeaux","12":"tag-eu","13":"tag-europe","14":"tag-fr","15":"tag-france","16":"tag-grand-projet","17":"tag-le-projet","18":"tag-news","19":"tag-nouvelle-aquitaine","20":"tag-pierre-hurmic","21":"tag-republique-francaise"},"share_on_mastodon":{"url":"https:\/\/pubeurope.com\/@fr\/115228531982583667","error":""},"_links":{"self":[{"href":"https:\/\/www.europesays.com\/fr\/wp-json\/wp\/v2\/posts\/401325","targetHints":{"allow":["GET"]}}],"collection":[{"href":"https:\/\/www.europesays.com\/fr\/wp-json\/wp\/v2\/posts"}],"about":[{"href":"https:\/\/www.europesays.com\/fr\/wp-json\/wp\/v2\/types\/post"}],"author":[{"embeddable":true,"href":"https:\/\/www.europesays.com\/fr\/wp-json\/wp\/v2\/users\/2"}],"replies":[{"embeddable":true,"href":"https:\/\/www.europesays.com\/fr\/wp-json\/wp\/v2\/comments?post=401325"}],"version-history":[{"count":0,"href":"https:\/\/www.europesays.com\/fr\/wp-json\/wp\/v2\/posts\/401325\/revisions"}],"wp:featuredmedia":[{"embeddable":true,"href":"https:\/\/www.europesays.com\/fr\/wp-json\/wp\/v2\/media\/401326"}],"wp:attachment":[{"href":"https:\/\/www.europesays.com\/fr\/wp-json\/wp\/v2\/media?parent=401325"}],"wp:term":[{"taxonomy":"category","embeddable":true,"href":"https:\/\/www.europesays.com\/fr\/wp-json\/wp\/v2\/categories?post=401325"},{"taxonomy":"post_tag","embeddable":true,"href":"https:\/\/www.europesays.com\/fr\/wp-json\/wp\/v2\/tags?post=401325"}],"curies":[{"name":"wp","href":"https:\/\/api.w.org\/{rel}","templated":true}]}}