{"id":401332,"date":"2025-09-19T02:14:13","date_gmt":"2025-09-19T02:14:13","guid":{"rendered":"https:\/\/www.europesays.com\/fr\/401332\/"},"modified":"2025-09-19T02:14:13","modified_gmt":"2025-09-19T02:14:13","slug":"un-chiot-qui-vivait-au-milieu-des-detritus-dans-un-camp-de-roms-a-marseille-sauve-apres-un-signalement","status":"publish","type":"post","link":"https:\/\/www.europesays.com\/fr\/401332\/","title":{"rendered":"Un chiot, qui vivait au milieu des d\u00e9tritus dans un camp de Roms \u00e0 Marseille, sauv\u00e9 apr\u00e8s un signalement"},"content":{"rendered":"<p>Ce jeudi 18 septembre, ce sont des riverains du 3e arrondissement de <a href=\"https:\/\/www.laprovence.com\/bouches-du-rhone\/marseille-13055\" target=\"_blank\" rel=\"nofollow noopener\">Marseille<\/a> qui ont alert\u00e9 les agents de la police municipale, apr\u00e8s avoir rep\u00e9r\u00e9 un jeune berger des Pyr\u00e9n\u00e9es en piteux \u00e9tat dans un camp de Roms \u00e0 proximit\u00e9 du quartier de F\u00e9lix-Pyat.<\/p>\n<p>D\u00e9p\u00each\u00e9s \u00e0 l&rsquo;adresse indiqu\u00e9e en d\u00e9but d&rsquo;apr\u00e8s-midi, un \u00e9quipage de la brigade nord a retrouv\u00e9 l&rsquo;animal parmi un amas de d\u00e9chets et de carcasses m\u00e9talliques dans le camp, sans eau ni nourriture.<\/p>\n","protected":false},"excerpt":{"rendered":"Ce jeudi 18 septembre, ce sont des riverains du 3e arrondissement de Marseille qui ont alert\u00e9 les agents&hellip;\n","protected":false},"author":2,"featured_media":401333,"comment_status":"","ping_status":"","sticky":false,"template":"","format":"standard","meta":{"footnotes":""},"categories":[2814],"tags":[17,1111,11,1102,53281,1446,154,53283,1777,674,274,1011,27,884,12413,12,882,3583,25,53282],"class_list":{"0":"post-401332","1":"post","2":"type-post","3":"status-publish","4":"format-standard","5":"has-post-thumbnail","7":"category-marseille","8":"tag-17","9":"tag-actu","10":"tag-actualites","11":"tag-breakingnews","12":"tag-chiot","13":"tag-dans","14":"tag-des","15":"tag-detritus","16":"tag-eu","17":"tag-europe","18":"tag-faits-divers-justice","19":"tag-fr","20":"tag-france","21":"tag-marseille","22":"tag-milieu","23":"tag-news","24":"tag-provence-alpes-cote-dazur","25":"tag-qui","26":"tag-republique-francaise","27":"tag-vivait"},"share_on_mastodon":{"url":"https:\/\/pubeurope.com\/@fr\/115228551775949992","error":""},"_links":{"self":[{"href":"https:\/\/www.europesays.com\/fr\/wp-json\/wp\/v2\/posts\/401332","targetHints":{"allow":["GET"]}}],"collection":[{"href":"https:\/\/www.europesays.com\/fr\/wp-json\/wp\/v2\/posts"}],"about":[{"href":"https:\/\/www.europesays.com\/fr\/wp-json\/wp\/v2\/types\/post"}],"author":[{"embeddable":true,"href":"https:\/\/www.europesays.com\/fr\/wp-json\/wp\/v2\/users\/2"}],"replies":[{"embeddable":true,"href":"https:\/\/www.europesays.com\/fr\/wp-json\/wp\/v2\/comments?post=401332"}],"version-history":[{"count":0,"href":"https:\/\/www.europesays.com\/fr\/wp-json\/wp\/v2\/posts\/401332\/revisions"}],"wp:featuredmedia":[{"embeddable":true,"href":"https:\/\/www.europesays.com\/fr\/wp-json\/wp\/v2\/media\/401333"}],"wp:attachment":[{"href":"https:\/\/www.europesays.com\/fr\/wp-json\/wp\/v2\/media?parent=401332"}],"wp:term":[{"taxonomy":"category","embeddable":true,"href":"https:\/\/www.europesays.com\/fr\/wp-json\/wp\/v2\/categories?post=401332"},{"taxonomy":"post_tag","embeddable":true,"href":"https:\/\/www.europesays.com\/fr\/wp-json\/wp\/v2\/tags?post=401332"}],"curies":[{"name":"wp","href":"https:\/\/api.w.org\/{rel}","templated":true}]}}