{"id":401336,"date":"2025-09-19T02:16:21","date_gmt":"2025-09-19T02:16:21","guid":{"rendered":"https:\/\/www.europesays.com\/fr\/401336\/"},"modified":"2025-09-19T02:16:21","modified_gmt":"2025-09-19T02:16:21","slug":"gregory-doucet-condamne-les-violences-et-apporte-son-soutien-aux-blesses","status":"publish","type":"post","link":"https:\/\/www.europesays.com\/fr\/401336\/","title":{"rendered":"Gr\u00e9gory Doucet condamne les violences et apporte son soutien aux bless\u00e9s"},"content":{"rendered":"<p itemprop=\"description\"><strong>\u00c9pingl\u00e9 par l\u2019opposition lors du pr\u00e9c\u00e9dent mouvement\u00a0\u00ab\u00a0bloquons tout\u00a0\u00bb pour sa r\u00e9action tardive, Gr\u00e9gory Doucet n\u2019a pas attendu pour r\u00e9agir aux d\u00e9bordements de la mobilisation lyonnaise ce jeudi 18 septembre.<\/strong><\/p>\n<p>Dans un communiqu\u00e9, le maire \u00e9cologiste \u00e9crit :\u00a0\u00ab\u00a0Lyon s\u2019est rassembl\u00e9 aujourd\u2019hui \u00e0 l\u2019appel de l\u2019intersyndicale. Des manifestations contre les mesures d\u2019aust\u00e9rit\u00e9 et en faveur de plus de justice sociale. Un combat que nous avons en partage, et que je soutiens comme j\u2019ai pu l\u2019exprimer \u00e0 plusieurs reprises.\u00a0\u00bb<\/p>\n<p>Mais l\u2019\u00e9dile condamne les violences qui ont \u00e9maill\u00e9 la journ\u00e9e : \u00ab\u00a0Malheureusement, quelques d\u00e9bordements ont \u00e9maill\u00e9 ces manifestations. Je les condamne sans \u00e9quivoque et apporte tout mon soutien aux deux agents de police bless\u00e9s, ainsi qu\u2019au journaliste de France T\u00e9l\u00e9visions.\u00a0\u00bb<\/p>\n<p>Pour Gr\u00e9gory Doucet, \u00ab\u00a0que des revendications sociales soient entach\u00e9es par une minorit\u00e9 d&rsquo;individus est absolument dommageable\u00a0\u00bb. L&rsquo;\u00e9dile a \u00e9galement tenu \u00e0 rappeler : \u00ab\u00a0En tant que maire, je n\u2019oublie pas les 20 000 manifestants venus exprimer leur souhait d&rsquo;un avenir meilleur dans les rues de Lyon aujourd\u2019hui. Merci aux agents mobilis\u00e9s sur le terrain qui ont permis le bon d\u00e9roulement de la mobilisation.\u00a0\u00bb<\/p>\n<p>Bruno Bernard n&rsquo;a pas tenu un discours diff\u00e9rent. Le pr\u00e9sident de la M\u00e9tropole a \u00e9galement condamn\u00e9 les violences.<\/p>\n<blockquote class=\"twitter-tweet\"><p>&#13;<\/p>\n<p dir=\"ltr\" lang=\"fr\">Je me f\u00e9licite de la forte mobilisation qui s\u2019est exprim\u00e9e aujourd\u2019hui dans la M\u00e9tropole de Lyon traduit le besoin de justice sociale et la volont\u00e9 de rompre avec la politique men\u00e9e depuis huit ans par le pr\u00e9sident de la R\u00e9publique et ses alli\u00e9s \u00e0 droite.<\/p>\n<p>Elle appelle un\u2026<\/p>\n<p>&#13;<br \/>\n\u2014 Bruno Bernard (@brunobernard_fr) <a href=\"https:\/\/twitter.com\/brunobernard_fr\/status\/1968659614418837538?ref_src=twsrc%5Etfw\" rel=\"nofollow noopener\" target=\"_blank\">September 18, 2025<\/a><\/p><\/blockquote>\n<p>\t\t  <script async src=\"https:\/\/platform.twitter.com\/widgets.js\" charset=\"utf-8\"><\/script><\/p>\n","protected":false},"excerpt":{"rendered":"\u00c9pingl\u00e9 par l\u2019opposition lors du pr\u00e9c\u00e9dent mouvement\u00a0\u00ab\u00a0bloquons tout\u00a0\u00bb pour sa r\u00e9action tardive, Gr\u00e9gory Doucet n\u2019a pas attendu pour&hellip;\n","protected":false},"author":2,"featured_media":401337,"comment_status":"","ping_status":"","sticky":false,"template":"","format":"standard","meta":{"footnotes":""},"categories":[1889],"tags":[1111,11,2813,2190,2430,1109,251,1112,2811,1777,674,118,1011,27,1922,1110,1114,2428,2810,12,241,316,25,2812,517,800],"class_list":{"0":"post-401336","1":"post","2":"type-post","3":"status-publish","4":"format-standard","5":"has-post-thumbnail","7":"category-lyon","8":"tag-actu","9":"tag-actualites","10":"tag-article","11":"tag-asvel","12":"tag-auvergne-rhone-alpes","13":"tag-breves","14":"tag-culture","15":"tag-depeches","16":"tag-economique","17":"tag-eu","18":"tag-europe","19":"tag-faits-divers","20":"tag-fr","21":"tag-france","22":"tag-info","23":"tag-informations","24":"tag-infos","25":"tag-lyon","26":"tag-lyonmag","27":"tag-news","28":"tag-ol","29":"tag-politique","30":"tag-republique-francaise","31":"tag-sociale","32":"tag-sport","33":"tag-transports"},"share_on_mastodon":{"url":"https:\/\/pubeurope.com\/@fr\/115228559551023895","error":""},"_links":{"self":[{"href":"https:\/\/www.europesays.com\/fr\/wp-json\/wp\/v2\/posts\/401336","targetHints":{"allow":["GET"]}}],"collection":[{"href":"https:\/\/www.europesays.com\/fr\/wp-json\/wp\/v2\/posts"}],"about":[{"href":"https:\/\/www.europesays.com\/fr\/wp-json\/wp\/v2\/types\/post"}],"author":[{"embeddable":true,"href":"https:\/\/www.europesays.com\/fr\/wp-json\/wp\/v2\/users\/2"}],"replies":[{"embeddable":true,"href":"https:\/\/www.europesays.com\/fr\/wp-json\/wp\/v2\/comments?post=401336"}],"version-history":[{"count":0,"href":"https:\/\/www.europesays.com\/fr\/wp-json\/wp\/v2\/posts\/401336\/revisions"}],"wp:featuredmedia":[{"embeddable":true,"href":"https:\/\/www.europesays.com\/fr\/wp-json\/wp\/v2\/media\/401337"}],"wp:attachment":[{"href":"https:\/\/www.europesays.com\/fr\/wp-json\/wp\/v2\/media?parent=401336"}],"wp:term":[{"taxonomy":"category","embeddable":true,"href":"https:\/\/www.europesays.com\/fr\/wp-json\/wp\/v2\/categories?post=401336"},{"taxonomy":"post_tag","embeddable":true,"href":"https:\/\/www.europesays.com\/fr\/wp-json\/wp\/v2\/tags?post=401336"}],"curies":[{"name":"wp","href":"https:\/\/api.w.org\/{rel}","templated":true}]}}