{"id":401344,"date":"2025-09-19T02:21:22","date_gmt":"2025-09-19T02:21:22","guid":{"rendered":"https:\/\/www.europesays.com\/fr\/401344\/"},"modified":"2025-09-19T02:21:22","modified_gmt":"2025-09-19T02:21:22","slug":"mgk-machine-gun-kelly-en-concert-a-ladidas-arena-de-paris-en-fevrier-2026-news-rockurlife","status":"publish","type":"post","link":"https:\/\/www.europesays.com\/fr\/401344\/","title":{"rendered":"mgk (Machine Gun Kelly) : en concert \u00e0 l&rsquo;Adidas Arena de Paris en f\u00e9vrier 2026 ! &#8211; News &#8211; RockUrLife"},"content":{"rendered":"<p><strong>Machine Gun Kelly<\/strong> alias <strong>mgk<\/strong> ne conna\u00eet pas de r\u00e9pit. Apr\u00e8s avoir marqu\u00e9 les esprits avec son <strong>Mainstream Sellout Tour<\/strong>, qui a battu des records d\u2019affluence et confirm\u00e9 son statut de superstar mondiale, le rappeur devenu rockstar annonce une nouvelle tourn\u00e9e ambitieuse : le <strong>Lost Americana Tour<\/strong> !<\/p>\n<p>Le rendez-vous est pris le <strong>vendredi<\/strong> <strong>27 f\u00e9vrier 2026 \u00e0 l\u2019Adidas Arena de Paris<\/strong>, la r\u00e9cente salle qui accueillera pour l\u2019occasion un show qui promet d\u2019\u00eatre grandiose. Avec son \u00e9nergie brute, ses titres d\u00e9j\u00e0 cultes comme \u201cbloody valentine\u201d, \u201cmy ex\u2019s best friend\u201d sans oublier son dernier album <strong><a href=\"https:\/\/www.rockurlife.net\/chroniques\/mgk-lost-americana\/\" target=\"_blank\" rel=\"noopener\">Lost Americana<\/a><\/strong>, ayant donn\u00e9 le nom \u00e0 cette tourn\u00e9e, et ses productions toujours plus immersives, <strong>mgk<\/strong> s\u2019appr\u00eate \u00e0 offrir au public parisien un spectacle XXL. Un show \u00e0 la crois\u00e9e du hip hop, du pop punk et du rock alternatif.<\/p>\n<p>Et ce n\u2019est pas tout : il sera accompagn\u00e9 de <strong>WOLF<\/strong>, r\u00e9v\u00e9lation de la sc\u00e8ne pop alternative. Avec ses paroles audacieuses et ses prestations live intenses, l\u2019artiste s\u2019impose d\u00e9j\u00e0 comme une voix \u00e0 suivre de tr\u00e8s pr\u00e8s. Son univers singulier apportera une dimension suppl\u00e9mentaire \u00e0 une soir\u00e9e plac\u00e9e sous le signe de la d\u00e9mesure et de l\u2019\u00e9motion.<\/p>\n<p>Mise en vente des billets le jeudi 25 septembre \u00e0 12h, <a href=\"https:\/\/ow.ly\/cwJO50WYHVz\" target=\"_blank\" rel=\"noopener\">ici<\/a>.<\/p>\n<p><img loading=\"lazy\" decoding=\"async\" width=\"1024\" height=\"497\" src=\"https:\/\/www.europesays.com\/fr\/wp-content\/uploads\/2025\/09\/549908116_1196191499206786_2730482208227190317_n-1024x497.jpg\" alt=\"\" class=\"wp-image-226629\"\/><\/p>\n","protected":false},"excerpt":{"rendered":"Machine Gun Kelly alias mgk ne conna\u00eet pas de r\u00e9pit. Apr\u00e8s avoir marqu\u00e9 les esprits avec son Mainstream&hellip;\n","protected":false},"author":2,"featured_media":401345,"comment_status":"","ping_status":"","sticky":false,"template":"","format":"standard","meta":{"footnotes":""},"categories":[1888],"tags":[8677,1111,1928,11,1927,1777,674,1011,27,53284,53285,12,1926,626,1925,25],"class_list":{"0":"post-401344","1":"post","2":"type-post","3":"status-publish","4":"format-standard","5":"has-post-thumbnail","7":"category-paris","8":"tag-accor-arena","9":"tag-actu","10":"tag-actu-paris","11":"tag-actualites","12":"tag-actualites-paris","13":"tag-eu","14":"tag-europe","15":"tag-fr","16":"tag-france","17":"tag-machine-gun-kelly","18":"tag-mgk","19":"tag-news","20":"tag-news-paris","21":"tag-paris","22":"tag-paris-news","23":"tag-republique-francaise"},"share_on_mastodon":{"url":"https:\/\/pubeurope.com\/@fr\/115228579163426942","error":""},"_links":{"self":[{"href":"https:\/\/www.europesays.com\/fr\/wp-json\/wp\/v2\/posts\/401344","targetHints":{"allow":["GET"]}}],"collection":[{"href":"https:\/\/www.europesays.com\/fr\/wp-json\/wp\/v2\/posts"}],"about":[{"href":"https:\/\/www.europesays.com\/fr\/wp-json\/wp\/v2\/types\/post"}],"author":[{"embeddable":true,"href":"https:\/\/www.europesays.com\/fr\/wp-json\/wp\/v2\/users\/2"}],"replies":[{"embeddable":true,"href":"https:\/\/www.europesays.com\/fr\/wp-json\/wp\/v2\/comments?post=401344"}],"version-history":[{"count":0,"href":"https:\/\/www.europesays.com\/fr\/wp-json\/wp\/v2\/posts\/401344\/revisions"}],"wp:featuredmedia":[{"embeddable":true,"href":"https:\/\/www.europesays.com\/fr\/wp-json\/wp\/v2\/media\/401345"}],"wp:attachment":[{"href":"https:\/\/www.europesays.com\/fr\/wp-json\/wp\/v2\/media?parent=401344"}],"wp:term":[{"taxonomy":"category","embeddable":true,"href":"https:\/\/www.europesays.com\/fr\/wp-json\/wp\/v2\/categories?post=401344"},{"taxonomy":"post_tag","embeddable":true,"href":"https:\/\/www.europesays.com\/fr\/wp-json\/wp\/v2\/tags?post=401344"}],"curies":[{"name":"wp","href":"https:\/\/api.w.org\/{rel}","templated":true}]}}