{"id":401354,"date":"2025-09-19T02:26:11","date_gmt":"2025-09-19T02:26:11","guid":{"rendered":"https:\/\/www.europesays.com\/fr\/401354\/"},"modified":"2025-09-19T02:26:11","modified_gmt":"2025-09-19T02:26:11","slug":"usa-trump-menace-de-retirer-les-licences-de-chaines-de-television-qui-le-critiquent-19-09-2025-a-0210","status":"publish","type":"post","link":"https:\/\/www.europesays.com\/fr\/401354\/","title":{"rendered":"USA-Trump menace de retirer les licences de cha\u00eenes de t\u00e9l\u00e9vision qui le critiquent &#8211; 19\/09\/2025 \u00e0 02:10"},"content":{"rendered":"<p>\n Le pr\u00e9sident am\u00e9ricain Donald<br \/>\nTrump a salu\u00e9 jeudi le retrait de la c\u00e9l\u00e8bre \u00e9mission nocturne<br \/>\n\u00ab\u00a0Jimmy Kimmel Live\u00a0\u00bb de l&rsquo;antenne d&rsquo;ABC, appelant \u00e9galement \u00e0 ce<br \/>\nque les cha\u00eenes de t\u00e9l\u00e9vision perdent leur autorisation de<br \/>\ndiffusion pour toute couverture m\u00e9diatique n\u00e9gative de son<br \/>\nadministration, exacerbant un d\u00e9bat sur la libert\u00e9 d&rsquo;expression<br \/>\naux Etats-Unis.\n<\/p>\n<p>\n ABC a annonc\u00e9 mercredi soir la suspension pour une dur\u00e9e<br \/>\nind\u00e9termin\u00e9e de son tr\u00e8s populaire &lsquo;late show&rsquo;, \u00ab\u00a0Jimmy Kimmel<br \/>\nLive\u00a0\u00bb, du nom de son pr\u00e9sentateur, apr\u00e8s que ce dernier a<br \/>\neffectu\u00e9 lors de l&rsquo;\u00e9mission de lundi des commentaires jug\u00e9s<br \/>\noutranciers par les conservateurs \u00e0 propos de l&rsquo;assassinat de<br \/>\nCharlie Kirk, figure de l&rsquo;extr\u00eame droite ayant jou\u00e9 un r\u00f4le<br \/>\nimportant dans la r\u00e9\u00e9lection de Donald Trump l&rsquo;an dernier.\n<\/p>\n<p>\n Dans la foul\u00e9e de l&rsquo;assassinat, survenu lors d&rsquo;un<br \/>\nrassemblement en plein air sur le campus de l&rsquo;universit\u00e9 de<br \/>\nl&rsquo;Utah le 10 septembre, les alli\u00e9s du pr\u00e9sident am\u00e9ricain et de<br \/>\nCharlie Kirk ont bl\u00e2m\u00e9 la \u00ab\u00a0gauche radicale\u00a0\u00bb et pr\u00e9venu de<br \/>\ncons\u00e9quences les Am\u00e9ricains qui n&rsquo;afficheraient pas le respect<br \/>\n\u00ab\u00a0appropri\u00e9\u00a0\u00bb \u00e0 l&rsquo;\u00e9gard de la mort de Kirk.\n<\/p>\n<p>\n La d\u00e9cision d&rsquo;ABC de suspendre Jimmy Kimmel, \u00e0 la t\u00eate de<br \/>\nl&rsquo;\u00e9mission \u00e9ponyme depuis 2003, a \u00e9t\u00e9 critiqu\u00e9e par nombre<br \/>\nd&rsquo;artistes, professionnels des m\u00e9dias et autres personnalit\u00e9s<br \/>\nqui ont d\u00e9nonc\u00e9, de m\u00eame que l&rsquo;ancien pr\u00e9sident d\u00e9mocrate Barack<br \/>\nObama, une capitulation face \u00e0 des pressions gouvernementales<br \/>\nd\u00e9crites comme anticonstitutionnelles.\n<\/p>\n<p>\n Revenu au pouvoir \u00e0 la Maison blanche en janvier dernier,<br \/>\nDonald Trump a utilis\u00e9 son pouvoir ex\u00e9cutif et les tribunaux<br \/>\npour punir les commentaires peu flatteurs \u00e0 son \u00e9gard, les<br \/>\nqualifiant de diffamatoires ou d&rsquo;erron\u00e9s.\n<\/p>\n<p>\n Comme il l&rsquo;avait fait durant son premier mandat, le<br \/>\npr\u00e9sident r\u00e9publicain a menac\u00e9 de retirer les licences de<br \/>\ndiffusion de cha\u00eenes de t\u00e9l\u00e9vision locales affili\u00e9es aux<br \/>\nprincipaux r\u00e9seaux nationaux &#8211; ces licences sont attribu\u00e9es par<br \/>\nla Commission f\u00e9d\u00e9rale des communications (FCC), organe en<br \/>\nprincipe ind\u00e9pendant.\n<\/p>\n<p>\n Les lois f\u00e9d\u00e9rales interdisent \u00e0 la FCC de retirer \u00e0 une<br \/>\ncha\u00eene de t\u00e9l\u00e9vision sa licence en raison d&rsquo;une couverture<br \/>\nm\u00e9diatique n\u00e9gative ou d&rsquo;autres commentaires qui d\u00e9plaisent au<br \/>\ngouvernement.\n<\/p>\n<p>\n Brendan Carr, pr\u00e9sident de la FCC nomm\u00e9 par Donald Trump, a<br \/>\nmenac\u00e9, avant l&rsquo;annonce d&rsquo;ABC, d&rsquo;ouvrir une enqu\u00eate concernant<br \/>\nles commentaires effectu\u00e9s par Jimmy Kimmel \u00e0 propos de Charlie<br \/>\nKirk. Dans la foul\u00e9e, deux des principaux groupes propri\u00e9taires<br \/>\nde cha\u00eenes de t\u00e9l\u00e9vision locales ont dit que l&rsquo;\u00e9mission \u00ab\u00a0Jimmy<br \/>\nKimmel Live\u00a0\u00bb ne serait plus relay\u00e9e sur leurs antennes.\n<\/p>\n<p>\n ABC, propri\u00e9t\u00e9 de Walt Disney<br \/>\n <a href=\"https:\/\/www.boursorama.com\/cours\/DIS\/\" rel=\"nofollow noopener\" target=\"_blank\"><br \/>\n  DIS.N<br \/>\n <\/a><br \/>\n , d\u00e9tient huit cha\u00eenes<br \/>\nde t\u00e9l\u00e9vision locales dont les licences d\u00e9pendent de la FCC,<br \/>\nnotamment dans des march\u00e9s importants tels que New York et Los<br \/>\nAngeles.\n<\/p>\n<p>\n S&rsquo;exprimant aupr\u00e8s de journalistes pr\u00e9sents \u00e0 bord de<br \/>\nl&rsquo;avion pr\u00e9sidentiel Air Force One qui le ramenait jeudi soir<br \/>\naux Etats-Unis apr\u00e8s une visite d&rsquo;Etat en Grande-Bretagne,<br \/>\nDonald Trump s&rsquo;est plaint de la mauvaise publicit\u00e9 que lui font<br \/>\nselon lui des cha\u00eenes de t\u00e9l\u00e9vision am\u00e9ricaines.\n<\/p>\n<p>\n \u00ab\u00a0C&rsquo;est quelque chose qui doit \u00eatre discut\u00e9 pour les licences<br \/>\n(&#8230;) Tout ce qu&rsquo;elles font, c&rsquo;est de taper sur Trump\u00a0\u00bb, a-t-il<br \/>\ndit. \u00ab\u00a0Peut-\u00eatre que leurs licences devraient leur \u00eatre<br \/>\nretir\u00e9es\u00a0\u00bb, a-t-il poursuivi. \u00ab\u00a0C&rsquo;est \u00e0 Brendan Carr de d\u00e9cider\u00a0\u00bb.\n<\/p>\n<p>\n Parmi les d\u00e9mocrates, on d\u00e9nonce une attaque orchestr\u00e9e par<br \/>\nDonald Trump contre la libert\u00e9 d&rsquo;expression, un droit qui figure<br \/>\ndans le premier amendement de la Constitution am\u00e9ricaine. Les<br \/>\nr\u00e9publicains disent eux lutter contre les \u00ab\u00a0discours haineux\u00a0\u00bb.\n<\/p>\n<p>\n VOIR AUSSI\n<\/p>\n<p>\n ANALYSE-L&rsquo;assassinat de Charlie Kirk expose la polarisation<br \/>\npolitique des Etats-Unis\n<\/p>\n<p>\n (Dawn Chmielewski \u00e0 Los Angeles et Jonathan Allen \u00e0 New York,<br \/>\navec la contribution de Steve Holland \u00e0 bord d&rsquo;Air Force One,<br \/>\nDavid Shepardson et Trevor Hunnicutt \u00e0 Washington; version<br \/>\nfran\u00e7aise Jean Terzian)<\/p>\n","protected":false},"excerpt":{"rendered":"Le pr\u00e9sident am\u00e9ricain Donald Trump a salu\u00e9 jeudi le retrait de la c\u00e9l\u00e8bre \u00e9mission nocturne \u00ab\u00a0Jimmy Kimmel Live\u00a0\u00bb&hellip;\n","protected":false},"author":2,"featured_media":9135,"comment_status":"","ping_status":"","sticky":false,"template":"","format":"standard","meta":{"footnotes":""},"categories":[1589],"tags":[400,11,398,408,405,73,1866,403,402,399,404,12,401,406,1864,1865,1863,308,407],"class_list":{"0":"post-401354","1":"post","2":"type-post","3":"status-publish","4":"format-standard","5":"has-post-thumbnail","7":"category-etats-unis","8":"tag-action-cac-40","9":"tag-actualites","10":"tag-bourse-de-paris","11":"tag-boursorama","12":"tag-cotations","13":"tag-etats-unis","14":"tag-etats-unis-damerique","15":"tag-indices-devises","16":"tag-investir","17":"tag-investissement","18":"tag-marche-boursier","19":"tag-news","20":"tag-sicav","21":"tag-trackers","22":"tag-united-states","23":"tag-united-states-of-america","24":"tag-us","25":"tag-usa","26":"tag-warrants"},"share_on_mastodon":{"url":"https:\/\/pubeurope.com\/@fr\/115228598817611614","error":""},"_links":{"self":[{"href":"https:\/\/www.europesays.com\/fr\/wp-json\/wp\/v2\/posts\/401354","targetHints":{"allow":["GET"]}}],"collection":[{"href":"https:\/\/www.europesays.com\/fr\/wp-json\/wp\/v2\/posts"}],"about":[{"href":"https:\/\/www.europesays.com\/fr\/wp-json\/wp\/v2\/types\/post"}],"author":[{"embeddable":true,"href":"https:\/\/www.europesays.com\/fr\/wp-json\/wp\/v2\/users\/2"}],"replies":[{"embeddable":true,"href":"https:\/\/www.europesays.com\/fr\/wp-json\/wp\/v2\/comments?post=401354"}],"version-history":[{"count":0,"href":"https:\/\/www.europesays.com\/fr\/wp-json\/wp\/v2\/posts\/401354\/revisions"}],"wp:featuredmedia":[{"embeddable":true,"href":"https:\/\/www.europesays.com\/fr\/wp-json\/wp\/v2\/media\/9135"}],"wp:attachment":[{"href":"https:\/\/www.europesays.com\/fr\/wp-json\/wp\/v2\/media?parent=401354"}],"wp:term":[{"taxonomy":"category","embeddable":true,"href":"https:\/\/www.europesays.com\/fr\/wp-json\/wp\/v2\/categories?post=401354"},{"taxonomy":"post_tag","embeddable":true,"href":"https:\/\/www.europesays.com\/fr\/wp-json\/wp\/v2\/tags?post=401354"}],"curies":[{"name":"wp","href":"https:\/\/api.w.org\/{rel}","templated":true}]}}