{"id":401357,"date":"2025-09-19T02:28:10","date_gmt":"2025-09-19T02:28:10","guid":{"rendered":"https:\/\/www.europesays.com\/fr\/401357\/"},"modified":"2025-09-19T02:28:10","modified_gmt":"2025-09-19T02:28:10","slug":"le-president-de-la-bundesbank-presse-lallemagne-et-leurope-daccelerer-les-reformes-2","status":"publish","type":"post","link":"https:\/\/www.europesays.com\/fr\/401357\/","title":{"rendered":"Le pr\u00e9sident de la Bundesbank presse l&rsquo;Allemagne et l&rsquo;Europe d&rsquo;acc\u00e9l\u00e9rer les r\u00e9formes"},"content":{"rendered":"<p>\n    FRANCFORT (dpa-AFX) &#8211; Le pr\u00e9sident de la Bundesbank, Joachim Nagel, appelle \u00e0 une acc\u00e9l\u00e9ration des r\u00e9formes en Allemagne et en Europe. \u00ab Nous devons sortir du mode d&rsquo;analyse permanent \u00bb, a-t-il plaid\u00e9 lors d&rsquo;une conf\u00e9rence de la Bundesbank \u00e0 Francfort. \u00ab Il faut passer \u00e0 l&rsquo;action. Nous devons \u00eatre beaucoup, beaucoup plus rapides dans la mise en oeuvre, nous sommes trop faibles \u00e0 ce niveau. \u00bb Selon Nagel, cette n\u00e9cessit\u00e9 concerne aussi bien l&rsquo;Allemagne que l&rsquo;ensemble de l&rsquo;Europe.\n<\/p>\n<p>    \u00ab Il faut que quelque chose se passe \u00bb, a insist\u00e9 Nagel. Tant les march\u00e9s des capitaux que ceux de l&rsquo;\u00e9nergie restent, selon lui, beaucoup trop fragment\u00e9s en Europe. \u00ab Vous voyez : sur ce sujet, je commence \u00e0 perdre patience \u00bb, a confi\u00e9 le pr\u00e9sident de la Bundesbank. Il s&rsquo;agit d\u00e9sormais de rassembler les forces, de resserrer les rangs, y compris \u00e0 l&rsquo;\u00e9chelle europ\u00e9enne. La r\u00e9ponse aux d\u00e9fis actuels ne peut pas \u00eatre moins d&rsquo;Europe, \u00ab la r\u00e9ponse, c&rsquo;est plus d&rsquo;Europe, afin de nous rendre plus efficaces \u00bb, a affirm\u00e9 Nagel.\n<\/p>\n<p>    Le gouvernement f\u00e9d\u00e9ral a pos\u00e9 les bases permettant \u00e0 l&rsquo;Allemagne d&rsquo;investir des milliards dans l&rsquo;infrastructure et la d\u00e9fense au cours des prochaines ann\u00e9es. \u00ab L&rsquo;argent est l\u00e0, d\u00e9sormais l&rsquo;Allemagne doit aussi d\u00e9montrer qu&rsquo;elle a le courage de r\u00e9aliser des projets ambitieux \u00bb, a soulign\u00e9 Nagel. \u00ab Nous devrions r\u00e9fl\u00e9chir &#8211; maintenant que la rapidit\u00e9 est de mise &#8211; \u00e0 la possibilit\u00e9 d&rsquo;\u00e9tablir un cadre juridique sp\u00e9cifique pour une partie de ces investissements. \u00bb\n<\/p>\n<p><strong>Le patron d&rsquo;Allianz : Assez de promesses intenables<\/strong><\/p>\n<p>\n    Le pr\u00e9sident du groupe d&rsquo;assurance Allianz, Oliver B\u00e4te, a exhort\u00e9 le gouvernement f\u00e9d\u00e9ral \u00e0 concr\u00e9tiser les projets annonc\u00e9s. Il manque, par exemple, un plan clair pour mobiliser les \u00e9normes volumes de capitaux priv\u00e9s n\u00e9cessaires aux investissements dans les infrastructures.\n<\/p>\n<p>    Selon Christian Sewing, pr\u00e9sident de Deutsche Bank, cela vaut \u00e9galement pour les milliards que l&rsquo;\u00c9tat pr\u00e9voit d&rsquo;investir dans les infrastructures dans les ann\u00e9es \u00e0 venir : \u00ab Il est extr\u00eamement important que nous montrions aux investisseurs \u00e9trangers et aux march\u00e9s financiers que les choses bougent ici. \u00bb Ce n&rsquo;est qu&rsquo;\u00e0 cette condition qu&rsquo;il sera possible d&rsquo;attirer davantage de capitaux \u00e9trangers en Allemagne.\n<\/p>\n<p>    Oliver B\u00e4te a mis en garde : l&rsquo;\u00c9tat ne peut pas durablement d\u00e9penser plus qu&rsquo;il ne per\u00e7oit. \u00ab J&rsquo;esp\u00e8re que les conservateurs ont d\u00e9sormais compris qu&rsquo;acheter des voix en promettant des choses intenables, c&rsquo;est, au moins pour l&rsquo;instant, termin\u00e9. Maintenant, il nous faut convaincre les sociaux-d\u00e9mocrates \u00bb, a d\u00e9clar\u00e9 le patron d&rsquo;Allianz.<\/p>\n","protected":false},"excerpt":{"rendered":"FRANCFORT (dpa-AFX) &#8211; Le pr\u00e9sident de la Bundesbank, Joachim Nagel, appelle \u00e0 une acc\u00e9l\u00e9ration des r\u00e9formes en Allemagne&hellip;\n","protected":false},"author":2,"featured_media":2490,"comment_status":"","ping_status":"","sticky":false,"template":"","format":"standard","meta":{"footnotes":""},"categories":[1587],"tags":[11,672,340,1804,1805,1803,1777,674,1801,12,1802],"class_list":{"0":"post-401357","1":"post","2":"type-post","3":"status-publish","4":"format-standard","5":"has-post-thumbnail","7":"category-allemagne","8":"tag-actualites","9":"tag-allemagne","10":"tag-bourse","11":"tag-bundesrepublik-deutschland","12":"tag-de","13":"tag-deutschland","14":"tag-eu","15":"tag-europe","16":"tag-germany","17":"tag-news","18":"tag-republique-federale-dallemagne"},"share_on_mastodon":{"url":"https:\/\/pubeurope.com\/@fr\/115228606687351162","error":""},"_links":{"self":[{"href":"https:\/\/www.europesays.com\/fr\/wp-json\/wp\/v2\/posts\/401357","targetHints":{"allow":["GET"]}}],"collection":[{"href":"https:\/\/www.europesays.com\/fr\/wp-json\/wp\/v2\/posts"}],"about":[{"href":"https:\/\/www.europesays.com\/fr\/wp-json\/wp\/v2\/types\/post"}],"author":[{"embeddable":true,"href":"https:\/\/www.europesays.com\/fr\/wp-json\/wp\/v2\/users\/2"}],"replies":[{"embeddable":true,"href":"https:\/\/www.europesays.com\/fr\/wp-json\/wp\/v2\/comments?post=401357"}],"version-history":[{"count":0,"href":"https:\/\/www.europesays.com\/fr\/wp-json\/wp\/v2\/posts\/401357\/revisions"}],"wp:featuredmedia":[{"embeddable":true,"href":"https:\/\/www.europesays.com\/fr\/wp-json\/wp\/v2\/media\/2490"}],"wp:attachment":[{"href":"https:\/\/www.europesays.com\/fr\/wp-json\/wp\/v2\/media?parent=401357"}],"wp:term":[{"taxonomy":"category","embeddable":true,"href":"https:\/\/www.europesays.com\/fr\/wp-json\/wp\/v2\/categories?post=401357"},{"taxonomy":"post_tag","embeddable":true,"href":"https:\/\/www.europesays.com\/fr\/wp-json\/wp\/v2\/tags?post=401357"}],"curies":[{"name":"wp","href":"https:\/\/api.w.org\/{rel}","templated":true}]}}