{"id":40137,"date":"2025-04-21T00:02:22","date_gmt":"2025-04-21T00:02:22","guid":{"rendered":"https:\/\/www.europesays.com\/fr\/40137\/"},"modified":"2025-04-21T00:02:22","modified_gmt":"2025-04-21T00:02:22","slug":"la-ville-existe-t-elle-vraiment","status":"publish","type":"post","link":"https:\/\/www.europesays.com\/fr\/40137\/","title":{"rendered":"La ville existe-t-elle vraiment ?"},"content":{"rendered":"<p>Alliant drame, romance et paysages magnifiques, la nouvelle s\u00e9rie de la plateforme de streaming Netflix, <a href=\"https:\/\/www.programme-tv.net\/news\/series-tv\/376862-netflix-apres-virgin-river-la-serie-ransom-canyon-sera-votre-nouvelle-addiction-et-voici-pourquoi\/\" data-api-deeplink=\"teleloisirs:\/\/news\/376862\" target=\"_blank\" rel=\"noopener\">Nouvelle vie \u00e0 Ransom Canyon, devrait attirer de nombreux t\u00e9l\u00e9spectateurs, \u00e0 commencer par les fans de Virgin River<\/a>, dont l\u2019univers est relativement proche. Adapt\u00e9e des romans \u00e9ponymes, publi\u00e9s entre 2015 et 2019, de Jodi Thomas et d\u00e9velopp\u00e9e par April Blair, d\u00e9j\u00e0 \u00e0 l\u2019\u0153uvre sur All American et Mercredi, <a href=\"https:\/\/www.programme-tv.net\/news\/series-tv\/344286-ransom-canyon-netflix-casting-intrigues-les-premieres-infos-sur-cette-serie-a-la-virgin-river\/#9a202\" data-api-deeplink=\"teleloisirs:\/\/news\/344286\" target=\"_blank\" rel=\"noopener\">la s\u00e9rie plonge les t\u00e9l\u00e9spectateurs au c\u0153ur d\u2019une petite ville<\/a>. L\u2019histoire parle de Staten Kirkland \u2013 interpr\u00e9t\u00e9 par Josh Duhamel \u2013, un \u00e9leveur qui a perdu sa femme et son fils. Il a une relation complexe avec la propri\u00e9taire du dancehall local, Quinn O\u2019Grady \u2013 jou\u00e9e par Minka Kelly, qui revient dans la petite ville apr\u00e8s une longue escapade \u00e0 New York. Une relation qui va \u00eatre mise \u00e0 l\u2019\u00e9preuve quand va d\u00e9barquer Davis Collins (Eoin Macken), un ancien amour de la jeune femme. En plus de cette arriv\u00e9e, des tensions familiales vont appara\u00eetre dans cette petite communaut\u00e9 habituellement soud\u00e9e.<\/p>\n<p>                        Nouvelle vie \u00e0 Ransom Canyon, une s\u00e9rie de Netflix tourn\u00e9e au Texas<\/p>\n<p>Contrairement \u00e0 ce que l&rsquo;on pourrait penser, la ville de Ransom Canyon existe bel et bien. Il s\u2019agit d\u2019une ville fond\u00e9e en 1965, situ\u00e9e dans le comt\u00e9 de Lubbock, au Texas. Nich\u00e9e dans le canyon de Yellow House, elle compte moins de 1 200 habitants. Si elle existe bien, ce n\u2019est pas l\u00e0 en revanche qu\u2019a \u00e9t\u00e9 tourn\u00e9e la s\u00e9rie. Le tournage des dix \u00e9pisodes de la saison 1 de Ransom Canyon s&rsquo;est d\u00e9roul\u00e9 de f\u00e9vrier \u00e0 juin 2024 au Nouveau-Mexique. Les villes d\u2019Albuquerque, de Santa Fe et de Las Vegas ont servi de lieux de tournage, tandis que des sites embl\u00e9matiques comme le Bonanza Creek Ranch et le Blame Her Ranch ont \u00e9galement \u00e9t\u00e9 utilis\u00e9s.<\/p>\n<p>Nouvelle vie \u00e0 Ransom Canyon : Minka Kelly avait oubli\u00e9 avoir d\u00e9j\u00e0 crois\u00e9 Josh Duhamel avant la s\u00e9rie<\/p>\n<p>Comme l\u2019a r\u00e9v\u00e9l\u00e9 Josh Duhamel, connu pour ses r\u00f4les <a href=\"https:\/\/www.programme-tv.net\/news\/cinema\/307976-josh-duhamel-que-devient-lacteur-de-la-serie-las-vegas-et-des-films-transformers\/\" data-api-deeplink=\"teleloisirs:\/\/news\/307976\" target=\"_blank\" rel=\"noopener\">dans les s\u00e9ries Las Vegas et les films Transformers<\/a>, au magazine am\u00e9ricain <a href=\"https:\/\/people.com\/minka-kelly-has-no-recollection-of-meeting-josh-duhamel-on-a-plane-ride-10-years-ago-exclusive-11716678?utm_source=chatgpt.com\" target=\"_blank\" rel=\"noopener\">People<\/a> le 17 avril, Minka Kelly l\u2019avait d\u00e9j\u00e0 crois\u00e9 avant de tourner avec lui dans Nouvelle vie \u00e0 Ransom Canyon, mais elle n\u2019en avait aucun souvenir. Le duo \u00e9tait, en effet, assis c\u00f4te \u00e0 c\u00f4te dans un avion allant de New York \u00e0 Los Angeles il y a une dizaine d\u2019ann\u00e9es. \u00ab\u00a0Nous avons eu une conversation approfondie. Et quand nous nous sommes finalement retrouv\u00e9s pour travailler sur une sc\u00e8ne [\u2026], j&rsquo;ai abord\u00e9 le sujet et elle ne s&rsquo;en souvenait pas du tout. Elle ne se souvenait de rien\u00a0\u00bb, a expliqu\u00e9 le com\u00e9dien de 52 ans. Quant \u00e0 Minka Kelly, elle a seulement r\u00e9pondu que Josh Duhamel devait \u00eatre \u00ab\u00a0intimidant\u00a0\u00bb, avant de le taquiner : \u00ab\u00a0J&rsquo;ai bloqu\u00e9 le souvenir parce que je n&rsquo;arrivais pas \u00e0 croire qu&rsquo;il me parlait.\u00a0\u00bb Si la s\u00e9rie vient \u00e0 peine d\u2019\u00eatre mise en ligne, les discussions autour d\u2019une potentielle saison 2 seraient, elles, d\u00e9j\u00e0 engag\u00e9es. <a href=\"https:\/\/www.programme-tv.net\/news\/series-tv\/376981-exclu-ransom-canyon-saison-2-opposer-les-collins-aux-kirkland-cette-star-nous-devoile-ses-envies-pour-la-suite-de-la-serie-netflix\/\" data-api-deeplink=\"teleloisirs:\/\/news\/376981\" target=\"_blank\" rel=\"noopener\">Une star de la s\u00e9rie nous a m\u00eame d\u00e9voil\u00e9 ses envies pour la potentielle saison 2 de Nouvelle vie \u00e0 Ransom Canyon<\/a>.<\/p>\n<p>Article \u00e9crit avec la collaboration de 6Medias<\/p>\n","protected":false},"excerpt":{"rendered":"Alliant drame, romance et paysages magnifiques, la nouvelle s\u00e9rie de la plateforme de streaming Netflix, Nouvelle vie \u00e0&hellip;\n","protected":false},"author":2,"featured_media":40138,"comment_status":"","ping_status":"","sticky":false,"template":"","format":"standard","meta":{"footnotes":""},"categories":[1356],"tags":[244,58,59,1011,27,12402,127,1722,1721,129,252,1364],"class_list":{"0":"post-40137","1":"post","2":"type-post","3":"status-publish","4":"format-standard","5":"has-post-thumbnail","7":"category-television","8":"tag-commentaire","9":"tag-divertissement","10":"tag-entertainment","11":"tag-fr","12":"tag-france","13":"tag-josh-duhamel","14":"tag-netflix","15":"tag-pub-streaming-netflix","16":"tag-su00e9rie-netflix","17":"tag-svod","18":"tag-television","19":"tag-tv"},"share_on_mastodon":{"url":"https:\/\/pubeurope.com\/@fr\/114373023820430361","error":""},"_links":{"self":[{"href":"https:\/\/www.europesays.com\/fr\/wp-json\/wp\/v2\/posts\/40137","targetHints":{"allow":["GET"]}}],"collection":[{"href":"https:\/\/www.europesays.com\/fr\/wp-json\/wp\/v2\/posts"}],"about":[{"href":"https:\/\/www.europesays.com\/fr\/wp-json\/wp\/v2\/types\/post"}],"author":[{"embeddable":true,"href":"https:\/\/www.europesays.com\/fr\/wp-json\/wp\/v2\/users\/2"}],"replies":[{"embeddable":true,"href":"https:\/\/www.europesays.com\/fr\/wp-json\/wp\/v2\/comments?post=40137"}],"version-history":[{"count":0,"href":"https:\/\/www.europesays.com\/fr\/wp-json\/wp\/v2\/posts\/40137\/revisions"}],"wp:featuredmedia":[{"embeddable":true,"href":"https:\/\/www.europesays.com\/fr\/wp-json\/wp\/v2\/media\/40138"}],"wp:attachment":[{"href":"https:\/\/www.europesays.com\/fr\/wp-json\/wp\/v2\/media?parent=40137"}],"wp:term":[{"taxonomy":"category","embeddable":true,"href":"https:\/\/www.europesays.com\/fr\/wp-json\/wp\/v2\/categories?post=40137"},{"taxonomy":"post_tag","embeddable":true,"href":"https:\/\/www.europesays.com\/fr\/wp-json\/wp\/v2\/tags?post=40137"}],"curies":[{"name":"wp","href":"https:\/\/api.w.org\/{rel}","templated":true}]}}