{"id":401370,"date":"2025-09-19T02:37:18","date_gmt":"2025-09-19T02:37:18","guid":{"rendered":"https:\/\/www.europesays.com\/fr\/401370\/"},"modified":"2025-09-19T02:37:18","modified_gmt":"2025-09-19T02:37:18","slug":"lois-boisson-eliminee-au-second-tour-du-wta-500-de-seoul","status":"publish","type":"post","link":"https:\/\/www.europesays.com\/fr\/401370\/","title":{"rendered":"Lo\u00efs Boisson \u00e9limin\u00e9e au second tour du WTA 500 de S\u00e9oul"},"content":{"rendered":"<p>Deux jours apr\u00e8s sa premi\u00e8re victoire sur dur, la Fran\u00e7aise s\u2019est inclin\u00e9e face \u00e0 Ekaterina Alexandrova.<\/p>\n<p class=\"fig-paragraph\">La N.1 fran\u00e7aise Lo\u00efs Boisson (49e mondiale) s&rsquo;est inclin\u00e9e en trois sets jeudi au deuxi\u00e8me tour du WTA 500 de S\u00e9oul, battue par la deuxi\u00e8me t\u00eate de s\u00e9rie du tournoi Ekaterina Alexandrova.<\/p>\n<p class=\"fig-paragraph\">Sacr\u00e9e en 2022 sur les courts en dur de la capitale cor\u00e9enne, la Russe de 30 ans s&rsquo;est impos\u00e9e 4-6, 6-2, 6-2 contre la demi-finaliste surprise du dernier Roland-Garros.<\/p>\n<p>                                    <a class=\"fig-a11y-skip a11y-hidden\" href=\"#fig-a11y-skip-main-inarticle\"><br \/>\n        Passer la publicit\u00e9<br \/>\n    <\/a><\/p>\n<p class=\"fig-paragraph\">La 11e mondiale affrontera en quarts de finale la Br\u00e9silienne Beatriz Haddad Maia (25e) ou l&rsquo;Allemande Ella Seidel (105e).<\/p>\n<p class=\"fig-paragraph\">Laur\u00e9ate en juillet de son premier titre sur le circuit principal au WTA 250 de Hambourg (terre battue), Boisson va pour sa part mettre le cap sur P\u00e9kin, o\u00f9 d\u00e9butera mercredi le premier des deux WTA 1000 asiatiques.<\/p>\n<p class=\"fig-paragraph\">Avant de se faire \u00e9liminer par Alexandrova, la Dijonnaise de 22 ans avait d\u00e9croch\u00e9 lundi au premier tour du tournoi de S\u00e9oul sa premi\u00e8re victoire sur dur en 2025 sur le circuit principal, contre la Sud-Cor\u00e9enne Ku Yeon-woo (305e).<\/p>\n<p class=\"fig-paragraph\">Apr\u00e8s son titre \u00e0 Hambourg, Boisson avait en effet d\u00fb faire l&rsquo;impasse sur les WTA 1000 de Montr\u00e9al et Cincinnati en raison d&rsquo;une blessure, avant d&rsquo;\u00eatre \u00e9limin\u00e9e d\u00e8s son entr\u00e9e en lice au WTA 250 de Cleveland et \u00e0 l&rsquo;US Open.<\/p>\n<p class=\"fig-paragraph\">Premi\u00e8re t\u00eate de s\u00e9rie \u00e0 S\u00e9oul, la N.2 mondiale Iga Swiatek doit succ\u00e9der \u00e0 Boisson et Alexandrova sur le Central pour son entr\u00e9e en lice contre la Roumaine Sorana Cirstea (66e).<\/p>\n<p>                                    <a class=\"fig-a11y-skip a11y-hidden\" href=\"#fig-a11y-skip-main-inarticle_mtf\"><br \/>\n        Passer la publicit\u00e9<br \/>\n    <\/a><\/p>\n<p class=\"fig-paragraph\"><strong>\u00c0 VOIR AUSSI &#8211; <\/strong>Paris SG\u00a0: le vibrant hommage des supporters au \u00abtiti\u00bb Presnel Kimpembe<\/p>\n","protected":false},"excerpt":{"rendered":"Deux jours apr\u00e8s sa premi\u00e8re victoire sur dur, la Fran\u00e7aise s\u2019est inclin\u00e9e face \u00e0 Ekaterina Alexandrova. La N.1&hellip;\n","protected":false},"author":2,"featured_media":401371,"comment_status":"","ping_status":"","sticky":false,"template":"","format":"standard","meta":{"footnotes":""},"categories":[1415],"tags":[1011,27,10535,60,1467,4170],"class_list":{"0":"post-401370","1":"post","2":"type-post","3":"status-publish","4":"format-standard","5":"has-post-thumbnail","7":"category-tennis","8":"tag-fr","9":"tag-france","10":"tag-lois-boisson","11":"tag-sports","12":"tag-tennis","13":"tag-wta"},"share_on_mastodon":{"url":"https:\/\/pubeurope.com\/@fr\/115228642036599038","error":""},"_links":{"self":[{"href":"https:\/\/www.europesays.com\/fr\/wp-json\/wp\/v2\/posts\/401370","targetHints":{"allow":["GET"]}}],"collection":[{"href":"https:\/\/www.europesays.com\/fr\/wp-json\/wp\/v2\/posts"}],"about":[{"href":"https:\/\/www.europesays.com\/fr\/wp-json\/wp\/v2\/types\/post"}],"author":[{"embeddable":true,"href":"https:\/\/www.europesays.com\/fr\/wp-json\/wp\/v2\/users\/2"}],"replies":[{"embeddable":true,"href":"https:\/\/www.europesays.com\/fr\/wp-json\/wp\/v2\/comments?post=401370"}],"version-history":[{"count":0,"href":"https:\/\/www.europesays.com\/fr\/wp-json\/wp\/v2\/posts\/401370\/revisions"}],"wp:featuredmedia":[{"embeddable":true,"href":"https:\/\/www.europesays.com\/fr\/wp-json\/wp\/v2\/media\/401371"}],"wp:attachment":[{"href":"https:\/\/www.europesays.com\/fr\/wp-json\/wp\/v2\/media?parent=401370"}],"wp:term":[{"taxonomy":"category","embeddable":true,"href":"https:\/\/www.europesays.com\/fr\/wp-json\/wp\/v2\/categories?post=401370"},{"taxonomy":"post_tag","embeddable":true,"href":"https:\/\/www.europesays.com\/fr\/wp-json\/wp\/v2\/tags?post=401370"}],"curies":[{"name":"wp","href":"https:\/\/api.w.org\/{rel}","templated":true}]}}