{"id":401372,"date":"2025-09-19T02:40:18","date_gmt":"2025-09-19T02:40:18","guid":{"rendered":"https:\/\/www.europesays.com\/fr\/401372\/"},"modified":"2025-09-19T02:40:18","modified_gmt":"2025-09-19T02:40:18","slug":"gp-de-belgique-une-piste-immense-pour-une-saison-intense","status":"publish","type":"post","link":"https:\/\/www.europesays.com\/fr\/401372\/","title":{"rendered":"GP de Belgique : une piste immense pour une saison intense"},"content":{"rendered":"<p>Quelques jours seulement apr\u00e8s une course palpitante en Hongrie, le paddock de la Formule 1 s\u2019installe sur le mythique trac\u00e9 de Spa-Francorchamps en Belgique pour la 13e \u00e9tape du calendrier 2024.<\/p>\n<p>Depuis 1925, ce circuit embl\u00e9matique captive les pilotes et les fans du monde entier avec ses virages l\u00e9gendaires, comme Eau Rouge et Blanchimont, r\u00e9put\u00e9s pour leur vitesse et leur technicit\u00e9. Avec ses 7 kilom\u00e8tres de longueur, Spa est un v\u00e9ritable d\u00e9fi : trouver le bon \u00e9quilibre de r\u00e9glages est une gageure, autant pour les \u00e9quipes que pour les pilotes.<\/p>\n<p>Le circuit belge a \u00e9t\u00e9 le th\u00e9\u00e2tre de nombreux \u00e9pisodes marquants de l\u2019histoire de la Formule 1 : la course chaotique de 1998, les d\u00e9buts de Michael Schumacher en 1991, ou encore la victoire pleine d\u2019\u00e9motion de Charles Leclerc, surnageant \u00e0 la m\u00e9moire d\u2019Anthoine Hubert. Parmi les pilotes actuels, Lewis Hamilton d\u00e9tient le record du plus grand nombre de victoires sur ce circuit, tandis que Ferrari reste la Scuderia la plus titr\u00e9e. Reste \u00e0 voir si cette combinaison fera de nouveau des \u00e9tincelles cette saison.<\/p>\n<p>Le vainqueur de l\u2019an dernier, Max Verstappen, s\u2019\u00e9tait impos\u00e9 avec une ma\u00eetrise impressionnante, partant de la 6e place sur la grille. Cette ann\u00e9e, le N\u00e9erlandais doit n\u00e9anmoins composer avec une p\u00e9nalit\u00e9 li\u00e9e au remplacement de son unit\u00e9 de puissance.<\/p>\n<p>Les Points Importants<\/p>\n<ul>\n<li>\n<p><strong>Tenir la cadence chez Red Bull<\/strong> : Si aucune am\u00e9lioration m\u00e9canique ne vient renforcer la voiture de Verstappen, il devra redoubler de patience \u2014 et peut-\u00eatre songer \u00e0 instaurer une \u00ab bo\u00eete \u00e0 jurons \u00bb tant sa frustration a \u00e9t\u00e9 visible sur le circuit hongrois. Malgr\u00e9 les critiques, c\u2019est lui qui porte l\u2019\u00e9quipe, ses performances restant solides m\u00eame si McLaren a montr\u00e9 une pointe de vitesse sup\u00e9rieure lors des derni\u00e8res courses. Le d\u00e9bat sur le si\u00e8ge de son co\u00e9quipier est d\u00e9sormais ouvert, promettant une possible r\u00e9organisation d\u2019ici peu.<\/p>\n<\/li>\n<li>\n<p><strong>Tensions et strat\u00e9gie chez McLaren<\/strong> : Le duel entre Lando Norris et Oscar Piastri \u00e0 la fin de la derni\u00e8re course a mis en lumi\u00e8re des failles au sein de l\u2019\u00e9quipe. La gestion des arr\u00eats au stand et la hi\u00e9rarchie interne seront des sujets cruciaux pour que McLaren confirme son potentiel et son ambition dans la lutte au titre.<\/p>\n<\/li>\n<li>\n<p><strong>March\u00e9 des transferts en pleine effervescence<\/strong> : Carlos Sainz se montre pour l\u2019instant ind\u00e9cis quant \u00e0 son avenir, avec trois options s\u00e9rieuses : Alpine, Williams, ou Audi, tandis qu\u2019Esteban Ocon est d\u00e9j\u00e0 confirm\u00e9 chez Haas aux c\u00f4t\u00e9s du jeune Ollie Bearman. Par ailleurs, Red Bull doit statuer sur la place de Sergio P\u00e9rez ou la mont\u00e9e en puissance d\u2019un nouveau pilote.<\/p>\n<\/li>\n<li>\n<p><strong>Surveillance des Mercedes<\/strong> : Le temps plus frais annonc\u00e9 devrait avantager les pilotes du constructeur allemand, qui ont fait preuve d\u2019une certaine r\u00e9gularit\u00e9 lors des courses perturb\u00e9es par la m\u00e9t\u00e9o cette saison. Cela pourrait compliquer la course pour leurs rivaux, tout en rendant le spectacle plus impr\u00e9visible.<\/p>\n<\/li>\n<\/ul>\n<p>Une Perspective Internationale sous le regard belge<\/p>\n<p>Depuis la Belgique, il est \u00e9vident que Spa incarne bien plus qu\u2019une course : c\u2019est un lieu de convergence o\u00f9 se m\u00ealent histoire, esprit de comp\u00e9tition et innovations technologiques. Cette \u00e9tape illustre aussi combien la Formule 1 reste un sport global, o\u00f9 chaque d\u00e9cision \u2013 du choix des pilotes au d\u00e9veloppement de la voiture \u2013 r\u00e9sonne bien au-del\u00e0 des fronti\u00e8res.<\/p>\n<p>Dans un monde o\u00f9 la France joue un r\u00f4le dynamique dans le d\u00e9veloppement du sport automobile et dans l\u2019accueil d\u2019\u00e9v\u00e9nements internationaux, la Belgique confirme sa place de carrefour essentiel. La proximit\u00e9 g\u00e9ographique et la complicit\u00e9 franco-belge nourrissent cette passion partag\u00e9e pour la vitesse et la pr\u00e9cision.<\/p>\n<p>Et au final, nous voil\u00e0\u2026<\/p>\n<p>Alors, qui sera le ma\u00eetre de cette \u00e9dition 2024 du Grand Prix de Belgique ? Un favori aux dents longues ou un outsider pr\u00eat \u00e0 surprendre ? Il faut reconna\u00eetre que la m\u00e9t\u00e9o capricieuse, les strat\u00e9gies fluctuantes et les interactions humaines dans les paddocks offrent un th\u00e9\u00e2tre fascinant \u2014 presque dramatique \u2014 \u00e0 chaque course.<\/p>\n<p>Quant \u00e0 moi, je me pr\u00e9pare d\u00e9j\u00e0 un caf\u00e9 bien serr\u00e9 pour suivre cette bataille au sommet. Parce qu\u2019avec la Formule 1, on est jamais \u00e0 l\u2019abri d\u2019un rebondissement\u2026 ou d\u2019un petit roast bien senti entre pilotes. Apr\u00e8s tout, dans ce microcosme survolt\u00e9, un brin de second degr\u00e9 fait aussi partie du spectacle.<\/p>\n<p>  Navigation de l\u2019article<\/p>\n","protected":false},"excerpt":{"rendered":"Quelques jours seulement apr\u00e8s une course palpitante en Hongrie, le paddock de la Formule 1 s\u2019installe sur le&hellip;\n","protected":false},"author":2,"featured_media":362231,"comment_status":"","ping_status":"","sticky":false,"template":"","format":"standard","meta":{"footnotes":""},"categories":[1412],"tags":[1451,1452,1453,1454,1455,1011,27,60],"class_list":{"0":"post-401372","1":"post","2":"type-post","3":"status-publish","4":"format-standard","5":"has-post-thumbnail","7":"category-f1","8":"tag-f1","9":"tag-formula-1","10":"tag-formula1","11":"tag-formule-1","12":"tag-formule1","13":"tag-fr","14":"tag-france","15":"tag-sports"},"share_on_mastodon":{"url":"https:\/\/pubeurope.com\/@fr\/115228654361139144","error":""},"_links":{"self":[{"href":"https:\/\/www.europesays.com\/fr\/wp-json\/wp\/v2\/posts\/401372","targetHints":{"allow":["GET"]}}],"collection":[{"href":"https:\/\/www.europesays.com\/fr\/wp-json\/wp\/v2\/posts"}],"about":[{"href":"https:\/\/www.europesays.com\/fr\/wp-json\/wp\/v2\/types\/post"}],"author":[{"embeddable":true,"href":"https:\/\/www.europesays.com\/fr\/wp-json\/wp\/v2\/users\/2"}],"replies":[{"embeddable":true,"href":"https:\/\/www.europesays.com\/fr\/wp-json\/wp\/v2\/comments?post=401372"}],"version-history":[{"count":0,"href":"https:\/\/www.europesays.com\/fr\/wp-json\/wp\/v2\/posts\/401372\/revisions"}],"wp:featuredmedia":[{"embeddable":true,"href":"https:\/\/www.europesays.com\/fr\/wp-json\/wp\/v2\/media\/362231"}],"wp:attachment":[{"href":"https:\/\/www.europesays.com\/fr\/wp-json\/wp\/v2\/media?parent=401372"}],"wp:term":[{"taxonomy":"category","embeddable":true,"href":"https:\/\/www.europesays.com\/fr\/wp-json\/wp\/v2\/categories?post=401372"},{"taxonomy":"post_tag","embeddable":true,"href":"https:\/\/www.europesays.com\/fr\/wp-json\/wp\/v2\/tags?post=401372"}],"curies":[{"name":"wp","href":"https:\/\/api.w.org\/{rel}","templated":true}]}}