{"id":401395,"date":"2025-09-19T02:52:21","date_gmt":"2025-09-19T02:52:21","guid":{"rendered":"https:\/\/www.europesays.com\/fr\/401395\/"},"modified":"2025-09-19T02:52:21","modified_gmt":"2025-09-19T02:52:21","slug":"situee-a-30-minutes-de-marseille-cette-calanque-secrete-est-la-destination-la-plus-insolite-de-provence","status":"publish","type":"post","link":"https:\/\/www.europesays.com\/fr\/401395\/","title":{"rendered":"Situ\u00e9e \u00e0 30 minutes de Marseille, cette calanque secr\u00e8te est la destination la plus insolite de Provence"},"content":{"rendered":"<p>Je viens de d\u00e9couvrir une p\u00e9pite \u00e0 seulement 30 minutes de Marseille ! Entre les reliefs escarp\u00e9s des calanques et le bleu azur de la M\u00e9diterran\u00e9e, j\u2019ai trouv\u00e9 ce que je consid\u00e8re comme <strong>le tr\u00e9sor cach\u00e9 de la Provence<\/strong> : la calanque de Sormiou. Loin des sentiers battus et des hordes de touristes, cette merveille naturelle m\u2019a totalement conquise lors de ma derni\u00e8re escapade improvis\u00e9e.<\/p>\n<p>La calanque de Sormiou, un joyau m\u00e9connu aux portes de Marseille<\/p>\n<p>Quand on pense aux calanques marseillaises, Sugiton ou En-Vau viennent souvent en premier \u00e0 l\u2019esprit. Pourtant, <strong>la calanque de Sormiou offre un charme incomparable<\/strong> que j\u2019ai eu la chance d\u2019examiner r\u00e9cemment. Son acc\u00e8s moins \u00e9vident que ses c\u00e9l\u00e8bres voisines en fait un lieu pr\u00e9serv\u00e9 du tourisme de masse.<\/p>\n<p>Pour y parvenir, j\u2019ai emprunt\u00e9 une route sinueuse depuis le quartier de Marseille Les Baumettes. Cette voie \u00e9troite qui serpente entre les collines cr\u00e9e d\u00e9j\u00e0 cette sensation d\u2019aventure que j\u2019adore tant ! Notez d\u2019un autre c\u00f4t\u00e9 que l\u2019acc\u00e8s en voiture est restreint pendant la p\u00e9riode estivale, g\u00e9n\u00e9ralement de d\u00e9but juin \u00e0 fin septembre, pour pr\u00e9server ce site exceptionnel.<\/p>\n<p>Ce qui m\u2019a imm\u00e9diatement frapp\u00e9e en arrivant, c\u2019est le contraste saisissant entre la v\u00e9g\u00e9tation m\u00e9diterran\u00e9enne et l\u2019eau turquoise. Les pins d\u2019Alep s\u2019accrochent aux falaises blanches, cr\u00e9ant une palette de couleurs \u00e0 couper le souffle. J\u2019ai aussit\u00f4t sorti mon appareil photo, impossible de r\u00e9sister \u00e0 tant de beaut\u00e9 !<\/p>\n<p>Une exp\u00e9rience nature loin du tumulte touristique<\/p>\n<p>Contrairement \u00e0 d\u2019autres sites plus connus du Parc national des Calanques, Sormiou conserve une authenticit\u00e9 qui m\u2019a enchant\u00e9e. <strong>Le petit village de p\u00eacheurs avec ses cabanons color\u00e9s<\/strong> t\u00e9moigne d\u2019un art de vivre proven\u00e7al pr\u00e9serv\u00e9. Ces habitations traditionnelles, autrefois occup\u00e9es par les p\u00eacheurs marseillais, sont aujourd\u2019hui des r\u00e9sidences secondaires jalousement gard\u00e9es par les familles locales.<\/p>\n<p>Ce qui fait de Sormiou une destination vraiment insolite, c\u2019est son ambiance unique. En me promenant sur la plage de sable fin (une raret\u00e9 dans les calanques !), j\u2019ai pu observer les habitants jouer \u00e0 la p\u00e9tanque et pr\u00e9parer la bouillabaisse, comme si le temps s\u2019\u00e9tait arr\u00eat\u00e9. Voici les activit\u00e9s que je vous recommande absolument :<\/p>\n<ul>\n<li>Randonner sur le sentier qui m\u00e8ne au belv\u00e9d\u00e8re pour une vue imprenable<\/li>\n<li>Piquer une t\u00eate dans les eaux cristallines<\/li>\n<li>Observer les nombreuses esp\u00e8ces marines en faisant du snorkeling<\/li>\n<li>D\u00e9guster une bouillabaisse dans l\u2019un des cabanons transform\u00e9s en restaurant<\/li>\n<li>Admirer le coucher de soleil qui teinte les falaises calcaires<\/li>\n<\/ul>\n<p>Quand partir et comment profiter pleinement de ce tr\u00e9sor proven\u00e7al<\/p>\n<p>Si vous souhaitez d\u00e9couvrir Sormiou dans les meilleures conditions, voici un petit guide que j\u2019ai concoct\u00e9 pour vous apr\u00e8s plusieurs visites \u00e0 diff\u00e9rentes saisons :<\/p>\n<tr>\nP\u00e9riode<br \/>\nAvantages<br \/>\nInconv\u00e9nients<br \/>\n<\/tr>\n<tr>\n<td>Mai-Juin<\/td>\n<td>Temp\u00e9rature id\u00e9ale, peu de monde<\/td>\n<td>Eau encore fra\u00eeche pour la baignade<\/td>\n<\/tr>\n<tr>\n<td>Juillet-Ao\u00fbt<\/td>\n<td>Eau parfaite pour nager<\/td>\n<td>Restrictions d\u2019acc\u00e8s, plus fr\u00e9quent\u00e9<\/td>\n<\/tr>\n<tr>\n<td>Septembre-Octobre<\/td>\n<td>Tranquillit\u00e9 retrouv\u00e9e, eau encore agr\u00e9able<\/td>\n<td>Journ\u00e9es plus courtes<\/td>\n<\/tr>\n<p>J\u2019ai personnellement craqu\u00e9 pour <strong>la douceur des fins de journ\u00e9e de septembre<\/strong>, quand les derniers rayons du soleil caressent les falaises calcaires. C\u2019est aussi \u00e0 ce moment que j\u2019ai pu photographier les plus beaux jeux de lumi\u00e8re sur l\u2019eau, avec cette incroyable palette allant du turquoise au bleu profond.<\/p>\n<p>Pour vous y rendre, je conseille vivement le sentier de randonn\u00e9e depuis Marseille (comptez environ 2h de marche) ou le bus 23 depuis le rond-point du Prado suivi d\u2019une marche d\u2019approche. Si vous venez en voiture hors saison estivale, arrivez t\u00f4t pour trouver une place sur le petit parking !<\/p>\n<p>Le secret le mieux gard\u00e9 de la c\u00f4te marseillaise<\/p>\n<p>Ce qui rend Sormiou v\u00e9ritablement unique, c\u2019est son <strong>atmosph\u00e8re authentique et pr\u00e9serv\u00e9e<\/strong>. Chaque fois que j\u2019y retourne, j\u2019ai cette sensation d\u00e9licieuse de d\u00e9couvrir un lieu confidentiel, presque secret, alors qu\u2019il se trouve \u00e0 un jet de pierre de la deuxi\u00e8me ville de France !<\/p>\n<p>Les habitu\u00e9s du lieu \u2013 principalement des Marseillais \u2013 entretiennent cette discr\u00e9tion qui fait tout le charme de l\u2019endroit. J\u2019ai eu la chance d\u2019\u00e9changer avec quelques locaux qui m\u2019ont racont\u00e9 l\u2019histoire fascinante des cabanons et des traditions de p\u00eache qui se transmettent de g\u00e9n\u00e9ration en g\u00e9n\u00e9ration.<\/p>\n<p>Si vous cherchez l\u2019authenticit\u00e9 proven\u00e7ale loin des clich\u00e9s touristiques, cette calanque est d\u00e9finitivement votre prochaine destination. Je n\u2019ai qu\u2019une h\u00e2te : y retourner pour d\u00e9couvrir ses nouveaux visages au fil des saisons et continuer \u00e0 visiter ses recoins cach\u00e9s !<\/p>\n<p><img loading=\"lazy\" decoding=\"async\" data-del=\"avatar\" alt=\"cecile\" src=\"data:image\/svg+xml,%3Csvg%20xmlns=\" http:=\"\" class=\"avatar pp-user-avatar avatar-100 photo \" height=\"100\" width=\"100\" data-lazy-src=\"https:\/\/www.europesays.com\/fr\/wp-content\/uploads\/2025\/04\/11-150x150.jpg\"\/><\/p>\n<p>Je suis C\u00e9cile, accro au lifestyle et \u00e0 tout ce qui am\u00e9liore le quotidien. Entre astuces bien-\u00eatre, tendances mode et nouveaut\u00e9s high-tech, je vous propose des articles qui m\u00ealent style, simplicit\u00e9 et efficacit\u00e9. Ici, on parle de tout ce qui vous inspire au quotidien !<\/p>\n","protected":false},"excerpt":{"rendered":"Je viens de d\u00e9couvrir une p\u00e9pite \u00e0 seulement 30 minutes de Marseille ! Entre les reliefs escarp\u00e9s des&hellip;\n","protected":false},"author":2,"featured_media":401396,"comment_status":"","ping_status":"","sticky":false,"template":"","format":"standard","meta":{"footnotes":""},"categories":[7],"tags":[1011,27,43,40,41,39,42,44],"class_list":{"0":"post-401395","1":"post","2":"type-post","3":"status-publish","4":"format-standard","5":"has-post-thumbnail","7":"category-sciences-et-technologies","8":"tag-fr","9":"tag-france","10":"tag-science","11":"tag-science-and-technology","12":"tag-sciences","13":"tag-sciences-et-technologies","14":"tag-technologies","15":"tag-technology"},"share_on_mastodon":{"url":"https:\/\/pubeurope.com\/@fr\/115228701226711772","error":""},"_links":{"self":[{"href":"https:\/\/www.europesays.com\/fr\/wp-json\/wp\/v2\/posts\/401395","targetHints":{"allow":["GET"]}}],"collection":[{"href":"https:\/\/www.europesays.com\/fr\/wp-json\/wp\/v2\/posts"}],"about":[{"href":"https:\/\/www.europesays.com\/fr\/wp-json\/wp\/v2\/types\/post"}],"author":[{"embeddable":true,"href":"https:\/\/www.europesays.com\/fr\/wp-json\/wp\/v2\/users\/2"}],"replies":[{"embeddable":true,"href":"https:\/\/www.europesays.com\/fr\/wp-json\/wp\/v2\/comments?post=401395"}],"version-history":[{"count":0,"href":"https:\/\/www.europesays.com\/fr\/wp-json\/wp\/v2\/posts\/401395\/revisions"}],"wp:featuredmedia":[{"embeddable":true,"href":"https:\/\/www.europesays.com\/fr\/wp-json\/wp\/v2\/media\/401396"}],"wp:attachment":[{"href":"https:\/\/www.europesays.com\/fr\/wp-json\/wp\/v2\/media?parent=401395"}],"wp:term":[{"taxonomy":"category","embeddable":true,"href":"https:\/\/www.europesays.com\/fr\/wp-json\/wp\/v2\/categories?post=401395"},{"taxonomy":"post_tag","embeddable":true,"href":"https:\/\/www.europesays.com\/fr\/wp-json\/wp\/v2\/tags?post=401395"}],"curies":[{"name":"wp","href":"https:\/\/api.w.org\/{rel}","templated":true}]}}