{"id":401401,"date":"2025-09-19T02:55:11","date_gmt":"2025-09-19T02:55:11","guid":{"rendered":"https:\/\/www.europesays.com\/fr\/401401\/"},"modified":"2025-09-19T02:55:11","modified_gmt":"2025-09-19T02:55:11","slug":"nouvelle-attaque-de-lagardere-et-cnews-dans-la-guerre-des-medias-bollore-contre-laudiovisuel-public","status":"publish","type":"post","link":"https:\/\/www.europesays.com\/fr\/401401\/","title":{"rendered":"Nouvelle attaque de Lagard\u00e8re et CNews dans la guerre des m\u00e9dias Bollor\u00e9 contre l\u2019audiovisuel public"},"content":{"rendered":"<p>        <img decoding=\"async\" loading=\"lazy\" src=\"https:\/\/www.europesays.com\/fr\/wp-content\/uploads\/2025\/09\/9b77dbf_upload-1-butyo8ngtlwm-afp-20220217-32326er-v1-midres-franceparliamentmassmediamedia.jpg\"  width=\"728\" height=\"409\" alt=\"Arnaud Lagard\u00e8re, PDG du groupe Lagard\u00e8re, participe \u00e0 son audition devant la commission d\u2019enqu\u00eate sur la concentration des m\u00e9dias au S\u00e9nat fran\u00e7ais \u00e0 Paris, le 17\u00a0f\u00e9vrier 2022.\"\/>  <\/p>\n<p>JULIEN DE ROSA \/ AFP<\/p>\n<p>Arnaud Lagard\u00e8re, PDG du groupe Lagard\u00e8re, participe \u00e0 son audition devant la commission d\u2019enqu\u00eate sur la concentration des m\u00e9dias au S\u00e9nat fran\u00e7ais \u00e0 Paris, le 17\u00a0f\u00e9vrier 2022.<\/p>\n<p class=\"asset asset-text\">M\u00c9DIAS &#8211; L\u2019escalade verbale spectaculaire dans la guerre des m\u00e9dias Bollor\u00e9 contre l\u2019audiovisuel public se poursuit. <a href=\"https:\/\/www.huffingtonpost.fr\/justice\/article\/arnaud-lagardere-mis-en-examen-pour-abus-de-biens-sociaux_233322.html\" target=\"_blank\" rel=\"noopener\">Arnaud Lagard\u00e8re<\/a>, g\u00e9rant de Lagard\u00e8re Radio qui d\u00e9tient Europe 1, et la cha\u00eene <a href=\"https:\/\/www.huffingtonpost.fr\/medias\/article\/ce-directeur-de-radio-france-s-en-prend-a-cnews-et-europe-1-negation-du-journalisme_254791.html\" target=\"_blank\" rel=\"noopener\">CNews<\/a>, dans le giron du groupe Bollor\u00e9, ont r\u00e9pliqu\u00e9 ce jeudi 18\u00a0septembre soir dans deux communiqu\u00e9s distincts aux <a href=\"https:\/\/www.huffingtonpost.fr\/medias\/article\/la-charge-frontale-de-delphine-ernotte-contre-cnews-chaine-d-extreme-droite_254963.html\" target=\"_blank\" rel=\"noopener\">\u00ab\u00a0attaques\u00a0\u00bb des deux patronnes de France T\u00e9l\u00e9visions <\/a>et Radio France, dans le sillage de <a href=\"https:\/\/www.huffingtonpost.fr\/medias\/article\/affaire-legrand-cohen-les-patronnes-de-france-tv-et-radio-france-ripostent-contre-les-medias-bollore_254950.html\" target=\"_blank\" rel=\"noopener\">l\u2019affaire Legrand-Cohen.<\/a><\/p>\n<p class=\"asset asset-text\">Arnaud Lagard\u00e8re a d\u00e9nonc\u00e9 \u00ab\u00a0les attaques excessives\u00a0\u00bb de Delphine Ernotte Cunci, pr\u00e9sidente de France T\u00e9l\u00e9visions, et Sibyle Veil, pr\u00e9sidente de Radio France, contre la radio, au lendemain d\u2019une lettre des deux patronnes au r\u00e9gulateur de l\u2019audiovisuel (Arcom) dans laquelle elles d\u00e9non\u00e7aient une \u00ab\u00a0campagne de d\u00e9nigrement\u00a0\u00bb des m\u00e9dias de la galaxie Bollor\u00e9, dont CNews et Europe 1.<\/p>\n<p class=\"asset asset-text\">\u00ab\u00a0Ces attaques excessives traduisent une f\u00e9brilit\u00e9 surprenante de la part de ces responsables de services publics et sont une man\u0153uvre grossi\u00e8re de victimisation quand l\u2019heure devrait \u00eatre aux explications apr\u00e8s l\u2019affaire Cohen Legrand\u00a0\u00bb, estime Arnaud Lagard\u00e8re. \u00ab\u00a0Ces propos mettent en cause le travail et l\u2019honorabilit\u00e9 de tous les journalistes et collaborateurs d\u2019Europe 1, ce que je ne peux tol\u00e9rer\u00a0\u00bb, a ajout\u00e9 le dirigeant, mettant en avant \u00ab\u00a0les obligations l\u00e9gales de pluralisme\u00a0\u00bb auxquelles est soumise sa radio.<\/p>\n<p>    Une affaire d\u2019abord largement comment\u00e9e par les m\u00e9dias Bollor\u00e9    <\/p>\n<p class=\"asset asset-text\">De son c\u00f4t\u00e9, la cha\u00eene Cnews, qualifi\u00e9e par Delphine Ernotte Cunci \u00ab\u00a0d\u2019extr\u00eame droite\u00a0\u00bb, a accus\u00e9 cette derni\u00e8re de vouloir \u00ab\u00a0masquer les questions l\u00e9gitimes\u00a0\u00bb sur l\u2019impartialit\u00e9 du service public. \u00ab\u00a0Delphine Ernotte Cunci a choisi d\u2019allumer de fa\u00e7on scandaleuse des contre-feux\u00a0\u00bb, a ajout\u00e9 la cha\u00eene, pointant \u00ab\u00a0des attaques qui ne font qu\u2019illustrer la g\u00eane que suscite chez ses concurrents le succ\u00e8s de Cnews\u00a0\u00bb, leader habituelle des cha\u00eenes info en part d\u2019audience.<\/p>\n<p class=\"asset asset-text\">Le conflit entre ces deux blocs a explos\u00e9 en d\u00e9but de semaine dans le sillage de l\u2019affaire Legrand-Cohen, deux journalistes du service public accus\u00e9s de connivence avec le PS. Dans l\u2019\u00e9mission Quotidien, ce jeudi soir, le journaliste Thomas Legrand s\u2019est d\u00e9fendu d\u2019avoir fait son travail et s\u2019en est \u00e9galement pris \u00e0 CNews, affirmant que sur la cha\u00eene \u00ab\u00a0il n\u2019y a plus de reportage, ils ne font que du commentaire\u00a0\u00bb.<\/p>\n<p class=\"asset asset-text\">Tout est parti d\u2019une vid\u00e9o diffus\u00e9e d\u00e9but septembre par le m\u00e9dia conservateur L\u2019Incorrect, qui a suscit\u00e9 une vive pol\u00e9mique politico-m\u00e9diatique. Depuis son d\u00e9clenchement, cette affaire a \u00e9t\u00e9 amplement comment\u00e9e sur CNews, Europe 1 et le Journal du dimanche (JDD), tous dans le giron de Vincent Bollor\u00e9, qui y ont vu un signe de parti pris politique du service public.<\/p>\n","protected":false},"excerpt":{"rendered":"JULIEN DE ROSA \/ AFP Arnaud Lagard\u00e8re, PDG du groupe Lagard\u00e8re, participe \u00e0 son audition devant la commission&hellip;\n","protected":false},"author":2,"featured_media":401402,"comment_status":"","ping_status":"","sticky":false,"template":"","format":"standard","meta":{"footnotes":""},"categories":[4],"tags":[11,47278,9722,251,1011,27,2400,500,12,13960,10316,25,17311],"class_list":{"0":"post-401401","1":"post","2":"type-post","3":"status-publish","4":"format-standard","5":"has-post-thumbnail","7":"category-france","8":"tag-actualites","9":"tag-arnaud-lagardere","10":"tag-cnews","11":"tag-culture","12":"tag-fr","13":"tag-france","14":"tag-france-televisions","15":"tag-medias","16":"tag-news","17":"tag-patrick-cohen","18":"tag-radio-france","19":"tag-republique-francaise","20":"tag-service-public"},"share_on_mastodon":{"url":"https:\/\/pubeurope.com\/@fr\/115228712887022245","error":""},"_links":{"self":[{"href":"https:\/\/www.europesays.com\/fr\/wp-json\/wp\/v2\/posts\/401401","targetHints":{"allow":["GET"]}}],"collection":[{"href":"https:\/\/www.europesays.com\/fr\/wp-json\/wp\/v2\/posts"}],"about":[{"href":"https:\/\/www.europesays.com\/fr\/wp-json\/wp\/v2\/types\/post"}],"author":[{"embeddable":true,"href":"https:\/\/www.europesays.com\/fr\/wp-json\/wp\/v2\/users\/2"}],"replies":[{"embeddable":true,"href":"https:\/\/www.europesays.com\/fr\/wp-json\/wp\/v2\/comments?post=401401"}],"version-history":[{"count":0,"href":"https:\/\/www.europesays.com\/fr\/wp-json\/wp\/v2\/posts\/401401\/revisions"}],"wp:featuredmedia":[{"embeddable":true,"href":"https:\/\/www.europesays.com\/fr\/wp-json\/wp\/v2\/media\/401402"}],"wp:attachment":[{"href":"https:\/\/www.europesays.com\/fr\/wp-json\/wp\/v2\/media?parent=401401"}],"wp:term":[{"taxonomy":"category","embeddable":true,"href":"https:\/\/www.europesays.com\/fr\/wp-json\/wp\/v2\/categories?post=401401"},{"taxonomy":"post_tag","embeddable":true,"href":"https:\/\/www.europesays.com\/fr\/wp-json\/wp\/v2\/tags?post=401401"}],"curies":[{"name":"wp","href":"https:\/\/api.w.org\/{rel}","templated":true}]}}