{"id":401419,"date":"2025-09-19T03:05:19","date_gmt":"2025-09-19T03:05:19","guid":{"rendered":"https:\/\/www.europesays.com\/fr\/401419\/"},"modified":"2025-09-19T03:05:19","modified_gmt":"2025-09-19T03:05:19","slug":"les-manifestants-repondent-massivement-a-lappel-du-18","status":"publish","type":"post","link":"https:\/\/www.europesays.com\/fr\/401419\/","title":{"rendered":"les manifestants r\u00e9pondent massivement \u00e0 l&rsquo;appel du 18"},"content":{"rendered":"<p>            Par<br \/>\n        <strong><br \/>\n            <a href=\"https:\/\/actu.fr\/auteur\/g-martin\" title=\"Consulter tous les articles de Gil Martin\" target=\"_blank\" rel=\"noopener\">Gil Martin<\/a><br \/>\n        <\/strong><\/p>\n<p>        Publi\u00e9 le<\/p>\n<p>            18 sept. 2025 \u00e0 17h16        <\/p>\n<p>Apr\u00e8s le succ\u00e8s du mouvement Bloquons Tout du 10 septembre dernier, <a href=\"https:\/\/actu.fr\/occitanie\/montpellier_34172\/bloquons-tout-a-montpellier-un-raz-de-maree-de-ras-le-bol_63144325.html\" target=\"_blank\" rel=\"noopener\">o\u00f9 8 000 \u00e0 10 000 personnes ont battu le pav\u00e9 dans les rues de Montpellier<\/a>, <strong>la manifestation<\/strong> de ce jeudi 18 septembre a <strong>tenu toutes ses promesses<\/strong>. Sous la houlette de <strong>l\u2019intersyndicale nationale<\/strong>, qui s\u2019est reform\u00e9e pour la premi\u00e8re fois depuis 2023 et la mobilisation contre la r\u00e9forme des retraites, <strong>plus de 15 000 personnes<\/strong> ont cette fois arpent\u00e9 <strong>les rues montpelli\u00e9raines<\/strong>.<\/p>\n<p>Une rampe de lancement ?<\/p>\n<p class=\" wall-content\">Si les syndicats annoncent 20 000 participants \u00e0 Montpellier, 4 000 \u00e0 B\u00e9ziers et 1 500 \u00e0 S\u00e8te contre 10 000, 2 500 et 1 200 pour les autorit\u00e9s, l\u2019essentiel est ailleurs : dans <strong>le succ\u00e8s populaire<\/strong> de ce rassemblement<strong> massif<\/strong> qui confirme l\u2019hostilit\u00e9 croissante des citoyens envers Emmanuel Macron et son(ses) gouvernement(s).<\/p>\n<p class=\" wall-content\">Et s\u2019il est encore trop t\u00f4t pour se projeter dans l\u2019avenir, la question s\u2019impose : face <strong>au ras-le-bol g\u00e9n\u00e9ral<\/strong> des politiques d\u2019aust\u00e9rit\u00e9 et des largesses accord\u00e9es aux plus riches et aux grands groupes, ces deux manifestations passeront-elles \u00e0 la post\u00e9rit\u00e9 comme <strong>la rampe de lancement<\/strong> d\u2019une plus importante mobilisation encore ?<\/p>\n<blockquote class=\"ac-article-quote wall-content\">\n<p>\u00ab\u00a0S\u2019il ne le fait pas, alors oui, moi je suis pr\u00eat \u00e0 la gr\u00e8ve g\u00e9n\u00e9rale\u00a0\u00bb<\/p>\n<p>    <strong\/>\n            <\/p><\/blockquote>\n<p class=\" wall-content\">Dans le cort\u00e8ge montpelli\u00e9rain, ils sont tr\u00e8s nombreux \u00e0 appeler <strong>\u00e0 la gr\u00e8ve g\u00e9n\u00e9rale<\/strong>, \u00e0 exprimer leur col\u00e8re ou leur d\u00e9tresse, assurant qu\u2019ils ne renonceront pas \u00e0 aller plus loin : \u00ab La situation est catastrophique. Tout le monde gal\u00e8re, tous ceux qui travaillent n\u2019y arrivent plus ou de moins en moins, et pendant ce temps, on discute pour savoir s\u2019il faut faire payer un tout petit peu plus les riches \u00e0 coup de 2% \u00bb, se d\u00e9sole Francis, la cinquantaine et une chasuble de la FSU sur les \u00e9paules.<\/p>\n<p>Vid\u00e9os : en ce moment sur Actu<\/p>\n<p class=\" wall-content\">\n<p class=\" wall-content\">\u00ab Il faut surtout commencer <strong>par mieux g\u00e9rer l\u2019argent public et respecter les citoyens \u00bb, <\/strong>poursuit-il. \u00ab Nous avons le droit \u00e0 la parole, bon dieu ! Et aujourd\u2019hui, la rue s\u2019exprime. Le plus important, pour changer les choses, <strong>c\u2019est que Macron s\u2019en aille<\/strong>. Maintenant. S\u2019il ne le fait pas, alors oui, moi je suis pr\u00eat <strong>\u00e0 la gr\u00e8ve g\u00e9n\u00e9rale<\/strong> \u00bb.<\/p>\n<p>Partager les richesses<\/p>\n<p class=\" wall-content\">C\u00e9lia, 33 ans, m\u00e8re de deux enfants, travaille dans un laboratoire pr\u00e8s de Montpellier. Elle n\u2019est pas une habitu\u00e9e des manifestations et confesse ne pas trop conna\u00eetre les syndicats\u00a0: \u00ab\u00a0J\u2019ai particip\u00e9 \u00e0 <strong>Bloquons Tout<\/strong> et j\u2019ai choisi de revenir aujourd\u2019hui, comme d\u2019autres copains. On a commenc\u00e9 quelque chose, il n\u2019est pas question de renoncer. Chez moi, <strong>les salaires sont bloqu\u00e9s<\/strong> depuis le Covid quasiment alors que le groupe est largement b\u00e9n\u00e9ficiaire. Tout a augment\u00e9, l\u2019\u00e9nergie, l\u2019alimentation, tout, mais pas mon salaire. J\u2019ai perdu <strong>plus de 200 \u20ac\u00a0par mois<\/strong> de pouvoir d\u2019achat et c\u2019est devenu vraiment difficile. Et dans tout \u00e7a, on nous explique qu\u2019il n\u2019y aura pas d\u2019augmentation cette ann\u00e9e encore. Il faut <strong>changer de mentalit\u00e9<\/strong> en France : les salari\u00e9s ont le droit de partager la richesse qu\u2019ils contribuent \u00e0 cr\u00e9er dans les entreprises par leur travail \u00bb. \u00a0\u00a0<\/p>\n<p>Votre r\u00e9gion, votre actu !<\/p>\n<p>Recevez chaque jour les infos qui comptent pour vous.<\/p>\n<p>\t<a href=\"https:\/\/actu.fr\/newsletter\" class=\"ac-btn ac-btn--corner ac-btn--medium ac-btn--blue800\" target=\"_blank\" rel=\"noopener\">S&rsquo;incrire<\/a><\/p>\n<blockquote class=\"ac-article-quote wall-content\">\n<p>\u00ab\u00a0Macron\u00a0s\u2019accroche comme un parasite\u00a0\u00bb<\/p>\n<p>    <strong\/>\n            <\/p><\/blockquote>\n<p class=\" wall-content\"><strong>Les jeunes<\/strong>, encore tr\u00e8s pr\u00e9sents ce jeudi, se montrent <strong>particuli\u00e8rement virulents<\/strong> envers un gouvernement et un pr\u00e9sident qu\u2019ils d\u00e9testent, mais ils sont aussi tr\u00e8s nombreux \u00e0 rejeter \u00ab le syst\u00e8me actuel. \u00ab C\u2019est quoi, ce truc ? Les gens votent mais on ne tient pas compte du r\u00e9sultat, et un pr\u00e9sident qui n\u2019a plus aucune l\u00e9gitimit\u00e9 reste en place ? \u00bb, fulmine Romain. Ce jeune animateur qui \u0153uvre dans un groupe du secteur social tranche : \u00ab Il faut des <strong>changements profonds<\/strong> mais pas que des personnes\u00a0: il faut r\u00e9tablir <strong>une vraie d\u00e9mocratie<\/strong> dans ce pays et permettre aux citoyens de participer aux d\u00e9cisions\u2026 Quand le pays ne t\u2019accorde plus sa confiance, tu t\u2019en vas, c\u2019est la moindre des choses. D\u2019autres l\u2019ont fait mais Macron\u00a0s\u2019accroche comme un parasite \u00bb.<\/p>\n<p>Plus de 15 000 manifestants<br \/>\n    <img   decoding=\"async\" loading=\"lazy\" src=\"https:\/\/www.europesays.com\/fr\/wp-content\/uploads\/2025\/09\/photo-manif-1809-foule-960x640.jpg\" alt=\"Ce jeudi 18 septembre, 15 000 personnes au moins ont d\u00e9fil\u00e9 dans les rues de Montpellier\" width=\"960\" height=\"640\"\/><br \/>\n    Ce jeudi 18 septembre, 15 000 personnes au moins ont d\u00e9fil\u00e9 dans les rues de Montpellier (\u00a9Gil Martin\/M\u00e9tropolitain)<\/p>\n<p class=\" wall-content\">Ce jeudi, la foule partie de la place Albert 1er avance dans la bonne humeur vers la Com\u00e9die qu\u2019elle rejoindra en 45 minutes \u00e0 peine. Une sorte de <strong>manif-flash<\/strong>, <strong>condens\u00e9e mais puissante,<\/strong> dont on pourra appr\u00e9cier depuis le pont du Peyrou la longueur et la densit\u00e9. Vers 11h30, alors que le flot de manifestants passe sous l\u2019ouvrage, les premiers chiffres circulent\u00a0: au moins 10 000 manifestants, puis 12 000 alors que le flux ne faiblit pas. Entre les chiffres de la pr\u00e9fecture et ceux des syndicats, on peut assurer qu\u2019au final, <strong>plus de 15 000 personnes<\/strong> ont bien manifest\u00e9 dans les rues surchauff\u00e9es de Montpellier.<\/p>\n<p>CRS, identitaires : des frictions dans l&rsquo;apr\u00e8s-midi<\/p>\n<p>En d\u00e9but d\u2019apr\u00e8s-midi, plusieurs \u00e9v\u00e8nements sont venus animer la place de la Com\u00e9die et, plus largement, le centre-ville montpelli\u00e9rain. Alors que la manifestation s\u2019\u00e9tait pass\u00e9e sans heurts, un groupe d\u2019une vingtaine de jeunes hommes tous de noir v\u00eatus ont remont\u00e9 l\u2019Esplanade \u00e0 13h30, drapeau bleu-blanc-rouge flottant, narguant les manifestants. Ce groupe, visiblement rattach\u00e9 \u00e0 l\u2019extr\u00eame-droite et aux mouvances identitaires, a travers\u00e9 la Com\u00e9die serr\u00e9 de pr\u00e8s par plusieurs centaines de manifestants. Ils se sont post\u00e9s au pied de la fontaine des 3 Gr\u00e2ces pour un face \u00e0 face tr\u00e8s tendu avec la foule. Finalement, les CRS \u00e9vacueront ce groupe pour \u00e9viter une brutale confrontation et essuieront des chants hostiles, notamment des \u00ab\u00a0ACAB\u00a0\u00bb.<br \/>Plus tard, vers 14h, les CRS donneront la charge sur les manifestants du c\u00f4t\u00e9 du Pont de Lattes avant que des bombes lacrymog\u00e8nes n\u2019explosent entre la place de la Com\u00e9die et l\u2019esplanade Charles de Gaule vers 14h30. Peu apr\u00e8s 15h, le calme g\u00e9n\u00e9ral \u00e9tait revenu sur la ville o\u00f9 l\u2019on ne constate que peu de d\u00e9bordements. Les impressionnants Centaures, les nouveaux v\u00e9hicules d&rsquo;intervention des forces de l&rsquo;ordre plac\u00e9s sur la Com\u00e9die comme des cerb\u00e8res mena\u00e7ants, n&rsquo;ont pas eu \u00e0 intervenir.<\/p>\n<p class=\" wall-content\">\u00a0.<\/p>\n<p class=\" wall-content\">Personnalisez votre actualit\u00e9 en ajoutant vos villes et m\u00e9dias en favori avec <a href=\"https:\/\/moncompte.actu.fr\" title=\"D\u00e9couvez Mon Actu\" rel=\"nofollow noopener\" data-trk=\"{&quot;cta&quot;:{&quot;action&quot;:&quot;https:\\\/\\\/moncompte.actu.fr&quot;,&quot;category&quot;:&quot;mon compte&quot;,&quot;from&quot;:&quot;article footer&quot;,&quot;name&quot;:&quot;Mon actu&quot;,&quot;type&quot;:&quot;cta&quot;}}\" target=\"_blank\">Mon Actu<\/a>.<\/p>\n","protected":false},"excerpt":{"rendered":"Par Gil Martin Publi\u00e9 le 18 sept. 2025 \u00e0 17h16 Apr\u00e8s le succ\u00e8s du mouvement Bloquons Tout du&hellip;\n","protected":false},"author":2,"featured_media":401420,"comment_status":"","ping_status":"","sticky":false,"template":"","format":"standard","meta":{"footnotes":""},"categories":[9599],"tags":[1111,11,1777,674,1011,27,52713,2208,12,2680,25,104],"class_list":{"0":"post-401419","1":"post","2":"type-post","3":"status-publish","4":"format-standard","5":"has-post-thumbnail","7":"category-montpellier","8":"tag-actu","9":"tag-actualites","10":"tag-eu","11":"tag-europe","12":"tag-fr","13":"tag-france","14":"tag-greve-du-18-septembre","15":"tag-montpellier","16":"tag-news","17":"tag-occitanie","18":"tag-republique-francaise","19":"tag-societe"},"share_on_mastodon":{"url":"https:\/\/pubeurope.com\/@fr\/115228752737755724","error":""},"_links":{"self":[{"href":"https:\/\/www.europesays.com\/fr\/wp-json\/wp\/v2\/posts\/401419","targetHints":{"allow":["GET"]}}],"collection":[{"href":"https:\/\/www.europesays.com\/fr\/wp-json\/wp\/v2\/posts"}],"about":[{"href":"https:\/\/www.europesays.com\/fr\/wp-json\/wp\/v2\/types\/post"}],"author":[{"embeddable":true,"href":"https:\/\/www.europesays.com\/fr\/wp-json\/wp\/v2\/users\/2"}],"replies":[{"embeddable":true,"href":"https:\/\/www.europesays.com\/fr\/wp-json\/wp\/v2\/comments?post=401419"}],"version-history":[{"count":0,"href":"https:\/\/www.europesays.com\/fr\/wp-json\/wp\/v2\/posts\/401419\/revisions"}],"wp:featuredmedia":[{"embeddable":true,"href":"https:\/\/www.europesays.com\/fr\/wp-json\/wp\/v2\/media\/401420"}],"wp:attachment":[{"href":"https:\/\/www.europesays.com\/fr\/wp-json\/wp\/v2\/media?parent=401419"}],"wp:term":[{"taxonomy":"category","embeddable":true,"href":"https:\/\/www.europesays.com\/fr\/wp-json\/wp\/v2\/categories?post=401419"},{"taxonomy":"post_tag","embeddable":true,"href":"https:\/\/www.europesays.com\/fr\/wp-json\/wp\/v2\/tags?post=401419"}],"curies":[{"name":"wp","href":"https:\/\/api.w.org\/{rel}","templated":true}]}}