{"id":401423,"date":"2025-09-19T03:09:26","date_gmt":"2025-09-19T03:09:26","guid":{"rendered":"https:\/\/www.europesays.com\/fr\/401423\/"},"modified":"2025-09-19T03:09:26","modified_gmt":"2025-09-19T03:09:26","slug":"15-000-manifestants-dans-les-rues-jen-ai-marre-davoir-peur","status":"publish","type":"post","link":"https:\/\/www.europesays.com\/fr\/401423\/","title":{"rendered":"15 000 manifestants dans les rues, \u00ab\u00a0J&rsquo;en ai marre d&rsquo;avoir peur\u00a0\u00bb"},"content":{"rendered":"<p>            Par<br \/>\n        <strong><br \/>\n            <a href=\"https:\/\/actu.fr\/auteur\/lisa-rodrigues\" title=\"Consulter tous les articles de Lisa Rodrigues\" target=\"_blank\" rel=\"noopener\">Lisa Rodrigues<\/a><br \/>\n        <\/strong><\/p>\n<p>        Publi\u00e9 le<\/p>\n<p>            18 sept. 2025 \u00e0 16h36        <\/p>\n<p>La mobilisation pour la journ\u00e9e du 18 septembre a \u00e9t\u00e9 suivie \u00e0 <a href=\"https:\/\/actu.fr\/auvergne-rhone-alpes\/grenoble_38185\" target=\"_blank\" rel=\"noopener\">Grenoble<\/a>. L\u2019intersyndicale is\u00e9roise a annonc\u00e9 une manifestation d\u00e9clar\u00e9e au d\u00e9part du croisement avenue Alsace-Lorraine et cours Jean-Jaur\u00e8s, avant de rejoindre les boulevards (Mar\u00e9chal-Foch et Gambetta) pour terminer sur la place Verdun en passant par la rue Lesdigui\u00e8res.<\/p>\n<p class=\" wall-content\">Le cort\u00e8ge s\u2019est \u00e9lanc\u00e9 vers 10h30 dans une ambiance bon enfant. Les repr\u00e9sentants de l\u2019intersyndicale ont annonc\u00e9 <strong>15 000 participants<\/strong> pour cette journ\u00e9e, contre 9 500 selon la pr\u00e9fecture.<\/p>\n<p>Une r\u00e9ussite pour les syndicats<\/p>\n<p class=\" wall-content\">Sur le boulevard Mar\u00e9chal-Foch, ces membres d\u2019un des syndicats organisateurs \u00e9voquent plut\u00f4t le chiffre de 30 000 personnes. \u00ab\u00a0Au d\u00e9part, il y avait moins de monde, mais beaucoup sont venus se rajouter en cours de route\u00a0\u00bb, assurent-ils \u00e0 la r\u00e9daction.<\/p>\n<p>    <img   decoding=\"async\" loading=\"lazy\" src=\"https:\/\/www.europesays.com\/fr\/wp-content\/uploads\/2025\/09\/manif-18-septembre-grenoble-jean-jaures-2-960x640.jpeg\" alt=\"Le cort\u00e8ge du 18 septembre \u00e0 Grenoble a emprunt\u00e9 un itin\u00e9raire d\u00e9clar\u00e9, passant par les boulevards avant de rejoindre la place Verdun.\" width=\"960\" height=\"640\"\/><br \/>\n    Le cort\u00e8ge du 18 septembre \u00e0 Grenoble a emprunt\u00e9 un itin\u00e9raire d\u00e9clar\u00e9, passant par les boulevards avant de rejoindre la place Verdun. (\u00a9Lisa Rodrigues \/ actu Grenoble)<\/p>\n<p class=\" wall-content\">Mais tous s\u2019accordent sur un point : la manifestation du 18 septembre est une r\u00e9ussite. \u00ab\u00a0On va arriver sur <strong>20 000 personnes mobilis\u00e9es sur le d\u00e9partement<\/strong> en fin de journ\u00e9e, c\u2019est une bonne chose\u00a0\u00bb, insiste Nicolas Beno\u00eet, secr\u00e9taire d\u00e9partemental de la CGT.<\/p>\n<blockquote class=\"ac-article-quote wall-content\">\n<p>Les gens font encore la d\u00e9monstration, qu&rsquo;en plus du 10 septembre, il y a une puissante manifestation sur Grenoble. Ils font la d\u00e9monstration qu&rsquo;ils sont aujourd&rsquo;hui toujours en col\u00e8re.<\/p>\n<p>    <strong>Nicolas Beno\u00eet<\/strong><br \/>\n        Secr\u00e9taire d\u00e9partemental de la CGT    <\/p><\/blockquote>\n<p>\u00ab\u00a0On est l\u00e0 pour faire entendre nos voix\u00a0\u00bb<\/p>\n<p class=\" wall-content\">Cette col\u00e8re, on la retrouve chez Robin, 36 ans. \u00ab\u00a0On a le sentiment de se faire broyer depuis des ann\u00e9es, avec une <a href=\"https:\/\/actu.fr\/politique\/juge-tres-injuste-le-gouvernement-ferme-la-porte-a-un-impot-sur-les-ultra-riches-pour-le-budget-2026_62920866.html\" target=\"_blank\" rel=\"noopener\">concentration des richesses<\/a> toujours plus importante.\u00a0\u00bb S\u2019il est venu manifester, c\u2019est aussi \u00ab\u00a0pour contester le chantage \u00e0 la dette\u00a0\u00bb et \u00ab\u00a0la politique d\u2019aust\u00e9rit\u00e9\u00a0\u00bb qui l\u2019accompagne. En tant qu\u2019artiste, il d\u00e9plore \u00e9galement une diminution des moyens \u00ab\u00a0dans le secteur culturel, alors que cela devrait \u00eatre de l\u2019ordre du service public\u00a0\u00bb.<\/p>\n<p>Votre r\u00e9gion, votre actu !<\/p>\n<p>Recevez chaque jour les infos qui comptent pour vous.<\/p>\n<p>\t<a href=\"https:\/\/actu.fr\/newsletter\" class=\"ac-btn ac-btn--corner ac-btn--medium ac-btn--blue800\" target=\"_blank\" rel=\"noopener\">S&rsquo;incrire<\/a><\/p>\n<p class=\" wall-content\">Un peu plus loin, C\u00e9line, 45 ans, \u00e9ducatrice sp\u00e9cialis\u00e9e, et Audrey, enseignante de 50 ans, sont, elles aussi, venues manifester. \u00ab\u00a0On montre qu\u2019on veut des choix politiques diff\u00e9rents, plus sociaux et dans la solidarit\u00e9, explique Audrey. Il y a nos revendications professionnelles, mais le mouvement est tr\u00e8s large et rassemble des gens de pleins de professions diff\u00e9rentes.\u00a0\u00bb<\/p>\n<p class=\" wall-content\">\u00ab\u00a0On est l\u00e0 pour faire entendre nos voix. <strong>On n\u2019est pas trop \u00e9cout\u00e9s par les urnes<\/strong>, donc il faut bien montrer son investissement d\u2019une autre fa\u00e7on\u00a0\u00bb, abonde C\u00e9line.\u00a0<\/p>\n<p class=\" wall-content\">Marylou, 27 ans, est charg\u00e9e de communication. \u00ab\u00a0C\u2019est une indignation ce qui se passe dans notre pays aujourd\u2019hui, clame Marylou, 27 ans, charg\u00e9e de communication. Je suis maman de deux enfants et j\u2019ai s\u00e9rieusement peur pour leur avenir. <strong>Et j\u2019en ai marre d\u2019avoir peur<\/strong>\u00ab\u00a0. Elle esp\u00e8re \u00ab\u00a0un avenir plus juste, m\u00eame si l\u2019espoir, il n\u2019est plus trop l\u00e0. Mais on continue \u00e0 marcher pour tous ces gens qui sont \u00e0 leur fen\u00eatre et qui nous applaudisse.\u00a0\u00bb<\/p>\n<p>Aucun incident \u00e0 signaler<\/p>\n<p class=\" wall-content\">La manifestation s\u2019est d\u00e9roul\u00e9e <strong>dans le calme<\/strong> et sous surveillance des forces de l\u2019ordre qui, <a href=\"https:\/\/actu.fr\/auvergne-rhone-alpes\/grenoble_38185\/bloquons-tout-le-10-septembre-a-grenoble-et-en-isere-voici-le-dispositif-de-securite-xxl_63137649.html\" target=\"_blank\" rel=\"noopener\">comme pour le 10 septembre<\/a>, \u00e9taient mobilis\u00e9es en nombre par la pr\u00e9fecture de l\u2019<a href=\"https:\/\/actu.fr\/auvergne-rhone-alpes\/isere_38\" target=\"_blank\" rel=\"noopener\">Is\u00e8re<\/a>. Aucun incident ou interpellation n\u2019a \u00e9t\u00e9 recens\u00e9 par les autorit\u00e9s.<\/p>\n<blockquote class=\"tiktok-embed\" cite=\"https:\/\/www.tiktok.com\/@actufrgrenoble\/video\/7551446560685460758\" data-video-id=\"7551446560685460758\" data-embed-from=\"oembed\" style=\"max-width:605px; min-width:325px;\"><p>\n<a target=\"_blank\" title=\"@actufrgrenoble\" href=\"https:\/\/www.tiktok.com\/@actufrgrenoble?refer=embed\" rel=\"noopener\">@actufrgrenoble<\/a> <\/p>\n<p>\ud83d\udce2 L\u2019appel \u00e0 la gr\u00e8ve et \u00e0 manifester jeudi 18 septembre, lanc\u00e9 par l\u2019intersyndicale, a \u00e9t\u00e9 suivi \u00e0 Grenoble  15 000 personnes se sont rassembl\u00e9es, selon les organisateurs \u270a\ufe0f <a title=\"actu\" target=\"_blank\" href=\"https:\/\/www.tiktok.com\/tag\/actu?refer=embed\" rel=\"noopener\">#actu<\/a> <a title=\"foryou\" target=\"_blank\" href=\"https:\/\/www.tiktok.com\/tag\/foryou?refer=embed\" rel=\"noopener\">#foryou<\/a> <a title=\"pourtoii\" target=\"_blank\" href=\"https:\/\/www.tiktok.com\/tag\/pourtoii?refer=embed\" rel=\"noopener\">#pourtoii<\/a> <a title=\"18septembre\" target=\"_blank\" href=\"https:\/\/www.tiktok.com\/tag\/18septembre?refer=embed\" rel=\"noopener\">#18septembre<\/a> <a title=\"strike\" target=\"_blank\" href=\"https:\/\/www.tiktok.com\/tag\/strike?refer=embed\" rel=\"noopener\">#strike<\/a> <\/p>\n<p> <a target=\"_blank\" title=\"\u266c Patriotism - Celebrity\" href=\"https:\/\/www.tiktok.com\/music\/Patriotism-7285052194733246466?refer=embed\" rel=\"noopener\">\u266c Patriotism \u2013 Celebrity<\/a> <\/p>\n<\/blockquote>\n<p class=\" wall-content\">En tout d\u00e9but de journ\u00e9e, trois lyc\u00e9es grenoblois \u2013 Stendhal, Argouges et le lyc\u00e9e international \u2013 ont vu une op\u00e9ration de blocage et de filtrage se mettre en place, avant qu\u2019une partie des lyc\u00e9ens ne rejoignent le cort\u00e8ge.<\/p>\n<p>Trois manifestations sur une journ\u00e9e<\/p>\n<p class=\" wall-content\">Deux autres manifestations, en plus de celle de l\u2019intersyndicale, \u00e9taient au programme \u00e0 Grenoble ce jeudi.<\/p>\n<p class=\" wall-content\">\n<p class=\" wall-content\">En d\u00e9but d\u2019apr\u00e8s-midi, le <strong>mouvement \u00ab\u00a0Bloquons tout\u00a0\u00bb<\/strong> a appel\u00e9 \u00e0 un rassemblement au parc Paul-Mistral. Une partie des manifestants a ensuite occup\u00e9 <a href=\"https:\/\/actu.fr\/auvergne-rhone-alpes\/grenoble_38185\/grenoble-ce-lieu-emblematique-ferme-definitivement-ca-fait-peur-pour-l-avenir_62769559.html\" target=\"_blank\" rel=\"noopener\">la Bobine<\/a>, ancien lieu culturel r\u00e9cemment ferm\u00e9 pour raisons financi\u00e8res.<\/p>\n<p>    <a href=\"https:\/\/www.facebook.com\/plugins\/post.php?href=https%3A%2F%2Fwww.facebook.com%2Fsolidaires.isere%2Fposts%2Fpfbid0QA9t5CXTP8Av4HczcL9NjiBNiw3XKerK3NWH5XwAgoBCq82zNgTsVsdPQHHjFYn6l&amp;show_text=true&amp;width=350\" title=\"Ouvrie le lien\" target=\"_blank\" rel=\"noopener\">Cliquez ici pour visualiser le contenu<\/a><\/p>\n<p class=\" wall-content\">La journ\u00e9e de mobilisation doit se terminer avec un <strong>cort\u00e8ge de pharmaciens<\/strong>, d\u00e9non\u00e7ant notamment <a href=\"https:\/\/actu.fr\/auvergne-rhone-alpes\/grenoble_38185\/isere-ces-pharmacies-n-ouvriront-pas-ce-samedi-on-a-le-sentiment-d-etre-maltraites_63038498.html\" target=\"_blank\" rel=\"noopener\">un arr\u00eat\u00e9 gouvernemental<\/a> r\u00e9duisant leurs marges.<\/p>\n<p>\u00ab\u00a0Cette r\u00e9volte ne va pas s\u2019arr\u00eater\u00a0\u00bb<\/p>\n<p class=\" wall-content\">Forc\u00e9ment, se pose la question de l\u2019apr\u00e8s-18 septembre : <strong>la mobilisation va-t-elle continuer ?<\/strong> \u00ab\u00a0Difficile de le savoir, estime Robin. En tout cas, on est de plus en plus nombreux \u00e0 \u00eatre indign\u00e9s et r\u00e9volt\u00e9s. Cette r\u00e9volte ne va pas s\u2019arr\u00eater tant qu\u2019il n\u2019y aura pas de mesures concr\u00e8tes.\u00a0\u00bb<\/p>\n<p class=\" wall-content\">\u00ab\u00a0J\u2019avoue, je n\u2019ai pas le temps en temps que jeune maman. Mais tant qu\u2019il y aura des gens dans la rue, on continuera \u00e0 les soutenir, m\u00eame si on a moins le temps, m\u00eame si \u00e7a a un <a href=\"https:\/\/actu.fr\/economie\/salaires-est-on-paye-quand-on-fait-greve_56681621.html\" target=\"_blank\" rel=\"noopener\">impact sur nos salaires<\/a>, affirme Marylou. Parce qu\u2019on n\u2019est pas d\u2019accord avec ce qu\u2019il se passe.\u00a0\u00bb<\/p>\n<p class=\" wall-content\">Du c\u00f4t\u00e9 de l\u2019intersyndicale is\u00e9roise, elle doit se r\u00e9unir vendredi 19 septembre \u00ab\u00a0pour regarder comment on m\u00e8ne les suites dans la dur\u00e9e, souffle Nicolas Beno\u00eet. On va mettre ce budget sous surveillance populaire et des travailleurs. <strong>On veut des actes<\/strong> sur les salaires, sur les pensions et les services publics.\u00a0\u00bb<\/p>\n<p class=\" wall-content\">Personnalisez votre actualit\u00e9 en ajoutant vos villes et m\u00e9dias en favori avec <a href=\"https:\/\/moncompte.actu.fr\" title=\"D\u00e9couvez Mon Actu\" rel=\"nofollow noopener\" data-trk=\"{&quot;cta&quot;:{&quot;action&quot;:&quot;https:\\\/\\\/moncompte.actu.fr&quot;,&quot;category&quot;:&quot;mon compte&quot;,&quot;from&quot;:&quot;article footer&quot;,&quot;name&quot;:&quot;Mon actu&quot;,&quot;type&quot;:&quot;cta&quot;}}\" target=\"_blank\">Mon Actu<\/a>.<\/p>\n<p>                    <script async src=\"\/\/www.tiktok.com\/embed.js\"><\/script><\/p>\n","protected":false},"excerpt":{"rendered":"Par Lisa Rodrigues Publi\u00e9 le 18 sept. 2025 \u00e0 16h36 La mobilisation pour la journ\u00e9e du 18 septembre&hellip;\n","protected":false},"author":2,"featured_media":401424,"comment_status":"","ping_status":"","sticky":false,"template":"","format":"standard","meta":{"footnotes":""},"categories":[9566],"tags":[1111,11,2430,1777,674,1011,27,2731,52713,1272,12,25,104],"class_list":{"0":"post-401423","1":"post","2":"type-post","3":"status-publish","4":"format-standard","5":"has-post-thumbnail","7":"category-grenoble","8":"tag-actu","9":"tag-actualites","10":"tag-auvergne-rhone-alpes","11":"tag-eu","12":"tag-europe","13":"tag-fr","14":"tag-france","15":"tag-grenoble","16":"tag-greve-du-18-septembre","17":"tag-manifestations","18":"tag-news","19":"tag-republique-francaise","20":"tag-societe"},"share_on_mastodon":{"url":"https:\/\/pubeurope.com\/@fr\/115228768489305615","error":""},"_links":{"self":[{"href":"https:\/\/www.europesays.com\/fr\/wp-json\/wp\/v2\/posts\/401423","targetHints":{"allow":["GET"]}}],"collection":[{"href":"https:\/\/www.europesays.com\/fr\/wp-json\/wp\/v2\/posts"}],"about":[{"href":"https:\/\/www.europesays.com\/fr\/wp-json\/wp\/v2\/types\/post"}],"author":[{"embeddable":true,"href":"https:\/\/www.europesays.com\/fr\/wp-json\/wp\/v2\/users\/2"}],"replies":[{"embeddable":true,"href":"https:\/\/www.europesays.com\/fr\/wp-json\/wp\/v2\/comments?post=401423"}],"version-history":[{"count":0,"href":"https:\/\/www.europesays.com\/fr\/wp-json\/wp\/v2\/posts\/401423\/revisions"}],"wp:featuredmedia":[{"embeddable":true,"href":"https:\/\/www.europesays.com\/fr\/wp-json\/wp\/v2\/media\/401424"}],"wp:attachment":[{"href":"https:\/\/www.europesays.com\/fr\/wp-json\/wp\/v2\/media?parent=401423"}],"wp:term":[{"taxonomy":"category","embeddable":true,"href":"https:\/\/www.europesays.com\/fr\/wp-json\/wp\/v2\/categories?post=401423"},{"taxonomy":"post_tag","embeddable":true,"href":"https:\/\/www.europesays.com\/fr\/wp-json\/wp\/v2\/tags?post=401423"}],"curies":[{"name":"wp","href":"https:\/\/api.w.org\/{rel}","templated":true}]}}