{"id":401425,"date":"2025-09-19T03:10:18","date_gmt":"2025-09-19T03:10:18","guid":{"rendered":"https:\/\/www.europesays.com\/fr\/401425\/"},"modified":"2025-09-19T03:10:18","modified_gmt":"2025-09-19T03:10:18","slug":"je-lui-dois-ma-vocation-jean-pierre-berthome-historien-du-cinema-est-decede","status":"publish","type":"post","link":"https:\/\/www.europesays.com\/fr\/401425\/","title":{"rendered":"\u00ab\u00a0Je lui dois ma vocation\u00a0\u00bb, Jean-Pierre Berthom\u00e9, historien du cin\u00e9ma, est d\u00e9c\u00e9d\u00e9"},"content":{"rendered":"<p><strong>\u00ab\u00a0Je lui dois ma vocation.\u00a0\u00bb <\/strong>Hussam Hindi, lui-m\u00eame enseignant en cin\u00e9ma, fondateur du festival rennais Travelling en 1990 et longtemps directeur artistique du festival du film britannique de Dinard, salue la m\u00e9moire de <a href=\"https:\/\/rennes.maville.com\/info\/info-locale\/le-cinema-un-art-ephemere-1911984\" target=\"_blank\" rel=\"noopener\">Jean-Pierre Berthom\u00e9,<\/a> d\u00e9c\u00e9d\u00e9 vendredi 12\u00a0septembre, \u00e0 l\u2019\u00e2ge de 80\u00a0ans.<\/p>\n<p>Professeur \u00e9m\u00e9rite d\u2019\u00e9tudes cin\u00e9matographiques \u00e0 l\u2019universit\u00e9 Rennes 2, il \u00e9tait l\u2019auteur d\u2019une douzaine d\u2019ouvrages, consacr\u00e9s notamment aux d\u00e9cors de cin\u00e9ma, mais aussi aux<a href=\"https:\/\/nantes.maville.com\/info\/info-locale\/jacques-demy-et-les-racines-du-reve-2913328\" target=\"_blank\" rel=\"noopener\"> r\u00e9alisateurs Jacques Demy,<\/a> Orson Welles, Max Ophuls, ainsi qu\u2019au d\u00e9corateur Alexandre Trauner.<\/p>\n<p><strong>\u00ab\u00a0J\u2019ai suivi ses cours, bien avant la naissance de Travelling, alors que j\u2019\u00e9tais inscrit en doctorat d\u2019arts plastiques et que le d\u00e9partement cin\u00e9ma n\u2019existait pas encore \u00e0 Rennes 2, <\/strong>se souvient Hussam Hindi. <strong>Je lui dois mes premiers \u00e9mois cin\u00e9matographiques. Les cours de Jean-Pierre tenaient davantage du r\u00e9cit qu\u2019il nous racontait avec cette facilit\u00e9 \u00e0 parler de l\u2019envers du d\u00e9cor\u00a0: les mouvements de cam\u00e9ra, le cadrage, la musique\u2026 Il m\u2019a transmis cette envie d\u2019analyser, de d\u00e9cortiquer un film.\u00a0\u00bb<\/strong><\/p>\n<p>\u00c9galement critique, l\u2019enseignant-chercheur avait longtemps collabor\u00e9 \u00e0 la revue Positif. <strong>\u00ab\u00a0\u00c0 la fin des ann\u00e9es 1980, nous \u00e9tions all\u00e9s le voir \u00e0 sept ou huit passionn\u00e9s. Nous voulions cr\u00e9er un festival de cin\u00e9ma, mais\u00a0nous n\u2019avions rien\u2026 Jean-Pierre nous avait encourag\u00e9s, conseill\u00e9s. Il nous a longtemps accompagn\u00e9s et faisait m\u00eame partie du jury de la premi\u00e8re \u00e9dition de Travelling.\u00a0\u00bb<\/strong><\/p>\n<p>\u00c0 sa retraite, Jean-Pierre Berthom\u00e9 \u00e9tait parti s\u2019installer \u00e0 Saint-Malo o\u00f9 ses obs\u00e8ques auront lieu au cr\u00e9matorium, mardi, \u00e0 10\u00a0h.<\/p>\n<p>\u00a0<\/p>\n","protected":false},"excerpt":{"rendered":"\u00ab\u00a0Je lui dois ma vocation.\u00a0\u00bb Hussam Hindi, lui-m\u00eame enseignant en cin\u00e9ma, fondateur du festival rennais Travelling en 1990&hellip;\n","protected":false},"author":2,"featured_media":401426,"comment_status":"","ping_status":"","sticky":false,"template":"","format":"standard","meta":{"footnotes":""},"categories":[2821],"tags":[1111,11,18464,829,650,1762,1777,674,1011,27,32161,14194,12,584,25,53292],"class_list":{"0":"post-401425","1":"post","2":"type-post","3":"status-publish","4":"format-standard","5":"has-post-thumbnail","7":"category-rennes","8":"tag-actu","9":"tag-actualites","10":"tag-berthome","11":"tag-bretagne","12":"tag-cinema","13":"tag-decede","14":"tag-eu","15":"tag-europe","16":"tag-fr","17":"tag-france","18":"tag-historien","19":"tag-jean-pierre","20":"tag-news","21":"tag-rennes","22":"tag-republique-francaise","23":"tag-vocation"},"share_on_mastodon":{"url":"https:\/\/pubeurope.com\/@fr\/115228771869804024","error":""},"_links":{"self":[{"href":"https:\/\/www.europesays.com\/fr\/wp-json\/wp\/v2\/posts\/401425","targetHints":{"allow":["GET"]}}],"collection":[{"href":"https:\/\/www.europesays.com\/fr\/wp-json\/wp\/v2\/posts"}],"about":[{"href":"https:\/\/www.europesays.com\/fr\/wp-json\/wp\/v2\/types\/post"}],"author":[{"embeddable":true,"href":"https:\/\/www.europesays.com\/fr\/wp-json\/wp\/v2\/users\/2"}],"replies":[{"embeddable":true,"href":"https:\/\/www.europesays.com\/fr\/wp-json\/wp\/v2\/comments?post=401425"}],"version-history":[{"count":0,"href":"https:\/\/www.europesays.com\/fr\/wp-json\/wp\/v2\/posts\/401425\/revisions"}],"wp:featuredmedia":[{"embeddable":true,"href":"https:\/\/www.europesays.com\/fr\/wp-json\/wp\/v2\/media\/401426"}],"wp:attachment":[{"href":"https:\/\/www.europesays.com\/fr\/wp-json\/wp\/v2\/media?parent=401425"}],"wp:term":[{"taxonomy":"category","embeddable":true,"href":"https:\/\/www.europesays.com\/fr\/wp-json\/wp\/v2\/categories?post=401425"},{"taxonomy":"post_tag","embeddable":true,"href":"https:\/\/www.europesays.com\/fr\/wp-json\/wp\/v2\/tags?post=401425"}],"curies":[{"name":"wp","href":"https:\/\/api.w.org\/{rel}","templated":true}]}}