{"id":401427,"date":"2025-09-19T03:11:10","date_gmt":"2025-09-19T03:11:10","guid":{"rendered":"https:\/\/www.europesays.com\/fr\/401427\/"},"modified":"2025-09-19T03:11:10","modified_gmt":"2025-09-19T03:11:10","slug":"la-ligne-aerienne-rennes-marrakech-renforcee-ouverture-dune-ligne-vers-agadir-maroc","status":"publish","type":"post","link":"https:\/\/www.europesays.com\/fr\/401427\/","title":{"rendered":"la ligne a\u00e9rienne Rennes-Marrakech renforc\u00e9e, ouverture d&rsquo;une ligne vers Agadir (Maroc)"},"content":{"rendered":"<p>La communaut\u00e9 marocaine install\u00e9e en Ille-et-Vilaine et notamment \u00e0 Rennes est num\u00e9riquement tr\u00e8s importante et en croissance constante. Cette communaut\u00e9 pourra d\u00e9sormais faire des aller-retours entre son pays et la Bretagne aussi souvent qu\u2019elle le souhaite gr\u00e2ce au renforcement de la ligne a\u00e9rienne Rennes-Marrakech au d\u00e9part de <a href=\"https:\/\/www.facebook.com\/RennesAeroport?fref=ts\" target=\"_blank\" rel=\"noopener\">l\u2019a\u00e9roport de Saint-Jacques de la Lande<\/a>. En effet, d\u00e9sormais cette ligne offrira des vols aller-retour <strong>deux fois par semaine<\/strong> et toute l\u2019ann\u00e9e !<\/p>\n<p>Et puisque cette communaut\u00e9 est originaire de diff\u00e9rents points du Maroc, l\u2019a\u00e9roport ouvre le 22 octobre prochain une ligne directe pour Agadir, l\u00e0 aussi \u00e0 raison de deux vols par semaine.<\/p>\n<p>Les liaisons vers le Maroc sont les seuls vols direct vers l\u2019Afrique disponibles \u00e0 l\u2019a\u00e9roport de Rennes Saint-Jacques.<\/p>\n<p>Cr\u00e9dit photo : DR<br \/>[cc] Article relu et corrig\u00e9 par ChatGPT.<\/p>\n<p>Breizh-info.com, 2025, d\u00e9p\u00eaches libres de copie et de diffusion sous r\u00e9serve de mention et de lien vers la source d\u2019origine<\/p>\n","protected":false},"excerpt":{"rendered":"La communaut\u00e9 marocaine install\u00e9e en Ille-et-Vilaine et notamment \u00e0 Rennes est num\u00e9riquement tr\u00e8s importante et en croissance constante.&hellip;\n","protected":false},"author":2,"featured_media":401428,"comment_status":"","ping_status":"","sticky":false,"template":"","format":"standard","meta":{"footnotes":""},"categories":[2821],"tags":[1111,11,21542,53293,11788,829,1777,674,1011,27,16907,12,584,25],"class_list":{"0":"post-401427","1":"post","2":"type-post","3":"status-publish","4":"format-standard","5":"has-post-thumbnail","7":"category-rennes","8":"tag-actu","9":"tag-actualites","10":"tag-aeroport-de-rennes","11":"tag-aeroport-rennes-saint-jacques","12":"tag-agadir","13":"tag-bretagne","14":"tag-eu","15":"tag-europe","16":"tag-fr","17":"tag-france","18":"tag-marrakech","19":"tag-news","20":"tag-rennes","21":"tag-republique-francaise"},"share_on_mastodon":{"url":"https:\/\/pubeurope.com\/@fr\/115228775783073606","error":""},"_links":{"self":[{"href":"https:\/\/www.europesays.com\/fr\/wp-json\/wp\/v2\/posts\/401427","targetHints":{"allow":["GET"]}}],"collection":[{"href":"https:\/\/www.europesays.com\/fr\/wp-json\/wp\/v2\/posts"}],"about":[{"href":"https:\/\/www.europesays.com\/fr\/wp-json\/wp\/v2\/types\/post"}],"author":[{"embeddable":true,"href":"https:\/\/www.europesays.com\/fr\/wp-json\/wp\/v2\/users\/2"}],"replies":[{"embeddable":true,"href":"https:\/\/www.europesays.com\/fr\/wp-json\/wp\/v2\/comments?post=401427"}],"version-history":[{"count":0,"href":"https:\/\/www.europesays.com\/fr\/wp-json\/wp\/v2\/posts\/401427\/revisions"}],"wp:featuredmedia":[{"embeddable":true,"href":"https:\/\/www.europesays.com\/fr\/wp-json\/wp\/v2\/media\/401428"}],"wp:attachment":[{"href":"https:\/\/www.europesays.com\/fr\/wp-json\/wp\/v2\/media?parent=401427"}],"wp:term":[{"taxonomy":"category","embeddable":true,"href":"https:\/\/www.europesays.com\/fr\/wp-json\/wp\/v2\/categories?post=401427"},{"taxonomy":"post_tag","embeddable":true,"href":"https:\/\/www.europesays.com\/fr\/wp-json\/wp\/v2\/tags?post=401427"}],"curies":[{"name":"wp","href":"https:\/\/api.w.org\/{rel}","templated":true}]}}