{"id":401436,"date":"2025-09-19T03:16:23","date_gmt":"2025-09-19T03:16:23","guid":{"rendered":"https:\/\/www.europesays.com\/fr\/401436\/"},"modified":"2025-09-19T03:16:23","modified_gmt":"2025-09-19T03:16:23","slug":"journees-du-matrimoine-a-nantes-rendre-visible-les-femmes-qui-ont-fait-lhistoire-dans-la","status":"publish","type":"post","link":"https:\/\/www.europesays.com\/fr\/401436\/","title":{"rendered":"Journ\u00e9es du matrimoine\u00a0\u00e0 Nantes : rendre visible les femmes qui ont fait l\u2019histoire dans la"},"content":{"rendered":"<tr wp_automatic_readability=\"5.8922155688623\">\n<td valign=\"middle\" align=\"center\" class=\"col-logo\" wp_automatic_readability=\"5\">\n    <img decoding=\"async\" src=\"https:\/\/maville.com\/design\/images\/logo-of-monetise.svg?version=20130627\" alt=\"logo Ouest-France\" height=\"66\"\/><\/p>\n<p>Contenu r\u00e9serv\u00e9 aux abonn\u00e9s<\/p>\n<\/td>\n<td class=\"col-titre\">\n\t\t\tJeudi 18 septembre 2025 16:29<br \/>\n\t\t\t<a class=\"icon-bulle sizeL count\" href=\"#ancreAvis\"><br \/>\n\t&#8230;<br \/>\n<\/a><\/td>\n<\/tr>\n<p>\t\t<a class=\"mavillebox2 elmt-photo\" href=\"https:\/\/maville.com\/photosmvi\/2025\/09\/18\/P35470325D6981148G.jpg\" title=\" Raymonde Gu\u00e9rif, r\u00e9sistante nantaise, dont le portrait figure sur l\u2019affiche des journ\u00e9es du patrimoine et du matrimoine \u00e0 Nantes.  \u00a9  \u00a9 Jacqueline Legrand-Gu\u00e9rif  &lt;!--TAG-BLC credit--&gt;\" rel=\"galerie_actu noopener\" target=\"_blank\"><br \/>\n\t<img decoding=\"async\" src=\"https:\/\/www.europesays.com\/fr\/wp-content\/uploads\/2025\/09\/P35470325D6981148G_crop_640-330_.jpg\" alt=\"photo  raymonde gu\u00e9rif, r\u00e9sistante nantaise, dont le portrait figure sur l\u2019affiche des journ\u00e9es du patrimoine et du matrimoine \u00e0 nantes.  \u00a9  \u00a9 jacqueline legrand-gu\u00e9rif \"\/><br \/>\n\t1<br \/>\n<\/a><\/p>\n<p class=\"elmt-legende\"> Raymonde Gu\u00e9rif, r\u00e9sistante nantaise, dont le portrait figure sur l\u2019affiche des journ\u00e9es du patrimoine et du matrimoine \u00e0 Nantes.  \u00a9  \u00a9 Jacqueline Legrand-Gu\u00e9rif  <\/p>\n<p>\t\tCe week-end des 20 et 21\u00a0septembre, ont lieu les Journ\u00e9es du patrimoine\u2026 et du matrimoine, \u00e0 Nantes. Rendre visible les femmes qui ont fait l\u2019histoire dans la ville, telle est la volont\u00e9 de diff\u00e9rents acteurs. La Ville l\u2019a initi\u00e9 en 2020. Et pour la premi\u00e8re fois, les Archives d\u00e9partementales s\u2019en emparent.<\/p>\n<p><b>Cet article est r\u00e9serv\u00e9 aux abonn\u00e9s<\/b><\/p>\n<p>Pour un acc\u00e8s imm\u00e9diat, abonnez-vous<\/p>\n<p><b>1\u00e8re semaine offerte<\/b><\/p>\n<p>\t\t Vanessa RIPOCHE. \u00a0\u00a0<br \/>\n\t\tOuest-France<\/p>\n<p>Retrouvez d&rsquo;autres actus sur la commune de :<\/p>\n<p>\t\t&#13;<\/p>\n","protected":false},"excerpt":{"rendered":"Contenu r\u00e9serv\u00e9 aux abonn\u00e9s Jeudi 18 septembre 2025 16:29 &#8230; 1 Raymonde Gu\u00e9rif, r\u00e9sistante nantaise, dont le portrait&hellip;\n","protected":false},"author":2,"featured_media":401437,"comment_status":"","ping_status":"","sticky":false,"template":"","format":"standard","meta":{"footnotes":""},"categories":[2818],"tags":[1111,11,1777,674,21,4651,1011,27,937,23216,53276,766,12,2636,2035,25,4824,31902],"class_list":{"0":"post-401436","1":"post","2":"type-post","3":"status-publish","4":"format-standard","5":"has-post-thumbnail","7":"category-nantes","8":"tag-actu","9":"tag-actualites","10":"tag-eu","11":"tag-europe","12":"tag-fait","13":"tag-femmes","14":"tag-fr","15":"tag-france","16":"tag-histoire","17":"tag-journees","18":"tag-matrimoine","19":"tag-nantes","20":"tag-news","21":"tag-pays-de-la-loire","22":"tag-rendre","23":"tag-republique-francaise","24":"tag-ville","25":"tag-visible"},"share_on_mastodon":{"url":"https:\/\/pubeurope.com\/@fr\/115228796219974635","error":""},"_links":{"self":[{"href":"https:\/\/www.europesays.com\/fr\/wp-json\/wp\/v2\/posts\/401436","targetHints":{"allow":["GET"]}}],"collection":[{"href":"https:\/\/www.europesays.com\/fr\/wp-json\/wp\/v2\/posts"}],"about":[{"href":"https:\/\/www.europesays.com\/fr\/wp-json\/wp\/v2\/types\/post"}],"author":[{"embeddable":true,"href":"https:\/\/www.europesays.com\/fr\/wp-json\/wp\/v2\/users\/2"}],"replies":[{"embeddable":true,"href":"https:\/\/www.europesays.com\/fr\/wp-json\/wp\/v2\/comments?post=401436"}],"version-history":[{"count":0,"href":"https:\/\/www.europesays.com\/fr\/wp-json\/wp\/v2\/posts\/401436\/revisions"}],"wp:featuredmedia":[{"embeddable":true,"href":"https:\/\/www.europesays.com\/fr\/wp-json\/wp\/v2\/media\/401437"}],"wp:attachment":[{"href":"https:\/\/www.europesays.com\/fr\/wp-json\/wp\/v2\/media?parent=401436"}],"wp:term":[{"taxonomy":"category","embeddable":true,"href":"https:\/\/www.europesays.com\/fr\/wp-json\/wp\/v2\/categories?post=401436"},{"taxonomy":"post_tag","embeddable":true,"href":"https:\/\/www.europesays.com\/fr\/wp-json\/wp\/v2\/tags?post=401436"}],"curies":[{"name":"wp","href":"https:\/\/api.w.org\/{rel}","templated":true}]}}