{"id":401450,"date":"2025-09-19T03:25:22","date_gmt":"2025-09-19T03:25:22","guid":{"rendered":"https:\/\/www.europesays.com\/fr\/401450\/"},"modified":"2025-09-19T03:25:22","modified_gmt":"2025-09-19T03:25:22","slug":"archives-municipales-histoire-du-tram-8-lieux-marseillais-a-redecouvrir","status":"publish","type":"post","link":"https:\/\/www.europesays.com\/fr\/401450\/","title":{"rendered":"archives municipales, histoire du tram&#8230; 8 lieux marseillais \u00e0 (re)d\u00e9couvrir"},"content":{"rendered":"<p>Ce week-end du 20-21 septembre, c&rsquo;est l&rsquo;occasion de d\u00e9couvrir ou red\u00e9couvrir de nombreux lieux marseillais dans le cadres des journ\u00e9es europ\u00e9ennes du patrimoine. Voici une s\u00e9lection :\u00a0<\/p>\n<p>Entrez dans l\u2019H\u00f4tel de R\u00e9gion (1e)<\/p>\n<p>\u00ab\u00a0Ces Journ\u00e9es du Patrimoine sont une invitation \u00e0 d\u00e9couvrir l\u2019H\u00f4tel de R\u00e9gion autrement\u00a0: ses racines antiques, son pass\u00e9 de prison, son architecture contemporaine et les \u0153uvres d\u2019art qui l\u2019habitent\u00a0\u00bb, souligne Renaud Muselier, pr\u00e9sident de la R\u00e9gion Provence-Alpes-C\u00f4te d&rsquo;Azur.<\/p>\n<p>De visites guid\u00e9es reviendront sur l\u2019histoire du lieu entre la Rotonde de Claude Parent ou les \u0153uvres d\u2019art sign\u00e9es Andr\u00e9 Gence, Christian Jaccard et Max Charvolen.<\/p>\n<p><strong>H\u00f4tel de R\u00e9gion, 27 place Jules Guesde, (1er). Samedi et dimanche de 10\u00a0h \u00e0 17 h. Entr\u00e9e libre et gratuite &#8211; <a href=\"https:\/\/www.maregionsud.fr\/\" target=\"_blank\" rel=\"noopener\">Plus d\u2019infos sur le site de la R\u00e9gion.<\/a><\/strong>&#13;\n<\/p>\n<p>Partez \u00e0 la d\u00e9couverte de la grotte Cosquer (2e)<br \/>\n<img alt=\"La grotte Cosquer \u00e0 Marseille propose des animations et conf\u00e9rence.\" loading=\"lazy\" decoding=\"async\" data-nimg=\"fill\" class=\" TwicCore_img__i9TC1 undefined  undefined\" style=\"position:absolute;height:100%;width:100%;left:0;top:0;right:0;bottom:0;color:transparent;background-size:cover;background-position:50% 50%;background-repeat:no-repeat;background-image:url(&quot;data:image\/svg+xml;charset=utf-8,%3Csvg xmlns='http:\/\/www.w3.org\/2000\/svg' %3E%3Cfilter id='b' color-interpolation-filters='sRGB'%3E%3CfeGaussianBlur stdDeviation='20'\/%3E%3CfeColorMatrix values='1 0 0 0 0 0 1 0 0 0 0 0 1 0 0 0 0 0 100 -1' result='s'\/%3E%3CfeFlood x='0' y='0' width='100%25' height='100%25'\/%3E%3CfeComposite operator='out' in='s'\/%3E%3CfeComposite in2='SourceGraphic'\/%3E%3CfeGaussianBlur stdDeviation='20'\/%3E%3C\/filter%3E%3Cimage width='100%25' height='100%25' x='0' y='0' preserveAspectRatio='none' style='filter: url(%23b);' href='https:\/\/pictures.laprovence.com\/cdn-cgi\/image\/blur=250\/media\/melody\/2025\/09\/18\/la-grotte-cosquer-a-marseille-1758200054_14b89c36ca486d9b89c36ca4800d89v_.jpg'\/%3E%3C\/svg%3E&quot;)\"   src=\"https:\/\/www.europesays.com\/fr\/wp-content\/uploads\/2025\/09\/la-grotte-cosquer-a-marseille-1758200054_14b89c36ca486d9b89c36ca4800d89v_.jpg\"\/>La grotte Cosquer \u00e0 Marseille propose des animations et conf\u00e9rence. Photo Gilles Bader \/ La Provence<\/p>\n<p>Ce week-end, la <a href=\"https:\/\/www.laprovence.com\/article\/region\/3023906136082314\/patrimoine-a-marseille-la-grotte-cosquer-un-joyau-voue-a-disparaitre\" target=\"_blank\" rel=\"noopener\">grotte Cosquer <\/a>ouvre ses portes en continu de 9h30 \u00e0 19h30. Au programme\u00a0: animations gratuites incluses dans le billet d\u2019entr\u00e9e mais aussi conf\u00e9rences sur la reconstitution de la grotte avec Ivan Di Pol, co-architecte de la Villa m\u00e9diterran\u00e9e \u00e0 14\u00a0h\u00a030 et \u00e0 16\u00a0h avec Laurent Delbos, r\u00e9alisateur de la r\u00e9plique dans l\u2019amphith\u00e9\u00e2tre.<\/p>\n<p><strong>Grotte Cosquer, Promenade Robert Laffont, Esp. J4, 2e. Samedi 20\u00a0septembre de 10\u00a0h \u00e0 17\u00a0h Informations et r\u00e9servations sur\u00a0: <a href=\"http:\/\/www.grotte-cosquer.com\" target=\"_blank\" rel=\"noopener\">grotte-cosquer.com<\/a> ou au 04\u00a091\u00a031\u00a023\u00a012.<\/strong>&#13;\n<\/p>\n<p>Visitez le Centre international du verre et des arts plastiques (2e)<\/p>\n<p>Plongez au c\u0153ur de l\u2019atelier Centre international du verre et des arts plastiques (<a href=\"https:\/\/www.culture.gouv.fr\/thematiques\/metiers-d-art\/les-metiers-d-art-en-france\/le-centre-international-de-recherche-sur-le-verre-et-les-arts-plastiques-cirva\" target=\"_blank\" rel=\"noopener\">Cirva<\/a>) et d\u00e9couvrez le processus de cr\u00e9ation du verre aux c\u00f4t\u00e9s des artistes en r\u00e9sidence.<\/p>\n<p><strong>Centre international du verre et des arts plastiques, 62, rue de la Joliette, (2e). Samedi \u00e0 10\u00a0h \u00e0 13\u00a0h, 14\u00a0h et 18 h. R\u00e9servation par mail <a href=\"https:\/\/www.laprovence.com\/cdn-cgi\/l\/email-protection\" class=\"__cf_email__\" data-cfemail=\"6b060e0f020a1f0204052b0802191d0a450d19\" target=\"_blank\" rel=\"noopener\">[email\u00a0protected]<\/a> et au 04\u00a091\u00a056\u00a011\u00a050.<\/strong>&#13;\n<\/p>\n<p>D\u00e9couvrez les archives municipales \u00e0 la Belle-de-Mai (3e)<br \/>\n<img alt=\"Les archives municipales de Marseille regorgent de tr\u00e9sors.\" loading=\"lazy\" decoding=\"async\" data-nimg=\"fill\" class=\" TwicCore_img__i9TC1 undefined  undefined\" style=\"position:absolute;height:100%;width:100%;left:0;top:0;right:0;bottom:0;color:transparent;background-size:cover;background-position:50% 50%;background-repeat:no-repeat;background-image:url(&quot;data:image\/svg+xml;charset=utf-8,%3Csvg xmlns='http:\/\/www.w3.org\/2000\/svg' %3E%3Cfilter id='b' color-interpolation-filters='sRGB'%3E%3CfeGaussianBlur stdDeviation='20'\/%3E%3CfeColorMatrix values='1 0 0 0 0 0 1 0 0 0 0 0 1 0 0 0 0 0 100 -1' result='s'\/%3E%3CfeFlood x='0' y='0' width='100%25' height='100%25'\/%3E%3CfeComposite operator='out' in='s'\/%3E%3CfeComposite in2='SourceGraphic'\/%3E%3CfeGaussianBlur stdDeviation='20'\/%3E%3C\/filter%3E%3Cimage width='100%25' height='100%25' x='0' y='0' preserveAspectRatio='none' style='filter: url(%23b);' href='https:\/\/pictures.laprovence.com\/cdn-cgi\/image\/blur=250\/media\/melody\/2025\/09\/18\/archives-municipales-de-marseille-170925gbr01-170925gbr01-1758200054_9ca35d3a8ac8670b35d3a8ac884b35v_.jpg'\/%3E%3C\/svg%3E&quot;)\"   src=\"https:\/\/www.europesays.com\/fr\/wp-content\/uploads\/2025\/09\/archives-municipales-de-marseille-170925gbr01-170925gbr01-1758200054_9ca35d3a8ac8670b35d3a8ac884b35v.jpeg\"\/>Les archives municipales de Marseille regorgent de tr\u00e9sors. Photo Gilles Bader \/ La Provence<\/p>\n<p>\u00c9tat civil, demande de permis de construire, acte de d\u00e9c\u00e8s\u2026 Ce samedi, rendez-vous aux Archives municipales pour d\u00e9couvrir les magasins o\u00f9 se cachent les secrets des Marseillais. Une exposition autour de l\u2019\u00e9volution du quartier de la Belle-de-mai est organis\u00e9e entre cartes, affiches de spectacle, acte de naissance de c\u00e9l\u00e9brit\u00e9s et article de presse. Sans oublier, un spectacle de l\u2019artiste contemporaine Clyde Chabot qui interrogent les origines, les racines et la m\u00e9moire \u00e0 15h30.<\/p>\n<p><strong>Archives Municipales, 10 Rue Clovis Hugues (3e). Samedi 20\u00a0septembre d\u00e8s 10 h.\u00a0Entr\u00e9e libre sans r\u00e9servation. Plus d\u2019informations sur<a href=\"https:\/\/inavouable.net\/\" target=\"_blank\" rel=\"noopener\"> le site Inavouable<\/a> ou au 04\u00a091\u00a055\u00a033\u00a075.<\/strong>&#13;\n<\/p>\n<p>Une balade pour d\u00e9terrer les secrets de la pr\u00e9fecture des Bouches-du-Rh\u00f4ne (6e)<\/p>\n<p>\u00c0 deux pas du Cours Lieutaud, dans le 6e arrondissement de Marseille, s\u2019\u00e9l\u00e8ve la pr\u00e9fecture des Bouches-du-Rh\u00f4ne. \u00c9rig\u00e9 en 1866, le b\u00e2timent \u00e0 l\u2019architecture monumentale et aux d\u00e9cors int\u00e9rieurs luxueux, s\u2019inscrit dans une vague de construction de b\u00e2timents publics \u00e0 Marseille sous le Second Empire (1852-1870). Pourtant, sa construction a connu de nombreux rebondissements. Pour d\u00e9couvrir les anecdotes de <a href=\"https:\/\/www.laprovence.com\/article\/region\/1589206313439914\/un-roi-mort-sur-le-canape-une-girafe-en-guise-de-locataire-les-secrets-de-la-prefecture-des-bouches-du-rhone\" target=\"_blank\" rel=\"noopener\">ce monument du XIXe si\u00e8cle<\/a>, rendez-vous place de la Pr\u00e9fecture, sur le boulevard Paul-Peytral au niveau des bassins pour une balade architecturale entre la pr\u00e9fecture et le cours Pierre-Puget. Des visites sont \u00e9galement organis\u00e9es de 9\u00a0h \u00e0 11\u00a0h\u00a045 puis de 13\u00a0h\u00a030 \u00e0 17\u00a0h\u00a030.<\/p>\n<p><strong>Place de la Pr\u00e9fecture, sur le boulevard Paul Peytral au niveau des bassins (6e). Samedi 20 et dimanche 21 septembre \u00e0 10 h 30 et 14 h 30. Tout public. R\u00e9servation : 0826 500 500 (0,15\u20ac\/min).<\/strong>&#13;\n<\/p>\n<p>Se sensibiliser \u00e0 la biodiversit\u00e9 insulaire \u00e0 la Villa Marine (7e)<br \/>\n<img alt=\"Vue sur l'h\u00f4pital Caroline depuis la terrasse de la Villa Marine\" loading=\"lazy\" decoding=\"async\" data-nimg=\"fill\" class=\" TwicCore_img__i9TC1 undefined  undefined\" style=\"position:absolute;height:100%;width:100%;left:0;top:0;right:0;bottom:0;color:transparent;background-size:cover;background-position:50% 50%;background-repeat:no-repeat;background-image:url(&quot;data:image\/svg+xml;charset=utf-8,%3Csvg xmlns='http:\/\/www.w3.org\/2000\/svg' %3E%3Cfilter id='b' color-interpolation-filters='sRGB'%3E%3CfeGaussianBlur stdDeviation='20'\/%3E%3CfeColorMatrix values='1 0 0 0 0 0 1 0 0 0 0 0 1 0 0 0 0 0 100 -1' result='s'\/%3E%3CfeFlood x='0' y='0' width='100%25' height='100%25'\/%3E%3CfeComposite operator='out' in='s'\/%3E%3CfeComposite in2='SourceGraphic'\/%3E%3CfeGaussianBlur stdDeviation='20'\/%3E%3C\/filter%3E%3Cimage width='100%25' height='100%25' x='0' y='0' preserveAspectRatio='none' style='filter: url(%23b);' href='https:\/\/pictures.laprovence.com\/cdn-cgi\/image\/blur=250\/media\/melody\/2025\/09\/18\/vue-sur-l-hopital-caroline-depuis-la-terrasse-de-la-villa-marine-1758200055_b2540b2b54486e8540b2b5448ec540v_.jpg'\/%3E%3C\/svg%3E&quot;)\"   src=\"https:\/\/www.europesays.com\/fr\/wp-content\/uploads\/2025\/09\/vue-sur-l-hopital-caroline-depuis-la-terrasse-de-la-villa-marine-1758200055_b2540b2b54486e8540b2b544.jpeg\"\/>Vue sur l&rsquo;h\u00f4pital Caroline depuis la terrasse de la Villa Marine Photo La Provence<\/p>\n<p>Elle surplombe la mer. Face \u00e0 la Corniche, la <a href=\"https:\/\/www.laprovence.com\/article\/region\/8520896599650414\/au-frioul-la-villa-marine-ouvre-ses-portes-au-public-sensibiliser-les-jeunes-dans-un-cadre-fantastique\" target=\"_blank\" rel=\"noopener\">Villa Marine<\/a> se situe \u00e0 15 min \u00e0 pied du port du Frioul. Devenue propri\u00e9t\u00e9 du Conservatoire du littoral en\u00a02013, l\u2019ancienne b\u00e2tisse militaire construite \u00e0 la fin du XIXe\u00a0si\u00e8cle est, aujourd\u2019hui, un lieu d\u2019exposition et un outil de sensibilisation \u00e0 la biodiversit\u00e9. Chaque ann\u00e9e, elle accueille des groupes scolaires et associations locales pour d\u00e9couvrir les richesses et les enjeux de ce territoire.<\/p>\n<p><strong>Villa Marine, Chemin de Saint-Est\u00e8ve, \u00cele de Ratonneau, (7e). Samedi et dimanche entre 10h30 et 16h. Tout public.<\/strong>&#13;\n<\/p>\n<p>Plongez dans l\u2019histoire du tramway marseillais (9e)<br \/>\n<img alt=\"Nouvelle rame de tramways marseillais.\" loading=\"lazy\" decoding=\"async\" data-nimg=\"fill\" class=\" TwicCore_img__i9TC1 undefined  undefined\" style=\"position:absolute;height:100%;width:100%;left:0;top:0;right:0;bottom:0;color:transparent;background-size:cover;background-position:50% 50%;background-repeat:no-repeat;background-image:url(&quot;data:image\/svg+xml;charset=utf-8,%3Csvg xmlns='http:\/\/www.w3.org\/2000\/svg' %3E%3Cfilter id='b' color-interpolation-filters='sRGB'%3E%3CfeGaussianBlur stdDeviation='20'\/%3E%3CfeColorMatrix values='1 0 0 0 0 0 1 0 0 0 0 0 1 0 0 0 0 0 100 -1' result='s'\/%3E%3CfeFlood x='0' y='0' width='100%25' height='100%25'\/%3E%3CfeComposite operator='out' in='s'\/%3E%3CfeComposite in2='SourceGraphic'\/%3E%3CfeGaussianBlur stdDeviation='20'\/%3E%3C\/filter%3E%3Cimage width='100%25' height='100%25' x='0' y='0' preserveAspectRatio='none' style='filter: url(%23b);' href='https:\/\/pictures.laprovence.com\/cdn-cgi\/image\/blur=250\/media\/melody\/2025\/09\/18\/presentation-de-la-nouvelle-rame-de-tramways-marseillais-080725gbr01-080725gbr01-1758200055_d5c0842dcc686e9c0842dcc68adc08v_.jpg'\/%3E%3C\/svg%3E&quot;)\"   src=\"https:\/\/www.europesays.com\/fr\/wp-content\/uploads\/2025\/09\/presentation-de-la-nouvelle-rame-de-tramways-marseillais-080725gbr01-080725gbr01-1758200055_d5c0842d.jpeg\"\/>Nouvelle rame de tramways marseillais. Photo Gilles Bader \/ La Provence<\/p>\n<p>Cette ann\u00e9e, d\u00e9couvrez l\u2019histoire du<a href=\"https:\/\/www.laprovence.com\/article\/region\/52924584799072\/le-tramway-de-la-rue-de-rome-vers-les-catalans-a-marseille-est-sur-de-bons-rails\" target=\"_blank\" rel=\"noopener\"> tramway marseillais<\/a> avec l\u2019exposition in\u00e9dite propos\u00e9e par la M\u00e9tropole. Rendez-vous ce samedi de 9h \u00e0 12h30, de 14h\u00e018h et le dimanche de 9h \u00e0 12h 30 puis de 14h \u00e0 16h au c\u0153ur du tout nouveau Centre de maintenance et de remisage de Sainte-Marguerite Dromel qui sera d\u00e9voil\u00e9 et ouvert au public en exclusivit\u00e9 pour l\u2019occasion.<\/p>\n<p><strong>Centre de maintenance et de remisage de Sainte-Marguerite Dromel, 32 boulevard Schloesing (9e). Visite libre ou guid\u00e9es par les \u00e9quipes de la RTM en partenariat avec l\u2019association des Amis du rails et des transports de Marseille. Gratuit pour tous. Inscriptions sur le site\u00a0: <a href=\"https:\/\/www.rtm-jep.fr\/evenement\" target=\"_blank\" rel=\"noopener\">rtm-jep.fr\/evenement.<\/a><\/strong>&#13;\n<\/p>\n<p>Faites le plein d\u2019animation au Ch\u00e2teau de la Buzine (11e)<br \/>\n<img alt=\"Ch\u00e2teau de la Buzine \u00e0 Saint-Menet (11e).\" loading=\"lazy\" decoding=\"async\" data-nimg=\"fill\" class=\" TwicCore_img__i9TC1 undefined  undefined\" style=\"position:absolute;height:100%;width:100%;left:0;top:0;right:0;bottom:0;color:transparent;background-size:cover;background-position:50% 50%;background-repeat:no-repeat;background-image:url(&quot;data:image\/svg+xml;charset=utf-8,%3Csvg xmlns='http:\/\/www.w3.org\/2000\/svg' %3E%3Cfilter id='b' color-interpolation-filters='sRGB'%3E%3CfeGaussianBlur stdDeviation='20'\/%3E%3CfeColorMatrix values='1 0 0 0 0 0 1 0 0 0 0 0 1 0 0 0 0 0 100 -1' result='s'\/%3E%3CfeFlood x='0' y='0' width='100%25' height='100%25'\/%3E%3CfeComposite operator='out' in='s'\/%3E%3CfeComposite in2='SourceGraphic'\/%3E%3CfeGaussianBlur stdDeviation='20'\/%3E%3C\/filter%3E%3Cimage width='100%25' height='100%25' x='0' y='0' preserveAspectRatio='none' style='filter: url(%23b);' href='https:\/\/pictures.laprovence.com\/cdn-cgi\/image\/blur=250\/media\/melody\/2025\/09\/18\/chateau-de-la-buzine-a-saint-menet-11e-vue-exterieure-facade-c-est-un-edifice-du-xixe-siecle-situe-d-1758200056_4b20b79c045868f20b79c04580430bv_.jpg'\/%3E%3C\/svg%3E&quot;)\"   src=\"https:\/\/www.europesays.com\/fr\/wp-content\/uploads\/2025\/09\/chateau-de-la-buzine-a-saint-menet-11e-vue-exterieure-facade-c-est-un-edifice-du-xixe-siecle-situe-d.jpeg\"\/>Ch\u00e2teau de la Buzine \u00e0 Saint-Menet (11e). Photo Franck Pennant \/ La Provence<\/p>\n<p>Rendez-vous au <a href=\"https:\/\/www.laprovence.com\/article\/region\/1431197601659215\/exploitation-du-chateau-de-la-buzine-a-marseille-pourquoi-nicolas-pagnol-porte-plainte-pour-chantage-et-favoritisme\" target=\"_blank\" rel=\"noopener\">ch\u00e2teau de la Buzine<\/a>, cet \u00e9difice du XIX\u1d49 pour d\u00e9couvrir l\u2019exposition-promenade \u00ab\u00a0\u00c0 l\u2019ombre des bastides. Les bastides \u00e0 Marseille du XVIIe si\u00e8cle \u00e0 nos jours\u201d, cr\u00e9\u00e9e par les Archives Municipales. La balade retrace l\u2019histoire des bastides marseillaises et de leurs terroirs le samedi et le dimanche de 10h \u00e0 18h. Puis, d\u00e9couvrez en avant-premi\u00e8re de l\u2019exposition \u00ab\u00a0Marsiho e la mar &#8211; Marseille et la Mer\u201d, un spectacle de danse de salon propos\u00e9 par les associations Quadrille Phoc\u00e9en et Roudelet Felibren. Des conf\u00e9rences sur les danses de salon sont propos\u00e9es par Anne Allies du Roudelet Felibren le samedi \u00e0 10h30 et 15h15, ainsi qu\u2019un ap\u00e9ritif proven\u00e7al offert \u00e0 tous \u00e0 12h30. Mais aussi, des visites comment\u00e9es de 45 minutes, \u00ab\u00a0Le ch\u00e2teau de ma m\u00e8re\u00a0\u00bb, pour d\u00e9couvrir tous les secrets du ch\u00e2teau ont lieu le dimanche \u00e0 10h, 11h, 12h, 14h, 15h et 17h. Sans oublier, des animations pour enfants (d\u00e8s 6\u00a0ans), avec un atelier cr\u00e9atif (collage, dessin\u2026) \u00ab\u00a0Dessine-moi mon ch\u00e2teau\u00a0!\u00a0\u00bb \u00e0 16h et un quizz du patrimoine de la Buzine \u00e0 16h.<\/p>\n<p><strong>Ch\u00e2teau de la Buzine, 56, traverse de la Buzine, (11e). Samedi\u00a020 et dimanche 21\u00a0septembre de 10\u00a0h \u00e0 18\u00a0h. Tout public. Plus d\u2019information sur <a href=\"https:\/\/labuzine.marseille.fr\/\" target=\"_blank\" rel=\"noopener\">le site du Ch\u00e2teau de la Buzine.<\/a><\/strong><\/p>\n","protected":false},"excerpt":{"rendered":"Ce week-end du 20-21 septembre, c&rsquo;est l&rsquo;occasion de d\u00e9couvrir ou red\u00e9couvrir de nombreux lieux marseillais dans le cadres&hellip;\n","protected":false},"author":2,"featured_media":401451,"comment_status":"","ping_status":"","sticky":false,"template":"","format":"standard","meta":{"footnotes":""},"categories":[2814],"tags":[17,1111,11,10944,251,1777,674,1011,27,937,23216,9692,884,3554,12,2551,882,25,2221],"class_list":{"0":"post-401450","1":"post","2":"type-post","3":"status-publish","4":"format-standard","5":"has-post-thumbnail","7":"category-marseille","8":"tag-17","9":"tag-actu","10":"tag-actualites","11":"tag-archives","12":"tag-culture","13":"tag-eu","14":"tag-europe","15":"tag-fr","16":"tag-france","17":"tag-histoire","18":"tag-journees","19":"tag-lieux","20":"tag-marseille","21":"tag-municipales","22":"tag-news","23":"tag-patrimoine","24":"tag-provence-alpes-cote-dazur","25":"tag-republique-francaise","26":"tag-tram"},"share_on_mastodon":{"url":"https:\/\/pubeurope.com\/@fr\/115228831000318840","error":""},"_links":{"self":[{"href":"https:\/\/www.europesays.com\/fr\/wp-json\/wp\/v2\/posts\/401450","targetHints":{"allow":["GET"]}}],"collection":[{"href":"https:\/\/www.europesays.com\/fr\/wp-json\/wp\/v2\/posts"}],"about":[{"href":"https:\/\/www.europesays.com\/fr\/wp-json\/wp\/v2\/types\/post"}],"author":[{"embeddable":true,"href":"https:\/\/www.europesays.com\/fr\/wp-json\/wp\/v2\/users\/2"}],"replies":[{"embeddable":true,"href":"https:\/\/www.europesays.com\/fr\/wp-json\/wp\/v2\/comments?post=401450"}],"version-history":[{"count":0,"href":"https:\/\/www.europesays.com\/fr\/wp-json\/wp\/v2\/posts\/401450\/revisions"}],"wp:featuredmedia":[{"embeddable":true,"href":"https:\/\/www.europesays.com\/fr\/wp-json\/wp\/v2\/media\/401451"}],"wp:attachment":[{"href":"https:\/\/www.europesays.com\/fr\/wp-json\/wp\/v2\/media?parent=401450"}],"wp:term":[{"taxonomy":"category","embeddable":true,"href":"https:\/\/www.europesays.com\/fr\/wp-json\/wp\/v2\/categories?post=401450"},{"taxonomy":"post_tag","embeddable":true,"href":"https:\/\/www.europesays.com\/fr\/wp-json\/wp\/v2\/tags?post=401450"}],"curies":[{"name":"wp","href":"https:\/\/api.w.org\/{rel}","templated":true}]}}