{"id":401462,"date":"2025-09-19T03:32:28","date_gmt":"2025-09-19T03:32:28","guid":{"rendered":"https:\/\/www.europesays.com\/fr\/401462\/"},"modified":"2025-09-19T03:32:28","modified_gmt":"2025-09-19T03:32:28","slug":"le-premier-migrant-est-arrive-en-france","status":"publish","type":"post","link":"https:\/\/www.europesays.com\/fr\/401462\/","title":{"rendered":"le premier migrant est arriv\u00e9 en France"},"content":{"rendered":"<p class=\"mb-4 text-lg md:leading-8 break-words\">L&rsquo;homme, un ressortissant indien, a \u00e9t\u00e9 expuls\u00e9 du Royaume-Uni jeudi matin \u00e0 bord d&rsquo;un avion d&rsquo;Air France.<\/p>\n<p class=\"mb-4 text-lg md:leading-8 break-words\">Confirm\u00e9e par le minist\u00e8re britannique de l\u2019Int\u00e9rieur, l\u2019arriv\u00e9e \u00e0 Paris survient un peu plus d\u2019un mois apr\u00e8s <a href=\"https:\/\/fr.news.yahoo.com\/royaume-uni-france-lancent-projet-115457462.html\" data-ylk=\"slk:l\u2019accord entre Paris et Londres;elm:context_link;itc:0;sec:content-canvas;outcm:mb_qualified_link;_E:mb_qualified_link;ct:story;\" class=\"link  yahoo-link\" target=\"_blank\" rel=\"noopener\"><strong>l\u2019accord entre Paris et Londres<\/strong><\/a> sur un programme pilote d\u2019un an, dit \u00ab une entr\u00e9e, une sortie \u00bb, destin\u00e9 \u00e0 d\u00e9courager les travers\u00e9es de la Manche \u00e0 bord de bateaux de fortune.<\/p>\n<p class=\"mb-4 text-lg md:leading-8 break-words\">D\u2019autres vols d\u2019expulsion sont pr\u00e9vus au cours de la semaine et la prochaine, tandis que les premi\u00e8res arriv\u00e9es de France via la nouvelle voie d\u2019asile sont attendues au Royaume-Uni dans les prochains jours.<\/p>\n<p><strong>D\u00e9part retard\u00e9 pour un autre migrant<\/strong><\/p>\n<p class=\"mb-4 text-lg md:leading-8 break-words\">Une autre personne d&rsquo;origine \u00e9rythr\u00e9enne devait \u00eatre expuls\u00e9e cette semaine mais un juge britannique a temporairement emp\u00each\u00e9 le gouvernement de le renvoyer en France.<\/p>\n<p class=\"mb-4 text-lg md:leading-8 break-words\">L&rsquo;homme \u00e2g\u00e9 de 25 ans devait quitter la Grande-Bretagne ce mercredi \u00e0 bord d&rsquo;un vol commercial.<\/p>\n<p class=\"mb-4 text-lg md:leading-8 break-words\">Mais apr\u00e8s que ses avocats ont fait appel, le juge de la Haute Cour Clive Sheldon a accord\u00e9 \u00ab\u00a0une courte p\u00e9riode de redressement provisoire\u00a0\u00bb afin que l&rsquo;homme puisse pr\u00e9senter des preuves \u00e0 l&rsquo;appui de son affirmation selon laquelle il est victime de la traite des \u00eatres humains.<\/p>\n<p class=\"mb-4 text-lg md:leading-8 break-words\">Les avocats de la ministre de l&rsquo;Int\u00e9rieur, <strong>Shabana Mahmood<\/strong>, ont fait valoir que l&rsquo;homme, qui ne peut \u00eatre identifi\u00e9 pour des raisons juridiques, aurait pu et aurait d\u00fb demander l&rsquo;asile en France.<\/p>\n<p class=\"mb-4 text-lg md:leading-8 break-words\">\u00ab\u00a0Il me semble qu&rsquo;il y a une question s\u00e9rieuse \u00e0 juger en ce qui concerne la demande d&rsquo;asile et la question de savoir si la secr\u00e9taire d&rsquo;\u00c9tat s&rsquo;est acquitt\u00e9e de ses fonctions d&rsquo;enqu\u00eate d&rsquo;une mani\u00e8re l\u00e9gale\u00a0\u00bb, a d\u00e9clar\u00e9 le juge.<\/p>\n<p class=\"mb-4 text-lg md:leading-8 break-words\">Shabana Mahmood a d\u00e9clar\u00e9 que le gouvernement ferait appel de la d\u00e9cision.<\/p>\n<p class=\"mb-4 text-lg md:leading-8 break-words\"><b class=\"c-widget-related__title__text\">Related<\/b><\/p>\n<p class=\"mb-4 text-lg md:leading-8 break-words\">Plus de 30 000 personnes ont effectu\u00e9 la travers\u00e9e depuis le d\u00e9but de l&rsquo;ann\u00e9e, ce qui repr\u00e9sente une baisse par rapport aux 37 000 arriv\u00e9es de l&rsquo;ann\u00e9e derni\u00e8re.<\/p>\n<p class=\"mb-4 text-lg md:leading-8 break-words\">Des dizaines de personnes sont mortes ces derni\u00e8res ann\u00e9es en tentant de traverser l&rsquo;une des voies maritimes les plus fr\u00e9quent\u00e9es au monde \u00e0 bord de canots pneumatiques surcharg\u00e9s.<\/p>\n<p><img alt=\"Vue g\u00e9n\u00e9rale de petits bateaux et de canots pneumatiques dans une enceinte des forces frontali\u00e8res apr\u00e8s avoir \u00e9t\u00e9 confisqu\u00e9s \u00e0 des migrants tentant de passer au Royaume-Uni, 26 f\u00e9vrier 2025.\" loading=\"lazy\" width=\"808\" height=\"539\" decoding=\"async\" data-nimg=\"1\" class=\"rounded-lg\" style=\"color:transparent\" src=\"https:\/\/www.europesays.com\/fr\/wp-content\/uploads\/2025\/09\/934182455cc5a20c234063ac3d5b205d.jpeg\"\/><\/p>\n<p> Vue g\u00e9n\u00e9rale de petits bateaux et de canots pneumatiques dans une enceinte de la Border Force apr\u00e8s avoir \u00e9t\u00e9 confisqu\u00e9s \u00e0 des migrants tentant de passer au Royaume-Uni, 26 f\u00e9vrier 2025.   &#8211; AP Photo <\/p>\n<p class=\"mb-4 text-lg md:leading-8 break-words\">Keir Starmer a abandonn\u00e9 le projet controvers\u00e9 de l&rsquo;administration conservatrice pr\u00e9c\u00e9dente, qui consistait \u00e0 envoyer les migrants ayant travers\u00e9 la Manche dans un <a href=\"https:\/\/fr.news.yahoo.com\/rwanda-pays-dit-pr%C3%AAt-%C3%A0-102453383.html\" data-ylk=\"slk:voyage aller simple vers le Rwanda;elm:context_link;itc:0;sec:content-canvas;outcm:mb_qualified_link;_E:mb_qualified_link;ct:story;\" class=\"link  yahoo-link\" target=\"_blank\" rel=\"noopener\"><strong>voyage aller simple vers le Rwanda<\/strong><\/a>.<\/p>\n<p class=\"mb-4 text-lg md:leading-8 break-words\">Il a pr\u00e9f\u00e9r\u00e9 placer ses espoirs dans un accord avec Paris pour renvoyer certaines personnes qui traversent la Manche en France, en \u00e9change de l&rsquo;acceptation de certains demandeurs d&rsquo;asile qui se trouvent actuellement en France et qui ont des liens familiaux avec la Grande-Bretagne.<\/p>\n<p class=\"mb-4 text-lg md:leading-8 break-words\">Les autorit\u00e9s britanniques ont laiss\u00e9 entendre que le plan \u00ab\u00a0une entr\u00e9e, une sortie\u00a0\u00bb constituait une avanc\u00e9e majeure, m\u00eame si le programme initial ne concernait qu&rsquo;un nombre limit\u00e9 de personnes.<\/p>\n<p class=\"mb-4 text-lg md:leading-8 break-words\">En vertu de l&rsquo;accord bilat\u00e9ral sign\u00e9 le 10 juillet 2025 entre les deux pays, le Royaume-Uni est autoris\u00e9 \u00e0 intercepter imm\u00e9diatement toute personne traversant la Manche de mani\u00e8re irr\u00e9guli\u00e8re. Une fois intercept\u00e9e, la personne peut \u00eatre transf\u00e9r\u00e9e en France dans un d\u00e9lai d&rsquo;environ deux semaines, \u00e0 condition que le Royaume-Uni confirme, au moment du transfert, que la personne concern\u00e9e ne fait l&rsquo;objet d&rsquo;aucun recours judiciaire.<\/p>\n<p class=\"mb-4 text-lg md:leading-8 break-words\">Le gouvernement britannique cherche \u00e9galement \u00e0 acc\u00e9l\u00e9rer le traitement des demandes d&rsquo;asile. Les autorit\u00e9s ont log\u00e9 des dizaines de milliers de migrants en attente d&rsquo;une d\u00e9cision dans des h\u00f4tels aux frais de l&rsquo;\u00c9tat, et ces <a href=\"https:\/\/fr.news.yahoo.com\/manifestation-anti-immigration-londres-d%C3%A9nonce-174508885.html\" data-ylk=\"slk:h\u00f4tels sont devenus des points chauds pour les manifestations;elm:context_link;itc:0;sec:content-canvas;outcm:mb_qualified_link;_E:mb_qualified_link;ct:story;\" class=\"link  yahoo-link\" target=\"_blank\" rel=\"noopener\"><strong>h\u00f4tels sont devenus des points chauds pour les manifestations<\/strong><\/a>.<\/p>\n","protected":false},"excerpt":{"rendered":"L&rsquo;homme, un ressortissant indien, a \u00e9t\u00e9 expuls\u00e9 du Royaume-Uni jeudi matin \u00e0 bord d&rsquo;un avion d&rsquo;Air France. Confirm\u00e9e&hellip;\n","protected":false},"author":2,"featured_media":401463,"comment_status":"","ping_status":"","sticky":false,"template":"","format":"standard","meta":{"footnotes":""},"categories":[1888],"tags":[1111,1928,11,1927,1777,674,1011,27,19737,39901,12,1926,626,1925,25,473,24523],"class_list":{"0":"post-401462","1":"post","2":"type-post","3":"status-publish","4":"format-standard","5":"has-post-thumbnail","7":"category-paris","8":"tag-actu","9":"tag-actu-paris","10":"tag-actualites","11":"tag-actualites-paris","12":"tag-eu","13":"tag-europe","14":"tag-fr","15":"tag-france","16":"tag-le-juge","17":"tag-ministre-de-linterieur-2","18":"tag-news","19":"tag-news-paris","20":"tag-paris","21":"tag-paris-news","22":"tag-republique-francaise","23":"tag-royaume-uni","24":"tag-shabana-mahmood"},"share_on_mastodon":{"url":"https:\/\/pubeurope.com\/@fr\/115228858550710658","error":""},"_links":{"self":[{"href":"https:\/\/www.europesays.com\/fr\/wp-json\/wp\/v2\/posts\/401462","targetHints":{"allow":["GET"]}}],"collection":[{"href":"https:\/\/www.europesays.com\/fr\/wp-json\/wp\/v2\/posts"}],"about":[{"href":"https:\/\/www.europesays.com\/fr\/wp-json\/wp\/v2\/types\/post"}],"author":[{"embeddable":true,"href":"https:\/\/www.europesays.com\/fr\/wp-json\/wp\/v2\/users\/2"}],"replies":[{"embeddable":true,"href":"https:\/\/www.europesays.com\/fr\/wp-json\/wp\/v2\/comments?post=401462"}],"version-history":[{"count":0,"href":"https:\/\/www.europesays.com\/fr\/wp-json\/wp\/v2\/posts\/401462\/revisions"}],"wp:featuredmedia":[{"embeddable":true,"href":"https:\/\/www.europesays.com\/fr\/wp-json\/wp\/v2\/media\/401463"}],"wp:attachment":[{"href":"https:\/\/www.europesays.com\/fr\/wp-json\/wp\/v2\/media?parent=401462"}],"wp:term":[{"taxonomy":"category","embeddable":true,"href":"https:\/\/www.europesays.com\/fr\/wp-json\/wp\/v2\/categories?post=401462"},{"taxonomy":"post_tag","embeddable":true,"href":"https:\/\/www.europesays.com\/fr\/wp-json\/wp\/v2\/tags?post=401462"}],"curies":[{"name":"wp","href":"https:\/\/api.w.org\/{rel}","templated":true}]}}