{"id":401468,"date":"2025-09-19T03:35:17","date_gmt":"2025-09-19T03:35:17","guid":{"rendered":"https:\/\/www.europesays.com\/fr\/401468\/"},"modified":"2025-09-19T03:35:17","modified_gmt":"2025-09-19T03:35:17","slug":"guerre-en-ukraine-soit-je-me-battais-soit-jetais-tue-un-athlete-kenyan-enrole-de-force-dans-larmee-russe","status":"publish","type":"post","link":"https:\/\/www.europesays.com\/fr\/401468\/","title":{"rendered":"Guerre en Ukraine\u00a0: \u00ab\u00a0Soit je me battais, soit j\u2019\u00e9tais tu\u00e9\u00a0\u00bb\u2026 Un athl\u00e8te k\u00e9nyan enr\u00f4l\u00e9 de force dans l\u2019arm\u00e9e russe"},"content":{"rendered":"<p class=\"paragraph text_align_left lp-f-body-02\">Pris au pi\u00e8ge par l\u2019arm\u00e9e russe. Des <a href=\"https:\/\/www.leparisien.fr\/international\/ukraine\/guerre-en-ukraine-kiev-detruit-un-buk-m3-un-systeme-de-missiles-antiaeriens-russe-evalue-a-40-millions-de-dollars-17-09-2025-IB7KHL43FNH6XP2JFVBTHCSU5Q.php\" target=\"_blank\" rel=\"noreferrer nofollow noopener\">soldats ukrainiens<\/a> ont captur\u00e9 un K\u00e9nyan dans la r\u00e9gion de Kharkiv (est). Ce dernier pr\u00e9tend avoir \u00e9t\u00e9 tromp\u00e9 par la Russie en signant un contrat pour servir dans l\u2019arm\u00e9e russe, rapporte plusieurs m\u00e9dias ukrainiens dont <a href=\"https:\/\/kyivindependent.com\/ukraine-captures-kenyan-fighting-for-russia\/\" target=\"_blank\" rel=\"noreferrer nofollow noopener\">The Kyiv Independent<\/a>.<\/p>\n<p class=\"paragraph text_align_left lp-f-body-02\">Le service de presse de la 57e brigade motoris\u00e9e a <a href=\"https:\/\/www.youtube.com\/watch?v=LpTgtPD0qu4\" target=\"_blank\" rel=\"noreferrer nofollow noopener\">publi\u00e9 une interview<\/a> de cet athl\u00e8te d\u00e9nomm\u00e9 Evans ce jeudi. Dans cet extrait de neuf minutes, il assure n\u2019avoir jamais servi dans l\u2019arm\u00e9e auparavant et qu\u2019il s\u2019\u00e9tait retrouv\u00e9 dans <a href=\"https:\/\/www.leparisien.fr\/international\/ukraine\/poutine-affirme-que-100-000-militaires-participent-aux-exercices-militaires-russo-bielorusses-16-09-2025-RIFEYGFEBBE2XC6KGDQ23T45LM.php\" target=\"_blank\" rel=\"noreferrer nofollow noopener\">les rangs des Russes<\/a> par accident.<\/p>\n<p class=\"paragraph text_align_left lp-f-body-02\">Alors que son visa \u00e9tait sur le point d\u2019expirer et qu\u2019il se trouvait en vacances \u00e0 Saint-P\u00e9tersbourg, un \u00ab agent sportif \u00bb lui a dit qu\u2019il pouvait l\u2019aider. \u00ab Il m\u2019a demand\u00e9 si je voulais rester ici, et j\u2019ai dit oui. Il m\u2019a dit qu\u2019il pouvait m\u2019aider et qu\u2019il avait un emploi pour moi \u00bb, raconte Evans.<\/p>\n<p class=\"paragraph text_align_left lp-f-body-02\">\u00ab Apr\u00e8s avoir sign\u00e9, il a pris mon <a href=\"https:\/\/www.leparisien.fr\/societe\/passeport-carte-didentite-huit-conseils-pour-obtenir-vos-papiers-plus-rapidement-25-04-2023-YBHRBWBLAJBSLDBJXMGTL4PG44.php\" target=\"_blank\" rel=\"noreferrer nofollow noopener\">passeport<\/a> et mon t\u00e9l\u00e9phone, disant qu\u2019il me les rendrait. \u00c0 partir de ce moment-l\u00e0, d\u2019autres personnes sont venues me chercher. Elles m\u2019ont dit de monter dans la voiture \u00bb, explique l\u2019homme aux soldats ukrainiens.<\/p>\n<p class=\"paragraph text_align_left lp-f-body-02\">Il a ensuite \u00e9t\u00e9 conduit dans un camp militaire et s\u2019est rendu compte qu\u2019il venait d\u2019\u00eatre enr\u00f4l\u00e9 dans l\u2019arm\u00e9e russe. Si Evans a tent\u00e9 de faire comprendre qu\u2019il refusait ce travail, on lui a dit qu\u2019il n\u2019avait pas d\u2019autre choix. \u00ab Ils m\u2019ont dit que soit j\u2019allais me battre pour eux, soit je serais tu\u00e9. \u00bb<\/p>\n<p>\u00ab J\u2019ai err\u00e9 dans la for\u00eat \u00e0 la recherche de soldats ukrainiens \u00bb<\/p>\n<p class=\"paragraph text_align_left lp-f-body-02\">Apr\u00e8s une semaine d\u2019entra\u00eenement qui s\u2019est limit\u00e9e \u00e0 apprendre \u00e0 <a href=\"https:\/\/www.leparisien.fr\/international\/ukraine\/guerre-en-ukraine-larme-de-la-derniere-chance-cest-quoi-ces-munitions-anti-drones-de-556-mm-developpees-par-kiev-12-07-2025-M57FEFD2LBEWRCBOX72T4XFS34.php\" target=\"_blank\" rel=\"noreferrer nofollow noopener\">utiliser un fusil d\u2019assaut<\/a>, Evans a \u00e9t\u00e9 l\u00e2ch\u00e9 dans une zone de combats. \u00ab Ils m\u2019ont jet\u00e9 dans la for\u00eat, et c\u2019est l\u00e0 que je me suis enfui. J\u2019ai enlev\u00e9 tout leur \u00e9quipement militaire et je suis parti \u00bb, soutien l\u2019athl\u00e8te k\u00e9nyan.<\/p>\n<p class=\"paragraph text_align_left lp-f-body-02\">\u00ab J\u2019ai err\u00e9 dans la for\u00eat pendant deux jours, \u00e0 la recherche de soldats ukrainiens pr\u00eats \u00e0 me sauver la vie \u00bb, raconte-t-il. Il s\u2019est donc approch\u00e9 des positions des soldats de Kiev, les mains lev\u00e9es, et s\u2019est rendu.<\/p>\n<p class=\"paragraph text_align_left lp-f-body-02\">Selon lui, la plupart des soldats sous contrat de son unit\u00e9 \u00e9taient russes, bien qu\u2019il y ait aussi quelques bi\u00e9lorusses et tadjiks.<\/p>\n<p class=\"paragraph text_align_left lp-f-body-02\">Evans est loin d\u2019\u00eatre le premier Africain \u00e0 \u00eatre recrut\u00e9 par les Russes, soit par tromperie, soit par promesse de salaires \u00e9lev\u00e9s, pour rejoindre l\u2019arm\u00e9e. Depuis le d\u00e9but de l\u2019<a href=\"https:\/\/www.leparisien.fr\/international\/ukraine\/\" target=\"_blank\" rel=\"noreferrer nofollow noopener\">invasion russe \u00e0 grande \u00e9chelle<\/a>, les soldats ukrainiens ont captur\u00e9 des mercenaires de pays africains comme le Togo, le S\u00e9n\u00e9gal ou encore la Sierra Leone.<\/p>\n","protected":false},"excerpt":{"rendered":"Pris au pi\u00e8ge par l\u2019arm\u00e9e russe. Des soldats ukrainiens ont captur\u00e9 un K\u00e9nyan dans la r\u00e9gion de Kharkiv&hellip;\n","protected":false},"author":2,"featured_media":401469,"comment_status":"","ping_status":"","sticky":false,"template":"","format":"standard","meta":{"footnotes":""},"categories":[1591],"tags":[11,1887,14,12,1885,1886,132,220],"class_list":{"0":"post-401468","1":"post","2":"type-post","3":"status-publish","4":"format-standard","5":"has-post-thumbnail","7":"category-russie","8":"tag-actualites","9":"tag-federation-de-russie","10":"tag-international","11":"tag-news","12":"tag-russia","13":"tag-russian-federation","14":"tag-russie","15":"tag-ukraine"},"share_on_mastodon":{"url":"https:\/\/pubeurope.com\/@fr\/115228870164620273","error":""},"_links":{"self":[{"href":"https:\/\/www.europesays.com\/fr\/wp-json\/wp\/v2\/posts\/401468","targetHints":{"allow":["GET"]}}],"collection":[{"href":"https:\/\/www.europesays.com\/fr\/wp-json\/wp\/v2\/posts"}],"about":[{"href":"https:\/\/www.europesays.com\/fr\/wp-json\/wp\/v2\/types\/post"}],"author":[{"embeddable":true,"href":"https:\/\/www.europesays.com\/fr\/wp-json\/wp\/v2\/users\/2"}],"replies":[{"embeddable":true,"href":"https:\/\/www.europesays.com\/fr\/wp-json\/wp\/v2\/comments?post=401468"}],"version-history":[{"count":0,"href":"https:\/\/www.europesays.com\/fr\/wp-json\/wp\/v2\/posts\/401468\/revisions"}],"wp:featuredmedia":[{"embeddable":true,"href":"https:\/\/www.europesays.com\/fr\/wp-json\/wp\/v2\/media\/401469"}],"wp:attachment":[{"href":"https:\/\/www.europesays.com\/fr\/wp-json\/wp\/v2\/media?parent=401468"}],"wp:term":[{"taxonomy":"category","embeddable":true,"href":"https:\/\/www.europesays.com\/fr\/wp-json\/wp\/v2\/categories?post=401468"},{"taxonomy":"post_tag","embeddable":true,"href":"https:\/\/www.europesays.com\/fr\/wp-json\/wp\/v2\/tags?post=401468"}],"curies":[{"name":"wp","href":"https:\/\/api.w.org\/{rel}","templated":true}]}}