{"id":401470,"date":"2025-09-19T03:36:26","date_gmt":"2025-09-19T03:36:26","guid":{"rendered":"https:\/\/www.europesays.com\/fr\/401470\/"},"modified":"2025-09-19T03:36:26","modified_gmt":"2025-09-19T03:36:26","slug":"enfants-ukrainiens-deportes-un-endoctrinement-industriel","status":"publish","type":"post","link":"https:\/\/www.europesays.com\/fr\/401470\/","title":{"rendered":"Enfants ukrainiens d\u00e9port\u00e9s : un endoctrinement \u00ab\u00a0industriel\u00a0\u00bb"},"content":{"rendered":"<p>\n  Par&amp;nbsp<b>euronews<\/b>\n<\/p>\n<p>\n                    Publi\u00e9 le                 18\/09\/2025 &#8211; 16:08 UTC+2<br \/>\n                \u2022Mis \u00e0 jour<br \/>\n                                     16:14\n                                        <\/p>\n<p>          <img decoding=\"async\" class=\"c-ad__placeholder__logo\" src=\"https:\/\/static.euronews.com\/website\/images\/logos\/logo-euronews-stacked-outlined-72x72-grey-9.svg\" width=\"72\" height=\"72\" alt=\"\" loading=\"lazy\"\/><br \/>\n          PUBLICIT\u00c9<\/p>\n<p>La derni\u00e8re enqu\u00eate men\u00e9e par le Laboratoire de recherche humanitaire de l&rsquo;\u00c9cole de sant\u00e9 publique de Yale (HRL) r\u00e9v\u00e8le l'\u00a0\u00bbapproche industrielle\u00a0\u00bb de la Russie dans l&rsquo;endoctrinement des enfants ukrainiens d\u00e9port\u00e9s. <\/p>\n<p>\u00ab\u00a0L&rsquo;approche de la Russie pour laver le cerveau des enfants ukrainiens est semblable \u00e0 celle utilis\u00e9e pour d\u00e9velopper son complexe militaro-industriel\u00a0\u00bb, a confi\u00e9 une source ukrainienne, sous le couvert d&rsquo;anonymat, interrog\u00e9e dans le cadre de cette enqu\u00eate. <\/p>\n<p>Le rapport de la HRL pr\u00e9cise que les enfants ukrainiens, d\u00e9port\u00e9s de force par les troupes russes ont \u00e9t\u00e9 emmen\u00e9s dans <a href=\"https:\/\/fr.euronews.com\/2025\/09\/16\/enfants-ukrainiens-deportes-au-moins-210-installations-en-russie\" rel=\"nofollow noopener\" target=\"_blank\"><strong>au moins 210 \u00e9tablissements<\/strong><\/a> en Russie et dans le territoire temporairement occup\u00e9 de l&rsquo;Ukraine depuis f\u00e9vrier 2022.<\/p>\n<p><strong>Les chercheurs, comme les autorit\u00e9s ukrainiennes, estiment toutefois que ce chiffre est probablement sous-\u00e9valu\u00e9<\/strong>, car le suivi devient impossible une fois les enfants d\u00e9plac\u00e9s en Russie.<\/p>\n<p>Des sources proches de l\u2019enqu\u00eate affirment que les autorit\u00e9s russes m\u00e9langent volontairement enfants ukrainiens et russes, de sorte que \u00ab\u00a0dans certaines institutions mentionn\u00e9es dans le rapport de Yale, la proportion d&rsquo;enfants ukrainiens soit pr\u00e9dominante ou au moins significative\u00a0\u00bb. Dans certaines r\u00e9gions recul\u00e9es de Russie, on compte ainsi \u00ab\u00a0cinq enfants ukrainiens pour 25 ou 100 enfants russes\u00a0\u00bb.<\/p>\n<p>Endoctrinement et militarisation<\/p>\n<p>La grande majorit\u00e9 de ces enfants seraient soumis \u00e0 un endoctrinement et \u00e0 une militarisation forc\u00e9e.<\/p>\n<p>Parmi les 210 sites recens\u00e9s par la HRL, le \u00ab\u00a0All-Russian Children&rsquo;s Centre Change\u00a0\u00bb dans le kra\u00ef de Krasnodar &#8211; cr\u00e9\u00e9 et g\u00e9r\u00e9 par le minist\u00e8re russe de l&rsquo;\u00c9ducation &#8211; abrite au moins six programmes de camps accueillant des enfants venus de toute la Russie et des territoires occup\u00e9s. Selon le rapport, les enfants ukrainiens ont \u00e9t\u00e9 contraints de participer \u00e0 des entra\u00eenements portant sur l\u2019usage d\u2019\u00e9quipements militaires destin\u00e9s aux forces russes.<\/p>\n<p>Le HRL a \u00e9galement enqu\u00eat\u00e9 sur le \u00ab\u00a0Snigiri Young Patriot Centre\u00a0\u00bb, ouvert en juillet 2023 pr\u00e8s de Moscou, au sein d\u2019un complexe relevant de l\u2019administration pr\u00e9sidentielle. Officiellement destin\u00e9 \u00e0 \u00ab\u00a0r\u00e9\u00e9duquer\u00a0\u00bb les enfants ukrainiens, ce centre organise des activit\u00e9s paramilitaires. Des publications sur les r\u00e9seaux sociaux montrent des groupes d\u2019enfants en \u00ab\u00a0pelotons\u00a0\u00bb, arm\u00e9s et \u00e9quip\u00e9s de masques \u00e0 gaz.<\/p>\n<p>Selon les autorit\u00e9s ukrainiennes, les enfants sont contraints de suivre ces programmes et sont punis en cas de d\u00e9sob\u00e9issance. Euronews a par ailleurs recens\u00e9 des cas de coups, d\u2019enfermements dans des sous-sols ou de menaces d\u2019internement psychiatrique.<\/p>\n<p>Ce n\u2019est pas la premi\u00e8re fois que le HRL documente l\u2019usage d\u2019infrastructures pr\u00e9sidentielles pour transporter et loger des enfants ukrainiens d\u00e9port\u00e9s. \u00ab\u00a0L&rsquo;utilisation explicite de biens pr\u00e9sidentiels pour la r\u00e9\u00e9ducation et l&rsquo;entra\u00eenement militaire d&rsquo;enfants ukrainiens souligne encore davantage l&rsquo;implication centrale du gouvernement f\u00e9d\u00e9ral dans toutes les op\u00e9rations li\u00e9es \u00e0 la d\u00e9portation, \u00e0 la &lsquo;r\u00e9\u00e9ducation&rsquo;, \u00e0 l&rsquo;adoption et au placement d&rsquo;enfants ukrainiens\u00a0\u00bb, souligne la source ukrainienne anonyme. <\/p>\n<p>Selon elle, les m\u00eames m\u00e9thodes d\u2019endoctrinement et de menaces sont utilis\u00e9es dans les territoires occup\u00e9s, o\u00f9 les parents sont r\u00e9guli\u00e8rement menac\u00e9s de perdre leurs enfants s\u2019ils ne \u00ab\u00a0se comportent pas comme des Russes ob\u00e9issants \u00e0 l\u2019\u00e9cole\u00a0\u00bb.<\/p>\n<p><strong>Le combat de Kyiv pour ses enfants<\/strong><\/p>\n<p>Pour l\u2019Ukraine, le retour des enfants d\u00e9port\u00e9s constitue une ligne rouge incontournable dans toute perspective de n\u00e9gociation.<\/p>\n<p>Kyiv a remis \u00e0 Moscou une liste de plus de 300 enfants lors des pourparlers d\u2019Istanbul en juin dernier, sans r\u00e9ponse. Le gouvernement ukrainien saisit chaque occasion pour \u00e9voquer cette question et <a href=\"https:\/\/fr.euronews.com\/2025\/08\/20\/les-etats-unis-et-lunion-europeenne-vont-faire-pression-pour-obtenir-le-retour-des-enfants\" rel=\"nofollow noopener\" target=\"_blank\"><strong>mobiliser ses partenaires occidentaux<\/strong><\/a>. <\/p>\n<p>\u00ab\u00a0Kyiv soul\u00e8ve cette question dans diff\u00e9rents forums au plus haut niveau, en commen\u00e7ant par le pr\u00e9sident, puis la premi\u00e8re dame, le chef du cabinet du pr\u00e9sident, le ministre des affaires \u00e9trang\u00e8res, etc.\u00a0\u00bb, rappelle la source anonyme. <\/p>\n<p>\u00ab\u00a0Nos principaux partenaires sont tous convaincus que l&rsquo;enl\u00e8vement d&rsquo;enfants est moralement inacceptable. Personne ne pense que c&rsquo;est acceptable. C&rsquo;est pourquoi, pour l&rsquo;Ukraine, la guerre n&rsquo;est pas seulement une question de territoire. C&rsquo;est une guerre pour notre peuple et le retour de notre peuple. C&rsquo;est une partie tr\u00e8s importante et int\u00e9grale d&rsquo;une fin juste de la guerre\u00a0\u00bb, poursuit-elle. <\/p>\n<p>Le rapport de Yale recense les situations les plus complexes : enfants s\u00e9par\u00e9s de force de leurs parents dans les zones de front d\u00e8s le d\u00e9but de l\u2019invasion, tout-petits enlev\u00e9s par des fonctionnaires prorusses dans les camps de filtration de Marioupol au printemps 2022.<\/p>\n<p>Selon leur \u00e2ge, le processus de retour peut s&rsquo;av\u00e9rer tr\u00e8s compliqu\u00e9. \u00ab\u00a0Si nous parlons d&rsquo;adolescents, ils sont d\u00e9j\u00e0 un peu form\u00e9s, et ils comprennent ce qui leur est arriv\u00e9, ce qui leur arrive, ils ont une certaine m\u00e9moire, ils s&rsquo;identifient un peu . S&rsquo;il s&rsquo;agit d&rsquo;un enfant, qui avait moins de trois ans lorsque la d\u00e9portation a eu lieu, il ne se souvient de rien et il y a une complication suppl\u00e9mentaire : il est d\u00e9j\u00e0 \u00e9t\u00e9 transform\u00e9\u00a0\u00bb, conclut la source. <\/p>\n","protected":false},"excerpt":{"rendered":"Par&amp;nbspeuronews Publi\u00e9 le 18\/09\/2025 &#8211; 16:08 UTC+2 \u2022Mis \u00e0 jour 16:14 PUBLICIT\u00c9 La derni\u00e8re enqu\u00eate men\u00e9e par le&hellip;\n","protected":false},"author":2,"featured_media":401471,"comment_status":"","ping_status":"","sticky":false,"template":"","format":"standard","meta":{"footnotes":""},"categories":[1590],"tags":[11,28663,1777,674,131,2025,12,220],"class_list":{"0":"post-401470","1":"post","2":"type-post","3":"status-publish","4":"format-standard","5":"has-post-thumbnail","7":"category-ukraine","8":"tag-actualites","9":"tag-deportation","10":"tag-eu","11":"tag-europe","12":"tag-guerre-en-ukraine","13":"tag-invasion-de-la-russie-en-ukraine","14":"tag-news","15":"tag-ukraine"},"share_on_mastodon":{"url":"https:\/\/pubeurope.com\/@fr\/115228874074403657","error":""},"_links":{"self":[{"href":"https:\/\/www.europesays.com\/fr\/wp-json\/wp\/v2\/posts\/401470","targetHints":{"allow":["GET"]}}],"collection":[{"href":"https:\/\/www.europesays.com\/fr\/wp-json\/wp\/v2\/posts"}],"about":[{"href":"https:\/\/www.europesays.com\/fr\/wp-json\/wp\/v2\/types\/post"}],"author":[{"embeddable":true,"href":"https:\/\/www.europesays.com\/fr\/wp-json\/wp\/v2\/users\/2"}],"replies":[{"embeddable":true,"href":"https:\/\/www.europesays.com\/fr\/wp-json\/wp\/v2\/comments?post=401470"}],"version-history":[{"count":0,"href":"https:\/\/www.europesays.com\/fr\/wp-json\/wp\/v2\/posts\/401470\/revisions"}],"wp:featuredmedia":[{"embeddable":true,"href":"https:\/\/www.europesays.com\/fr\/wp-json\/wp\/v2\/media\/401471"}],"wp:attachment":[{"href":"https:\/\/www.europesays.com\/fr\/wp-json\/wp\/v2\/media?parent=401470"}],"wp:term":[{"taxonomy":"category","embeddable":true,"href":"https:\/\/www.europesays.com\/fr\/wp-json\/wp\/v2\/categories?post=401470"},{"taxonomy":"post_tag","embeddable":true,"href":"https:\/\/www.europesays.com\/fr\/wp-json\/wp\/v2\/tags?post=401470"}],"curies":[{"name":"wp","href":"https:\/\/api.w.org\/{rel}","templated":true}]}}